{"id":113153,"date":"2018-05-22T15:19:50","date_gmt":"2018-05-22T18:19:50","guid":{"rendered":"https:\/\/senoticias.com.br\/se\/?p=113153"},"modified":"2018-05-22T15:22:16","modified_gmt":"2018-05-22T18:22:16","slug":"prefeitura-de-aracaju-abre-vagas-para-a-educacao-de-jovens-e-adultos-eja","status":"publish","type":"post","link":"https:\/\/senoticias.com.br\/se\/prefeitura-de-aracaju-abre-vagas-para-a-educacao-de-jovens-e-adultos-eja\/","title":{"rendered":"Prefeitura de Aracaju abre vagas para a Educa\u00e7\u00e3o de Jovens e Adultos (EJA)"},"content":{"rendered":"<p style=\"text-align: justify\"><span style=\"color: #000000\">Jovens e adultos que desejam concluir ou iniciar o ensino fundamental t\u00eam agora mais uma op\u00e7\u00e3o. A Secretaria Municipal da Educa\u00e7\u00e3o (Semed) ofertar\u00e1, para este ano, duas turmas do Ensino de Jovens e Adultos (EJA) no turno vespertino. As aulas acontecer\u00e3o na Escola Municipal de Ensino Fundamental (Emef) Professor Jos\u00e9 Ant\u00f4nio da Costa Melo, localizada no bairro Get\u00falio Vargas. A iniciativa \u00e9 uma inova\u00e7\u00e3o na rede, que ofertava turmas para esta modalidade apenas no hor\u00e1rio da noite.<\/span><\/p>\n<div id=\"attachment_113152\" style=\"width: 609px\" class=\"wp-caption aligncenter\"><a href=\"https:\/\/senoticias.com.br\/se\/wp-content\/uploads\/2018\/05\/projeto__coart_na_emef_jaime_araujo_fotos_walter_martins_20.jpg\"><img loading=\"lazy\" decoding=\"async\" aria-describedby=\"caption-attachment-113152\" class=\"wp-image-113152 size-full\" src=\"https:\/\/senoticias.com.br\/se\/wp-content\/uploads\/2018\/05\/projeto__coart_na_emef_jaime_araujo_fotos_walter_martins_20-e1527012841209.jpg\" alt=\"\" width=\"599\" height=\"399\" \/><\/a><p id=\"caption-attachment-113152\" class=\"wp-caption-text\">50 vagas ser\u00e3o ofertadas para o turno vespertino. Foto: Walter Martins\/Semed<\/p><\/div>\n<p style=\"text-align: justify\"><span style=\"color: #000000\">As matr\u00edculas j\u00e1 est\u00e3o abertas e podem ser feitas at\u00e9 o pr\u00f3ximo dia 31 de maio e a previs\u00e3o para o in\u00edcio das aulas \u00e9 no dia 4 de junho. Uma turma ser\u00e1 disponibilizada para os estudantes que n\u00e3o conclu\u00edram o primeiro, segundo e terceiro ano do ensino fundamental menor. J\u00e1 a segunda turma \u00e9 para aqueles que querem concluir o quarto e quinto ano. Podem se matricular estudantes maiores de 15 anos de idade. Ao todo, s\u00e3o ofertadas 50 vagas.<\/span><\/p>\n<p style=\"text-align: justify\"><span style=\"color: #000000\">Para a diretora da Emef, Itamara Leite, a iniciativa dar\u00e1 mais oportunidade a quem deseja continuar os estudos. \u201cExistia essa necessidade de abertura de mais turmas e decidimos colocar no turno da tarde porque existem jovens que os pais n\u00e3o deixam estudar \u00e0 noite, por exemplo, ent\u00e3o, com isso, eles ter\u00e3o essa op\u00e7\u00e3o do turno vespertino. Aqui na escola temos espa\u00e7o adequado para oferecer e isso trar\u00e1 mais oportunidade para todos\u201d, afirma.<\/span><\/p>\n<p style=\"text-align: justify\"><strong><span style=\"color: #000000\">Matr\u00edcula online<\/span><\/strong><\/p>\n<p style=\"text-align: justify\"><span style=\"color: #000000\">Desde o in\u00edcio do ano letivo de 2018, todas as matr\u00edculas realizadas na rede municipal de ensino de Aracaju s\u00e3o feitas exclusivamente online. Os interessados em se matricular nas turmas do EJA devem acessar o portal www.aracaju.se.gov.br\/matriculaonline e selecionar a op\u00e7\u00e3o &#8216;vagas remanescentes&#8217;. Ap\u00f3s colocar os dados pessoais, o aluno deve selecionar, primeiramente, o bairro Get\u00falio Vargas e ap\u00f3s isso, a Emef Jos\u00e9 Ant\u00f4nio Costa Melo, escolhendo a modalidade EJA.<\/span><\/p>\n<p style=\"text-align: justify\"><span style=\"color: #000000\">Ap\u00f3s concluir o processo pelo site, o estudante ou respons\u00e1vel deve levar os documentos at\u00e9 a escola para confirmar a matr\u00edcula. A inscri\u00e7\u00e3o tamb\u00e9m pode ser feita por meio do aplicativo Matr\u00edcula Aracaju.<\/span><\/p>\n<p>&nbsp;<\/p>\n<p><a href=\"https:\/\/senoticias.com.br\/se\/wp-content\/uploads\/2018\/05\/Logomarca-fone-SE-4-2-1-1.jpg\"><img loading=\"lazy\" decoding=\"async\" class=\"aligncenter wp-image-113061 size-full\" src=\"https:\/\/senoticias.com.br\/se\/wp-content\/uploads\/2018\/05\/Logomarca-fone-SE-4-2-1-1.jpg\" alt=\"\" width=\"599\" height=\"78\" srcset=\"https:\/\/senoticias.com.br\/se\/wp-content\/uploads\/2018\/05\/Logomarca-fone-SE-4-2-1-1.jpg 599w, https:\/\/senoticias.com.br\/se\/wp-content\/uploads\/2018\/05\/Logomarca-fone-SE-4-2-1-1-300x39.jpg 300w\" sizes=\"(max-width: 599px) 100vw, 599px\" \/><\/a><\/p>\n<p>Por Ag\u00eancia Aracaju de Not\u00edcias<\/p>\n","protected":false},"excerpt":{"rendered":"<p>Jovens e adultos que desejam concluir ou iniciar o ensino fundamental t\u00eam agora mais uma op\u00e7\u00e3o. A Secretaria Municipal da Educa\u00e7\u00e3o (Semed) ofertar\u00e1, para este ano, duas turmas do Ensino de Jovens e Adultos (EJA) no turno vespertino. As aulas acontecer\u00e3o na Escola Municipal de Ensino Fundamental (Emef) Professor Jos\u00e9 Ant\u00f4nio da Costa Melo, localizada [&hellip;]<\/p>\n","protected":false},"author":6553,"featured_media":0,"comment_status":"closed","ping_status":"closed","sticky":false,"template":"","format":"standard","meta":{"footnotes":""},"categories":[15,10,38],"tags":[5264,339,1306,5348,9893,3634,8335,2884,223,3028],"class_list":{"0":"post-113153","1":"post","2":"type-post","3":"status-publish","4":"format-standard","6":"category-destaques","7":"category-empregos","8":"category-municipios","9":"tag-adultos","10":"tag-aracaju","11":"tag-educacao","12":"tag-eja","13":"tag-ensino","14":"tag-jovens","15":"tag-matricula","16":"tag-prefeitura","17":"tag-sergipe","18":"tag-vagas"},"_links":{"self":[{"href":"https:\/\/senoticias.com.br\/se\/wp-json\/wp\/v2\/posts\/113153"}],"collection":[{"href":"https:\/\/senoticias.com.br\/se\/wp-json\/wp\/v2\/posts"}],"about":[{"href":"https:\/\/senoticias.com.br\/se\/wp-json\/wp\/v2\/types\/post"}],"author":[{"embeddable":true,"href":"https:\/\/senoticias.com.br\/se\/wp-json\/wp\/v2\/users\/6553"}],"replies":[{"embeddable":true,"href":"https:\/\/senoticias.com.br\/se\/wp-json\/wp\/v2\/comments?post=113153"}],"version-history":[{"count":0,"href":"https:\/\/senoticias.com.br\/se\/wp-json\/wp\/v2\/posts\/113153\/revisions"}],"wp:attachment":[{"href":"https:\/\/senoticias.com.br\/se\/wp-json\/wp\/v2\/media?parent=113153"}],"wp:term":[{"taxonomy":"category","embeddable":true,"href":"https:\/\/senoticias.com.br\/se\/wp-json\/wp\/v2\/categories?post=113153"},{"taxonomy":"post_tag","embeddable":true,"href":"https:\/\/senoticias.com.br\/se\/wp-json\/wp\/v2\/tags?post=113153"}],"curies":[{"name":"wp","href":"https:\/\/api.w.org\/{rel}","templated":true}]}}