{"id":113150,"date":"2018-05-22T15:25:40","date_gmt":"2018-05-22T18:25:40","guid":{"rendered":"https:\/\/senoticias.com.br\/se\/?p=113150"},"modified":"2018-05-22T15:28:09","modified_gmt":"2018-05-22T18:28:09","slug":"justica-restringe-a-circulacao-de-automoveis-na-praia-do-saco","status":"publish","type":"post","link":"https:\/\/senoticias.com.br\/se\/justica-restringe-a-circulacao-de-automoveis-na-praia-do-saco\/","title":{"rendered":"Justi\u00e7a Federal restringe a circula\u00e7\u00e3o de autom\u00f3veis na Praia do Saco"},"content":{"rendered":"<p>&nbsp;<\/p>\n<p style=\"text-align: justify;\">Ap\u00f3s a\u00e7\u00e3o civil p\u00fablica do Minist\u00e9rio P\u00fablico Federal em Sergipe (MPF\/SE), a 7\u00aa Vara da Justi\u00e7a Federal concedeu liminar que pro\u00edbe a circula\u00e7\u00e3o de ve\u00edculos automotores e do uso de equipamentos de som com alta pot\u00eancia (pared\u00f5es) na Praia do Saco. A decis\u00e3o define a responsabilidade de fiscaliza\u00e7\u00e3o e sinaliza\u00e7\u00e3o da regi\u00e3o, a fim de evitar o descumprimento da ordem judicial.<\/p>\n<div id=\"attachment_113154\" style=\"width: 542px\" class=\"wp-caption aligncenter\"><a href=\"https:\/\/senoticias.com.br\/se\/wp-content\/uploads\/2018\/05\/Praia-do-Saco-SE-Noticias.jpg\"><img loading=\"lazy\" decoding=\"async\" aria-describedby=\"caption-attachment-113154\" class=\"size-full wp-image-113154\" src=\"https:\/\/senoticias.com.br\/se\/wp-content\/uploads\/2018\/05\/Praia-do-Saco-SE-Noticias.jpg\" alt=\"\" width=\"532\" height=\"377\" srcset=\"https:\/\/senoticias.com.br\/se\/wp-content\/uploads\/2018\/05\/Praia-do-Saco-SE-Noticias.jpg 532w, https:\/\/senoticias.com.br\/se\/wp-content\/uploads\/2018\/05\/Praia-do-Saco-SE-Noticias-300x213.jpg 300w\" sizes=\"(max-width: 532px) 100vw, 532px\" \/><\/a><p id=\"caption-attachment-113154\" class=\"wp-caption-text\">Decis\u00e3o judicial determina a proibi\u00e7\u00e3o da circula\u00e7\u00e3o de autom\u00f3veis n\u00e3o autorizados e do uso de \u201cpared\u00f5es\u201d na faixa de areia (foto: arquivo\/SE Not\u00edcias<\/p><\/div>\n<p style=\"text-align: justify;\">S\u00e3o r\u00e9us no processo a Prefeitura do Munic\u00edpio de Est\u00e2ncia e o Governo do Estado de Sergipe atrav\u00e9s da Administra\u00e7\u00e3o Estadual do Meio Ambiente (Adema). Na a\u00e7\u00e3o, o MPF\/SE pediu que os citados atuem em conjunto para fiscalizar a \u00e1rea, bem como adotem medidas que evitem o tr\u00e2nsito de ve\u00edculos n\u00e3o autorizados na faixa de areia e o uso dos equipamentos de som.<\/p>\n<p style=\"text-align: justify;\"><strong>Provid\u00eancias \u2013<\/strong> Com o deferimento dos pedidos, cabe agora \u00e0 Prefeitura de Est\u00e2ncia a sinaliza\u00e7\u00e3o da \u00e1rea com tr\u00e1fego e estacionamento proibidos, com placas de no m\u00ednimo dois metros de altura. Cabe tamb\u00e9m a instala\u00e7\u00e3o de barreiras f\u00edsicas que impe\u00e7am o acesso de ve\u00edculos sem autoriza\u00e7\u00e3o \u00e0 faixa de areia. A decis\u00e3o tamb\u00e9m prev\u00ea a fiscaliza\u00e7\u00e3o, bem como a poss\u00edvel autua\u00e7\u00e3o, apreens\u00e3o ou aplica\u00e7\u00e3o de multa aos descumpridores da legisla\u00e7\u00e3o. A administra\u00e7\u00e3o municipal deve ainda apresentar mensalmente o andamento de tais a\u00e7\u00f5es, sob pena de multa di\u00e1ria de R$ 1 mil, caso a determina\u00e7\u00e3o seja descumprida.<\/p>\n<p style=\"text-align: justify;\">\u00c0 Adema cabe prestar coopera\u00e7\u00e3o t\u00e9cnica na regi\u00e3o, desenvolvendo estudos e projetos que possam aprimorar a fiscaliza\u00e7\u00e3o e o licenciamento ambiental. O \u00f3rg\u00e3o assume tamb\u00e9m a fun\u00e7\u00e3o de exigir o Relat\u00f3rio de Auditoria Ambiental dos empreendimentos licenciados pelo munic\u00edpio na regi\u00e3o. Al\u00e9m disso, a Adema dever\u00e1 prestar treinamento aos t\u00e9cnicos do munic\u00edpio de Est\u00e2ncia sobre os aspectos legais e administrativos do licenciamento de empreendimentos e seus impactos locais diretos.<\/p>\n<p>A a\u00e7\u00e3o tramita na Justi\u00e7a Federal com o n\u00famero 0800042-20.2015.4.05.8502<\/p>\n<p>&nbsp;<\/p>\n<p>&nbsp;<\/p>\n<p><a href=\"https:\/\/senoticias.com.br\/se\/wp-content\/uploads\/2018\/05\/Logomarca-fone-SE-4-2-1-1.jpg\"><img loading=\"lazy\" decoding=\"async\" class=\"aligncenter size-full wp-image-113061\" src=\"https:\/\/senoticias.com.br\/se\/wp-content\/uploads\/2018\/05\/Logomarca-fone-SE-4-2-1-1.jpg\" alt=\"\" width=\"599\" height=\"78\" srcset=\"https:\/\/senoticias.com.br\/se\/wp-content\/uploads\/2018\/05\/Logomarca-fone-SE-4-2-1-1.jpg 599w, https:\/\/senoticias.com.br\/se\/wp-content\/uploads\/2018\/05\/Logomarca-fone-SE-4-2-1-1-300x39.jpg 300w\" sizes=\"(max-width: 599px) 100vw, 599px\" \/><\/a><\/p>\n<p>&nbsp;<\/p>\n<p><em><strong>Acompanhe tamb\u00e9m o SE Not\u00edcias no<\/strong><span class=\"apple-converted-space\"><b>\u00a0<\/b><\/span><a href=\"https:\/\/twitter.com\/Senoticias\" target=\"_blank\" rel=\"noopener\"><b>Twitter<\/b><\/a><strong>,<\/strong><span class=\"apple-converted-space\"><b>\u00a0<\/b><\/span><a href=\"https:\/\/www.facebook.com\/senoticias1\" target=\"_blank\" rel=\"noopener\"><b>Facebook<\/b><span class=\"apple-converted-space\"><b>\u00a0<\/b><\/span><\/a><strong>e no<\/strong><span class=\"apple-converted-space\"><b>\u00a0<\/b><\/span><a href=\"https:\/\/www.instagram.com\/senoticias\/\" target=\"_blank\" rel=\"noopener\"><b>Instagram<\/b><\/a><\/em><\/p>\n<p><strong><em>Assessoria de Comunica\u00e7\u00e3o<\/em><\/strong><br \/>\n<strong><em>Minist\u00e9rio P\u00fablico Federal em Sergipe<\/em><\/strong><\/p>\n","protected":false},"excerpt":{"rendered":"<p>&nbsp; Ap\u00f3s a\u00e7\u00e3o civil p\u00fablica do Minist\u00e9rio P\u00fablico Federal em Sergipe (MPF\/SE), a 7\u00aa Vara da Justi\u00e7a Federal concedeu liminar que pro\u00edbe a circula\u00e7\u00e3o de ve\u00edculos automotores e do uso de equipamentos de som com alta pot\u00eancia (pared\u00f5es) na Praia do Saco. A decis\u00e3o define a responsabilidade de fiscaliza\u00e7\u00e3o e sinaliza\u00e7\u00e3o da regi\u00e3o, a fim [&hellip;]<\/p>\n","protected":false},"author":6552,"featured_media":113154,"comment_status":"closed","ping_status":"closed","sticky":false,"template":"","format":"standard","meta":{"footnotes":""},"categories":[15,38],"tags":[3488,9894,4654,6244,659],"class_list":{"0":"post-113150","1":"post","2":"type-post","3":"status-publish","4":"format-standard","5":"has-post-thumbnail","7":"category-destaques","8":"category-municipios","9":"tag-adema","10":"tag-administracao-estadual-do-meio-ambiente","11":"tag-justica-federal","12":"tag-ministerio-publico-federal-em-sergipe","13":"tag-prefeitura-de-estancia"},"_links":{"self":[{"href":"https:\/\/senoticias.com.br\/se\/wp-json\/wp\/v2\/posts\/113150"}],"collection":[{"href":"https:\/\/senoticias.com.br\/se\/wp-json\/wp\/v2\/posts"}],"about":[{"href":"https:\/\/senoticias.com.br\/se\/wp-json\/wp\/v2\/types\/post"}],"author":[{"embeddable":true,"href":"https:\/\/senoticias.com.br\/se\/wp-json\/wp\/v2\/users\/6552"}],"replies":[{"embeddable":true,"href":"https:\/\/senoticias.com.br\/se\/wp-json\/wp\/v2\/comments?post=113150"}],"version-history":[{"count":0,"href":"https:\/\/senoticias.com.br\/se\/wp-json\/wp\/v2\/posts\/113150\/revisions"}],"wp:featuredmedia":[{"embeddable":true,"href":"https:\/\/senoticias.com.br\/se\/wp-json\/wp\/v2\/media\/113154"}],"wp:attachment":[{"href":"https:\/\/senoticias.com.br\/se\/wp-json\/wp\/v2\/media?parent=113150"}],"wp:term":[{"taxonomy":"category","embeddable":true,"href":"https:\/\/senoticias.com.br\/se\/wp-json\/wp\/v2\/categories?post=113150"},{"taxonomy":"post_tag","embeddable":true,"href":"https:\/\/senoticias.com.br\/se\/wp-json\/wp\/v2\/tags?post=113150"}],"curies":[{"name":"wp","href":"https:\/\/api.w.org\/{rel}","templated":true}]}}