{"id":113128,"date":"2018-05-21T14:53:20","date_gmt":"2018-05-21T17:53:20","guid":{"rendered":"https:\/\/senoticias.com.br\/se\/?p=113128"},"modified":"2018-05-22T13:44:01","modified_gmt":"2018-05-22T16:44:01","slug":"emsurb-realiza-servicos-de-manutencao-em-banheiros-do-parque-da-sementeira","status":"publish","type":"post","link":"https:\/\/senoticias.com.br\/se\/emsurb-realiza-servicos-de-manutencao-em-banheiros-do-parque-da-sementeira\/","title":{"rendered":"Emsurb realiza servi\u00e7os de manuten\u00e7\u00e3o em banheiros do Parque da Sementeira"},"content":{"rendered":"<p style=\"text-align: justify\"><span style=\"color: #000000\">Proporcionar bem-estar para os aracajuanos. Com esse objetivo, a Prefeitura de Aracaju, por meio da Empresa Municipal de Servi\u00e7os Urbanos (Emsurb), deu in\u00edcio aos servi\u00e7os de manuten\u00e7\u00e3o dos tr\u00eas m\u00f3dulos de banheiros de um dos pontos tur\u00edsticos da cidade: o Parque Governador Augusto Franco, mais conhecido como Parque da Sementeira, na zona Sul da capital.<\/span><\/p>\n<div id=\"attachment_113129\" style=\"width: 609px\" class=\"wp-caption aligncenter\"><a href=\"https:\/\/senoticias.com.br\/se\/wp-content\/uploads\/2018\/05\/20180521_emsurb_manutencao_nos_sanitarios_do_parque_augusto_franco_3.jpg\"><img loading=\"lazy\" decoding=\"async\" aria-describedby=\"caption-attachment-113129\" class=\"wp-image-113129 size-full\" src=\"https:\/\/senoticias.com.br\/se\/wp-content\/uploads\/2018\/05\/20180521_emsurb_manutencao_nos_sanitarios_do_parque_augusto_franco_3-e1526925124584.jpg\" alt=\"\" width=\"599\" height=\"399\" \/><\/a><p id=\"caption-attachment-113129\" class=\"wp-caption-text\">Foto: Marcos Rodrigues<\/p><\/div>\n<p style=\"text-align: justify\"><span style=\"color: #000000\">Nesta segunda-feira, 21, foi realizada a troca das l\u00e2mpadas dos banheiros masculino e feminino do primeiro m\u00f3dulo, localizado nas proximidades do lago. Ser\u00e3o executados, nos pr\u00f3ximos dias, os servi\u00e7os de revis\u00e3o da rede el\u00e9trica, reparos no telhado, substitui\u00e7\u00e3o de portas, e demais acess\u00f3rios sanit\u00e1rios que estejam danificados. Al\u00e9m disso, um dos m\u00f3dulos ser\u00e1 adaptado para pessoas com defici\u00eancia f\u00edsica.<\/span><\/p>\n<p style=\"text-align: justify\"><span style=\"color: #000000\">\u201cO nosso objetivo \u00e9 melhorar as condi\u00e7\u00f5es do parque, que j\u00e1 se consolidou como op\u00e7\u00e3o de lazer para os aracajuanos, para que se torne mais bonito e atrativo para a pr\u00e1tica de atividades f\u00edsicas e contato com a natureza\u201d, afirmou a coordenadora do Parque, Maria Arcieri.<\/span><\/p>\n<p style=\"text-align: justify\"><span style=\"color: #000000\">A coordenadora acrescentou ainda que, no m\u00eas de abril, foi realizada a troca de todas as l\u00e2mpadas queimadas dos postes de concreto e dos postes galvanizados na \u00e1rea interna do parque, al\u00e9m da manuten\u00e7\u00e3o das \u00e1reas verdes, que \u00e9 feita diariamente.<\/span><\/p>\n<p>&nbsp;<\/p>\n<p><a href=\"https:\/\/senoticias.com.br\/se\/wp-content\/uploads\/2018\/05\/Logomarca-fone-SE-4-2-1-1.jpg\"><img loading=\"lazy\" decoding=\"async\" class=\"wp-image-113061 size-full aligncenter\" src=\"https:\/\/senoticias.com.br\/se\/wp-content\/uploads\/2018\/05\/Logomarca-fone-SE-4-2-1-1.jpg\" alt=\"\" width=\"599\" height=\"78\" srcset=\"https:\/\/senoticias.com.br\/se\/wp-content\/uploads\/2018\/05\/Logomarca-fone-SE-4-2-1-1.jpg 599w, https:\/\/senoticias.com.br\/se\/wp-content\/uploads\/2018\/05\/Logomarca-fone-SE-4-2-1-1-300x39.jpg 300w\" sizes=\"(max-width: 599px) 100vw, 599px\" \/><\/a><\/p>\n<p><em><strong>Acompanhe tamb\u00e9m o SE Not\u00edcias no<\/strong><span class=\"apple-converted-space\"><b>\u00a0<\/b><\/span><a href=\"https:\/\/twitter.com\/Senoticias\" target=\"_blank\" rel=\"noopener\"><b>Twitter<\/b><\/a><strong>,<\/strong><span class=\"apple-converted-space\"><b>\u00a0<\/b><\/span><a href=\"https:\/\/www.facebook.com\/senoticias1\" target=\"_blank\" rel=\"noopener\"><b>Facebook<\/b><span class=\"apple-converted-space\"><b>\u00a0<\/b><\/span><\/a><strong>e no<\/strong><span class=\"apple-converted-space\"><b>\u00a0<\/b><\/span><a href=\"https:\/\/www.instagram.com\/senoticias\/\" target=\"_blank\" rel=\"noopener\"><b>Instagram<\/b><\/a><\/em><\/p>\n<p>Por Ag\u00eancia Aracaju de Not\u00edcias<\/p>\n","protected":false},"excerpt":{"rendered":"<p>Proporcionar bem-estar para os aracajuanos. Com esse objetivo, a Prefeitura de Aracaju, por meio da Empresa Municipal de Servi\u00e7os Urbanos (Emsurb), deu in\u00edcio aos servi\u00e7os de manuten\u00e7\u00e3o dos tr\u00eas m\u00f3dulos de banheiros de um dos pontos tur\u00edsticos da cidade: o Parque Governador Augusto Franco, mais conhecido como Parque da Sementeira, na zona Sul da capital. [&hellip;]<\/p>\n","protected":false},"author":6553,"featured_media":0,"comment_status":"closed","ping_status":"closed","sticky":false,"template":"","format":"standard","meta":{"footnotes":""},"categories":[38],"tags":[339,3078,9879,2884,9503,223],"class_list":{"0":"post-113128","1":"post","2":"type-post","3":"status-publish","4":"format-standard","6":"category-municipios","7":"tag-aracaju","8":"tag-emsurb","9":"tag-parque","10":"tag-prefeitura","11":"tag-sementeira","12":"tag-sergipe"},"_links":{"self":[{"href":"https:\/\/senoticias.com.br\/se\/wp-json\/wp\/v2\/posts\/113128"}],"collection":[{"href":"https:\/\/senoticias.com.br\/se\/wp-json\/wp\/v2\/posts"}],"about":[{"href":"https:\/\/senoticias.com.br\/se\/wp-json\/wp\/v2\/types\/post"}],"author":[{"embeddable":true,"href":"https:\/\/senoticias.com.br\/se\/wp-json\/wp\/v2\/users\/6553"}],"replies":[{"embeddable":true,"href":"https:\/\/senoticias.com.br\/se\/wp-json\/wp\/v2\/comments?post=113128"}],"version-history":[{"count":0,"href":"https:\/\/senoticias.com.br\/se\/wp-json\/wp\/v2\/posts\/113128\/revisions"}],"wp:attachment":[{"href":"https:\/\/senoticias.com.br\/se\/wp-json\/wp\/v2\/media?parent=113128"}],"wp:term":[{"taxonomy":"category","embeddable":true,"href":"https:\/\/senoticias.com.br\/se\/wp-json\/wp\/v2\/categories?post=113128"},{"taxonomy":"post_tag","embeddable":true,"href":"https:\/\/senoticias.com.br\/se\/wp-json\/wp\/v2\/tags?post=113128"}],"curies":[{"name":"wp","href":"https:\/\/api.w.org\/{rel}","templated":true}]}}