{"id":113093,"date":"2018-05-19T19:15:43","date_gmt":"2018-05-19T22:15:43","guid":{"rendered":"https:\/\/senoticias.com.br\/se\/?p=113093"},"modified":"2018-05-19T19:15:43","modified_gmt":"2018-05-19T22:15:43","slug":"onibus-de-turismo-capota-duas-pessoas-morrem-e-32-ficam-feridas-em-poco-redondo","status":"publish","type":"post","link":"https:\/\/senoticias.com.br\/se\/onibus-de-turismo-capota-duas-pessoas-morrem-e-32-ficam-feridas-em-poco-redondo\/","title":{"rendered":"\u00d4nibus de turismo capota, duas pessoas morrem e 32 ficam feridas, em Po\u00e7o Redondo"},"content":{"rendered":"<p id=\"m_-1795110050402424160docs-internal-guid-23a29841-789d-b4d8-f7cd-b68efe554619\" dir=\"ltr\" style=\"text-align: justify;\">Por volta das 6h30 da manh\u00e3 deste s\u00e1bado, 19, equipes do Servi\u00e7o de Atendimento M\u00f3vel de Urg\u00eancia (SAMU), do Corpo de Bombeiros e da Pol\u00edcia Militar de Sergipe foram deslocadas de forma r\u00e1pida para prestar assist\u00eancia \u00e0s v\u00edtimas de um acidente com um \u00f4nibus de turismo no munic\u00edpio de Po\u00e7o Redondo (SE), que fazia o trajeto entre Salvador (BA) e Canind\u00e9 de S\u00e3o Francisco, distante 213 Km de Aracaju (SE).<\/p>\n<div id=\"attachment_113094\" style=\"width: 609px\" class=\"wp-caption aligncenter\"><a href=\"https:\/\/senoticias.com.br\/se\/wp-content\/uploads\/2018\/05\/ONIBUS-e1526767918367.png\"><img loading=\"lazy\" decoding=\"async\" aria-describedby=\"caption-attachment-113094\" class=\"size-full wp-image-113094\" src=\"https:\/\/senoticias.com.br\/se\/wp-content\/uploads\/2018\/05\/ONIBUS-e1526767918367.png\" alt=\"\" width=\"599\" height=\"449\" \/><\/a><p id=\"caption-attachment-113094\" class=\"wp-caption-text\">Duas pessoas morrem e 32 ficam feridas em acidente com \u00f4nibus de turismo (foto: CPRV)<\/p><\/div>\n<p dir=\"ltr\" style=\"text-align: justify;\">Cinco viaturas e um helic\u00f3ptero do Grupamento T\u00e1tico A\u00e9reo (GTA) foram deslocados at\u00e9 o Alto Sert\u00e3o para o atendimento de cerca de <strong>40 v\u00edtimas, na SE 230<\/strong>. Uma delas, em estado grave, foi encaminhada ao Hospital de Urg\u00eancias de Sergipe (HUSE), apresentando fraturas na coluna, <strong>duas vieram \u00e0 \u00f3bito<\/strong> e, com isso, o Instituto M\u00e9dico Legal (IML) e o Instituto de Criminal\u00edstica j\u00e1 foram acionados. J\u00e1 as demais, que foram avaliadas e classificadas como fora de risco, por terem sofrido apenas les\u00f5es leves, est\u00e3o sendo encaminhadas e atendidas pelos Hospitais Regionais mais pr\u00f3ximos.<\/p>\n<p dir=\"ltr\" style=\"text-align: justify;\">\n<p dir=\"ltr\" style=\"text-align: justify;\">De acordo com o superintendente do Huse, Darcy Tavares, desde o recebimento da not\u00edcia, a equipe da unidade hospitalar estava se preparando para o recebimento das v\u00edtimas. \u201cIdentificamos e liberamos algumas vagas nas alas do hospital, para receber todas essas v\u00edtimas, se houvesse a necessidade. Ou seja, estamos preparados, com vagas em leitos para atend\u00ea-los. Felizmente, a maioria das v\u00edtimas sofreu apenas les\u00f5es leves e est\u00e3o sendo atendidas nos Regionais\u201d, explicou.<\/p>\n<p dir=\"ltr\">\n<p dir=\"ltr\"><a href=\"https:\/\/senoticias.com.br\/se\/wp-content\/uploads\/2018\/05\/Logomarca-fone-SE-4-2-1-1.jpg\"><img loading=\"lazy\" decoding=\"async\" class=\"aligncenter size-full wp-image-113061\" src=\"https:\/\/senoticias.com.br\/se\/wp-content\/uploads\/2018\/05\/Logomarca-fone-SE-4-2-1-1.jpg\" alt=\"\" width=\"599\" height=\"78\" srcset=\"https:\/\/senoticias.com.br\/se\/wp-content\/uploads\/2018\/05\/Logomarca-fone-SE-4-2-1-1.jpg 599w, https:\/\/senoticias.com.br\/se\/wp-content\/uploads\/2018\/05\/Logomarca-fone-SE-4-2-1-1-300x39.jpg 300w\" sizes=\"(max-width: 599px) 100vw, 599px\" \/><\/a><\/p>\n<p dir=\"ltr\">\n<p dir=\"ltr\"><em><strong>Acompanhe tamb\u00e9m o SE Not\u00edcias no<\/strong><span class=\"apple-converted-space\"><b>\u00a0<\/b><\/span><a href=\"https:\/\/twitter.com\/Senoticias\" target=\"_blank\" rel=\"noopener\"><b>Twitter<\/b><\/a><strong>,<\/strong><span class=\"apple-converted-space\"><b>\u00a0<\/b><\/span><a href=\"https:\/\/www.facebook.com\/senoticias1\" target=\"_blank\" rel=\"noopener\"><b>Facebook<\/b><span class=\"apple-converted-space\"><b>\u00a0<\/b><\/span><\/a><strong>e no<\/strong><span class=\"apple-converted-space\"><b>\u00a0<\/b><\/span><a href=\"https:\/\/www.instagram.com\/senoticias\/\" target=\"_blank\" rel=\"noopener\"><b>Instagram<\/b><\/a><\/em><\/p>\n<p dir=\"ltr\">\n<p dir=\"ltr\"><em>Com informa\u00e7\u00f5es da Ag\u00eancia Sergipe de Not\u00edcias<\/em><\/p>\n<p dir=\"ltr\">\n<p dir=\"ltr\" style=\"text-align: justify;\">Darcy destacou, ainda, que houve uma mobiliza\u00e7\u00e3o total e conjunta para o atendimento da ocorr\u00eancia. \u201cNossa equipe est\u00e1 trabalhando de forma integrada, em contato constante com o Samu e com os hospitais regionais para manter as informa\u00e7\u00f5es atualizadas sobre o estado de sa\u00fade das v\u00edtimas e para garantir que todas sejam atendidas o mais r\u00e1pido poss\u00edvel\u201d, complementou.<\/p>\n<p dir=\"ltr\" style=\"text-align: justify;\">\n<p dir=\"ltr\" style=\"text-align: justify;\">As causas do acidente ainda n\u00e3o foram identificadas. Investigadores plantonistas da Pol\u00edcia Civil acompanham o caso e a Delegacia de Po\u00e7o Redondo vai instaurar inqu\u00e9rito policial para apurar o que aconteceu.<\/p>\n","protected":false},"excerpt":{"rendered":"<p>Por volta das 6h30 da manh\u00e3 deste s\u00e1bado, 19, equipes do Servi\u00e7o de Atendimento M\u00f3vel de Urg\u00eancia (SAMU), do Corpo de Bombeiros e da Pol\u00edcia Militar de Sergipe foram deslocadas de forma r\u00e1pida para prestar assist\u00eancia \u00e0s v\u00edtimas de um acidente com um \u00f4nibus de turismo no munic\u00edpio de Po\u00e7o Redondo (SE), que fazia o [&hellip;]<\/p>\n","protected":false},"author":6552,"featured_media":113094,"comment_status":"closed","ping_status":"closed","sticky":false,"template":"","format":"standard","meta":{"footnotes":""},"categories":[15,38],"tags":[1953,9864,319,9863,3544],"class_list":{"0":"post-113093","1":"post","2":"type-post","3":"status-publish","4":"format-standard","5":"has-post-thumbnail","7":"category-destaques","8":"category-municipios","9":"tag-caninde-de-sao-francisco","10":"tag-hospital-de-urgencias-de-sergipe","11":"tag-huse","12":"tag-onibus-de-turismo","13":"tag-poco-redondo"},"_links":{"self":[{"href":"https:\/\/senoticias.com.br\/se\/wp-json\/wp\/v2\/posts\/113093"}],"collection":[{"href":"https:\/\/senoticias.com.br\/se\/wp-json\/wp\/v2\/posts"}],"about":[{"href":"https:\/\/senoticias.com.br\/se\/wp-json\/wp\/v2\/types\/post"}],"author":[{"embeddable":true,"href":"https:\/\/senoticias.com.br\/se\/wp-json\/wp\/v2\/users\/6552"}],"replies":[{"embeddable":true,"href":"https:\/\/senoticias.com.br\/se\/wp-json\/wp\/v2\/comments?post=113093"}],"version-history":[{"count":0,"href":"https:\/\/senoticias.com.br\/se\/wp-json\/wp\/v2\/posts\/113093\/revisions"}],"wp:featuredmedia":[{"embeddable":true,"href":"https:\/\/senoticias.com.br\/se\/wp-json\/wp\/v2\/media\/113094"}],"wp:attachment":[{"href":"https:\/\/senoticias.com.br\/se\/wp-json\/wp\/v2\/media?parent=113093"}],"wp:term":[{"taxonomy":"category","embeddable":true,"href":"https:\/\/senoticias.com.br\/se\/wp-json\/wp\/v2\/categories?post=113093"},{"taxonomy":"post_tag","embeddable":true,"href":"https:\/\/senoticias.com.br\/se\/wp-json\/wp\/v2\/tags?post=113093"}],"curies":[{"name":"wp","href":"https:\/\/api.w.org\/{rel}","templated":true}]}}