{"id":113085,"date":"2018-05-19T06:57:11","date_gmt":"2018-05-19T09:57:11","guid":{"rendered":"https:\/\/senoticias.com.br\/se\/?p=113085"},"modified":"2018-05-19T07:02:03","modified_gmt":"2018-05-19T10:02:03","slug":"tribunal-de-contas-do-estado-mapeia-obras-paralisadas-em-sergipe-e-inicia-trabalhos-de-auditoria","status":"publish","type":"post","link":"https:\/\/senoticias.com.br\/se\/tribunal-de-contas-do-estado-mapeia-obras-paralisadas-em-sergipe-e-inicia-trabalhos-de-auditoria\/","title":{"rendered":"Tribunal de Contas do Estado mapeia obras paralisadas em Sergipe e inicia trabalhos de auditoria"},"content":{"rendered":"<div style=\"text-align: justify;\">\n<p>O Tribunal de Contas do Estado (TCE), por meio da Diretoria de Controle Externo de Obras e Servi\u00e7os (Dceos) e da Coordenadoria de Engenharia, concluiu levantamento acerca das obras que encontram-se paralisadas em todo o Estado para dar in\u00edcio a uma s\u00e9rie de auditorias que ir\u00e3o esclarecer os motivos das paralisa\u00e7\u00f5es e verificar se houve preju\u00edzo causado ao er\u00e1rio.<\/p>\n<div id=\"attachment_113086\" style=\"width: 609px\" class=\"wp-caption aligncenter\"><a href=\"https:\/\/senoticias.com.br\/se\/wp-content\/uploads\/2018\/05\/tce-obras.jpg\"><img loading=\"lazy\" decoding=\"async\" aria-describedby=\"caption-attachment-113086\" class=\"size-full wp-image-113086\" src=\"https:\/\/senoticias.com.br\/se\/wp-content\/uploads\/2018\/05\/tce-obras-e1526723669783.jpg\" alt=\"\" width=\"599\" height=\"399\" \/><\/a><p id=\"caption-attachment-113086\" class=\"wp-caption-text\">Procurador-geral do Minist\u00e9rio P\u00fablico de Contas, Jo\u00e3o Augusto Bandeira de Mello e o conselheiro-presidente Ulices Andrade (foto: Cleverton Ribeiro\/TCE)<\/p><\/div>\n<\/div>\n<div><\/div>\n<div style=\"text-align: justify;\">De acordo com a diretora da Dceos, Ana Stella Porto, o trabalho inicial ter\u00e1 foco em 70 obras selecionadas\u00a0atrav\u00e9s de crit\u00e9rios como a relev\u00e2ncia do empreendimento, volume de recursos, cunho social,\u00a0 e indicativos de irregularidades.<\/div>\n<div style=\"text-align: justify;\"><\/div>\n<div style=\"text-align: justify;\">Alguns exemplos s\u00e3o a Drenagem e Pavimenta\u00e7\u00e3o de ruas no bairro Farol\u00e2ndia; a complementa\u00e7\u00e3o da constru\u00e7\u00e3o do canal Beira Mar (bairros Aeroporto e Coroa do Meio); constru\u00e7\u00e3o da Ponte sobre o Rio Fundo, no munic\u00edpio de Est\u00e2ncia; e a recupera\u00e7\u00e3o da Ponte do Rio do Sal, na divisa Aracaju\/Nossa Senhora do Socorro, dentre outras.\u200b<\/div>\n<div style=\"text-align: justify;\"><\/div>\n<div style=\"text-align: justify;\">Procurador-geral do Minist\u00e9rio P\u00fablico de Contas, Jo\u00e3o Augusto Bandeira de Mello parabenizou o conselheiro-presidente Ulices Andrade pela iniciativa\u00a0durante a sess\u00e3o plen\u00e1ria desta quinta-feira, 17. &#8220;Entrei em contato com o corpo t\u00e9cnico da Dceos e vi que j\u00e1 h\u00e1 esse mapeamento e a\u00e7\u00f5es em andamento&#8221;, comentou o procurador-geral.<\/div>\n<div style=\"text-align: justify;\"><\/div>\n<div style=\"text-align: justify;\">&#8220;Em breve tempo este trabalho trar\u00e1 um diagn\u00f3stico especialmente voltado ao resultado; do tipo, quais s\u00e3o os motivos da paralisa\u00e7\u00e3o, aquelas obras cuja paralisa\u00e7\u00e3o pode causar preju\u00edzo ao er\u00e1rio, enfim, aquilo que seria uma provoca\u00e7\u00e3o, vimos que n\u00e3o h\u00e1 necessidade porque o Tribunal j\u00e1 est\u00e1 trabalhando nesse sentido&#8221;, concluiu Bandeira.<\/div>\n<div><\/div>\n<div><a href=\"https:\/\/senoticias.com.br\/se\/wp-content\/uploads\/2018\/05\/Logomarca-fone-SE-4-2-1-1.jpg\"><img loading=\"lazy\" decoding=\"async\" class=\"aligncenter size-full wp-image-113061\" src=\"https:\/\/senoticias.com.br\/se\/wp-content\/uploads\/2018\/05\/Logomarca-fone-SE-4-2-1-1.jpg\" alt=\"\" width=\"599\" height=\"78\" srcset=\"https:\/\/senoticias.com.br\/se\/wp-content\/uploads\/2018\/05\/Logomarca-fone-SE-4-2-1-1.jpg 599w, https:\/\/senoticias.com.br\/se\/wp-content\/uploads\/2018\/05\/Logomarca-fone-SE-4-2-1-1-300x39.jpg 300w\" sizes=\"(max-width: 599px) 100vw, 599px\" \/><\/a><\/div>\n<div><\/div>\n<div><em><strong>Acompanhe tamb\u00e9m o SE Not\u00edcias no<\/strong><span class=\"apple-converted-space\"><b>\u00a0<\/b><\/span><a href=\"https:\/\/twitter.com\/Senoticias\" target=\"_blank\" rel=\"noopener\"><b>Twitter<\/b><\/a><strong>,<\/strong><span class=\"apple-converted-space\"><b>\u00a0<\/b><\/span><a href=\"https:\/\/www.facebook.com\/senoticias1\" target=\"_blank\" rel=\"noopener\"><b>Facebook<\/b><span class=\"apple-converted-space\"><b>\u00a0<\/b><\/span><\/a><strong>e no<\/strong><span class=\"apple-converted-space\"><b>\u00a0<\/b><\/span><a href=\"https:\/\/www.instagram.com\/senoticias\/\" target=\"_blank\" rel=\"noopener\"><b>Instagram<\/b><\/a><\/em><\/div>\n<div><\/div>\n<div><em>Por Dicom\/TCE<\/em><\/div>\n","protected":false},"excerpt":{"rendered":"<p>O Tribunal de Contas do Estado (TCE), por meio da Diretoria de Controle Externo de Obras e Servi\u00e7os (Dceos) e da Coordenadoria de Engenharia, concluiu levantamento acerca das obras que encontram-se paralisadas em todo o Estado para dar in\u00edcio a uma s\u00e9rie de auditorias que ir\u00e3o esclarecer os motivos das paralisa\u00e7\u00f5es e verificar se houve [&hellip;]<\/p>\n","protected":false},"author":6552,"featured_media":113086,"comment_status":"closed","ping_status":"closed","sticky":false,"template":"","format":"standard","meta":{"footnotes":""},"categories":[15],"tags":[9856,9857,565,6984],"class_list":{"0":"post-113085","1":"post","2":"type-post","3":"status-publish","4":"format-standard","5":"has-post-thumbnail","7":"category-destaques","8":"tag-joao-augusto-bandeira-de-mello","9":"tag-obras-paralisadas","10":"tag-tribunal-de-contas-do-estado","11":"tag-ulices-andrade"},"_links":{"self":[{"href":"https:\/\/senoticias.com.br\/se\/wp-json\/wp\/v2\/posts\/113085"}],"collection":[{"href":"https:\/\/senoticias.com.br\/se\/wp-json\/wp\/v2\/posts"}],"about":[{"href":"https:\/\/senoticias.com.br\/se\/wp-json\/wp\/v2\/types\/post"}],"author":[{"embeddable":true,"href":"https:\/\/senoticias.com.br\/se\/wp-json\/wp\/v2\/users\/6552"}],"replies":[{"embeddable":true,"href":"https:\/\/senoticias.com.br\/se\/wp-json\/wp\/v2\/comments?post=113085"}],"version-history":[{"count":0,"href":"https:\/\/senoticias.com.br\/se\/wp-json\/wp\/v2\/posts\/113085\/revisions"}],"wp:featuredmedia":[{"embeddable":true,"href":"https:\/\/senoticias.com.br\/se\/wp-json\/wp\/v2\/media\/113086"}],"wp:attachment":[{"href":"https:\/\/senoticias.com.br\/se\/wp-json\/wp\/v2\/media?parent=113085"}],"wp:term":[{"taxonomy":"category","embeddable":true,"href":"https:\/\/senoticias.com.br\/se\/wp-json\/wp\/v2\/categories?post=113085"},{"taxonomy":"post_tag","embeddable":true,"href":"https:\/\/senoticias.com.br\/se\/wp-json\/wp\/v2\/tags?post=113085"}],"curies":[{"name":"wp","href":"https:\/\/api.w.org\/{rel}","templated":true}]}}