{"id":113042,"date":"2018-05-17T15:32:59","date_gmt":"2018-05-17T18:32:59","guid":{"rendered":"https:\/\/senoticias.com.br\/se\/?p=113042"},"modified":"2018-05-17T15:32:59","modified_gmt":"2018-05-17T18:32:59","slug":"defesa-civil-realiza-nova-vistoria-na-ponte-que-da-acesso-ao-riomar","status":"publish","type":"post","link":"https:\/\/senoticias.com.br\/se\/defesa-civil-realiza-nova-vistoria-na-ponte-que-da-acesso-ao-riomar\/","title":{"rendered":"Defesa Civil realiza nova vistoria na ponte que d\u00e1 acesso ao Riomar"},"content":{"rendered":"<p style=\"text-align: justify\"><span style=\"color: #000000\">Na manh\u00e3 desta quinta-feira, 17, a Secretaria Municipal da Defesa social e da Cidadania (Semdec), atrav\u00e9s da Defesa Civil de Aracaju, realizou mais uma vistoria na ponte Godofredo Diniz, que liga o bairro Coroa do Meio ao bairro 13 de Julho. A estrutura foi alvo de boatos que especulavam sobre possibilidade de desabamento, fato que foi esclarecido e desmentido pelos \u00f3rg\u00e3os competentes da Prefeitura Municipal de Aracaju.<\/span><\/p>\n<div id=\"attachment_113043\" style=\"width: 609px\" class=\"wp-caption aligncenter\"><a href=\"https:\/\/senoticias.com.br\/se\/wp-content\/uploads\/2018\/05\/defesa-civil-na-ponte-SENOTICIAS.jpeg\"><img loading=\"lazy\" decoding=\"async\" aria-describedby=\"caption-attachment-113043\" class=\"wp-image-113043 size-full\" src=\"https:\/\/senoticias.com.br\/se\/wp-content\/uploads\/2018\/05\/defesa-civil-na-ponte-SENOTICIAS-e1526581903705.jpeg\" alt=\"\" width=\"599\" height=\"399\" \/><\/a><p id=\"caption-attachment-113043\" class=\"wp-caption-text\">Foto: Ascom Semdec<\/p><\/div>\n<p style=\"text-align: justify\"><span style=\"color: #000000\">A inspe\u00e7\u00e3o, realizada esta manh\u00e3, contou com a parceria da Defesa Civil Estadual, que esteve representada pelo engenheiro Jos\u00e9 Roberto Santos. Tamb\u00e9m houve o apoio do Corpo de Bombeiros Militar de Sergipe, que disponibilizou equipamentos necess\u00e1rios ao acesso de \u00e1reas restritas da constru\u00e7\u00e3o, tanto por terra quanto pela \u00e1gua, fazendo uso, inclusive, de uma embarca\u00e7\u00e3o.<\/span><\/p>\n<p style=\"text-align: justify\"><span style=\"color: #000000\">O coordenador geral da Defesa Civil de Aracaju, o major S\u00edlvio Prado, ressalta, inclusive, que a inspe\u00e7\u00e3o atende a uma demanda do Minist\u00e9rio P\u00fablico Estadual (MPE) e da pr\u00f3pria Empresa Municipal de Obras e Urbaniza\u00e7\u00e3o (Emurb), para confec\u00e7\u00e3o de um relat\u00f3rio t\u00e9cnico. &#8220;Hoje, agendamos com o Corpo de Bombeiros para chegarmos mais pr\u00f3ximo desses elementos estruturais e termos uma constata\u00e7\u00e3o mais exata das poss\u00edveis patologias que sejam encontradas, devido ao desgaste natural da ponte. Essas informa\u00e7\u00f5es complementar\u00e3o o relat\u00f3rio atrav\u00e9s do qual forneceremos informa\u00e7\u00f5es t\u00e9cnicas e recomenda\u00e7\u00f5es em rela\u00e7\u00e3o ao que foi observado&#8221;, explicou.<\/span><\/p>\n<p style=\"text-align: justify\"><span style=\"color: #000000\">S\u00edlvio Prado ressalta ainda que foi realizada uma vistoria por terra, na \u00faltima segunda-feira,14, por meio da qual foi constatado que, de fato, n\u00e3o h\u00e1 o risco de desabamento da ponte. As patologias detectadas, de antem\u00e3o, s\u00e3o fruto do desgaste natural da estrutura. &#8220;N\u00f3s estamos em uma capital litor\u00e2nea que sofre com a agress\u00e3o da salinidade e da proximidade dos rios e do mar, o que ocasiona desgastes f\u00edsicos e qu\u00edmicos, fazendo-se necess\u00e1ria apenas uma manuten\u00e7\u00e3o&#8221;, esclareceu o major S\u00edlvio Prado.<\/span><\/p>\n<p>&nbsp;<\/p>\n<p><a href=\"https:\/\/senoticias.com.br\/se\/wp-content\/uploads\/2018\/05\/Logomarca-fone-SE-4-2-1.jpg\"><img loading=\"lazy\" decoding=\"async\" class=\"aligncenter wp-image-112673 size-full\" src=\"https:\/\/senoticias.com.br\/se\/wp-content\/uploads\/2018\/05\/Logomarca-fone-SE-4-2-1.jpg\" alt=\"\" width=\"599\" height=\"78\" srcset=\"https:\/\/senoticias.com.br\/se\/wp-content\/uploads\/2018\/05\/Logomarca-fone-SE-4-2-1.jpg 599w, https:\/\/senoticias.com.br\/se\/wp-content\/uploads\/2018\/05\/Logomarca-fone-SE-4-2-1-300x39.jpg 300w\" sizes=\"(max-width: 599px) 100vw, 599px\" \/><\/a><\/p>\n<p>Por Ag\u00eancia Aracaju de Not\u00edcias<\/p>\n","protected":false},"excerpt":{"rendered":"<p>Na manh\u00e3 desta quinta-feira, 17, a Secretaria Municipal da Defesa social e da Cidadania (Semdec), atrav\u00e9s da Defesa Civil de Aracaju, realizou mais uma vistoria na ponte Godofredo Diniz, que liga o bairro Coroa do Meio ao bairro 13 de Julho. A estrutura foi alvo de boatos que especulavam sobre possibilidade de desabamento, fato que [&hellip;]<\/p>\n","protected":false},"author":6553,"featured_media":0,"comment_status":"closed","ping_status":"closed","sticky":false,"template":"","format":"standard","meta":{"footnotes":""},"categories":[15,38],"tags":[339,6314,4186,6699,5181,6316],"class_list":{"0":"post-113042","1":"post","2":"type-post","3":"status-publish","4":"format-standard","6":"category-destaques","7":"category-municipios","8":"tag-aracaju","9":"tag-defesa-civil","10":"tag-ponte","11":"tag-riomar","12":"tag-shopping","13":"tag-vistoria"},"_links":{"self":[{"href":"https:\/\/senoticias.com.br\/se\/wp-json\/wp\/v2\/posts\/113042"}],"collection":[{"href":"https:\/\/senoticias.com.br\/se\/wp-json\/wp\/v2\/posts"}],"about":[{"href":"https:\/\/senoticias.com.br\/se\/wp-json\/wp\/v2\/types\/post"}],"author":[{"embeddable":true,"href":"https:\/\/senoticias.com.br\/se\/wp-json\/wp\/v2\/users\/6553"}],"replies":[{"embeddable":true,"href":"https:\/\/senoticias.com.br\/se\/wp-json\/wp\/v2\/comments?post=113042"}],"version-history":[{"count":0,"href":"https:\/\/senoticias.com.br\/se\/wp-json\/wp\/v2\/posts\/113042\/revisions"}],"wp:attachment":[{"href":"https:\/\/senoticias.com.br\/se\/wp-json\/wp\/v2\/media?parent=113042"}],"wp:term":[{"taxonomy":"category","embeddable":true,"href":"https:\/\/senoticias.com.br\/se\/wp-json\/wp\/v2\/categories?post=113042"},{"taxonomy":"post_tag","embeddable":true,"href":"https:\/\/senoticias.com.br\/se\/wp-json\/wp\/v2\/tags?post=113042"}],"curies":[{"name":"wp","href":"https:\/\/api.w.org\/{rel}","templated":true}]}}