{"id":113035,"date":"2018-05-17T15:11:28","date_gmt":"2018-05-17T18:11:28","guid":{"rendered":"https:\/\/senoticias.com.br\/se\/?p=113035"},"modified":"2018-05-17T15:45:27","modified_gmt":"2018-05-17T18:45:27","slug":"em-brasilia-belivaldo-busca-recursos-para-finalizar-terminal-pesqueiro","status":"publish","type":"post","link":"https:\/\/senoticias.com.br\/se\/em-brasilia-belivaldo-busca-recursos-para-finalizar-terminal-pesqueiro\/","title":{"rendered":"Em Bras\u00edlia, Belivaldo busca recursos para finalizar Terminal Pesqueiro"},"content":{"rendered":"<p style=\"text-align: justify\"><span style=\"color: #000000\">O governador Belivaldo Chagas est\u00e1 em Bras\u00edlia em busca de recursos para o fomento do estado. Acompanhado do secret\u00e1rio de Estado de Planejamento, Rosman Pereira, e do ex-governador Jackson Barreto, Belivaldo esteve com o secret\u00e1rio Especial da aquicultura e da Pesca, Dayvson Franklin de Souza, para tratar da libera\u00e7\u00e3o da \u00faltima parcela dos recursos para conclus\u00e3o do Terminal Pesqueiro. A obra beneficiar\u00e1 mais de 12 mil pescadores de 27 col\u00f4nias sergipanas.<\/span><\/p>\n<div id=\"attachment_113036\" style=\"width: 609px\" class=\"wp-caption aligncenter\"><a href=\"https:\/\/senoticias.com.br\/se\/wp-content\/uploads\/2018\/05\/belivaldo-e-jackson-em-brasilia-SENOTICIAS-e1526580561715.jpeg\"><img loading=\"lazy\" decoding=\"async\" aria-describedby=\"caption-attachment-113036\" class=\"wp-image-113036 size-full\" src=\"https:\/\/senoticias.com.br\/se\/wp-content\/uploads\/2018\/05\/belivaldo-e-jackson-em-brasilia-SENOTICIAS-e1526580561715.jpeg\" alt=\"\" width=\"599\" height=\"449\" \/><\/a><p id=\"caption-attachment-113036\" class=\"wp-caption-text\">Foto: Assessoria Parlamentar<\/p><\/div>\n<p style=\"text-align: justify\"><span style=\"color: #000000\">Durante a audi\u00eancia, Belivaldo lembrou que a secret\u00e1rio de Estado de Agricultura, Rose Rodrigues, esteve na capital federal no \u00faltimo m\u00eas de abril para discutir o tema. Ele informou que o investimento total no Terminal Pesqueiro \u00e9 de R$ 14 milh\u00f5es, sendo R$ 7 milh\u00f5es para a obra e o restante para aquisi\u00e7\u00e3o de equipamentos. O chefe do Executivo explicou que o processo licitat\u00f3rio para compra de equipamentos necessita do repasse da segunda parcela de recursos do governo federal.<\/span><\/p>\n<p style=\"text-align: justify\"><span style=\"color: #000000\">\u201cEssa obra \u00e9 beneficia diretamente mais de 12 mil pescadores, um impacto social e econ\u00f4mico enorme. Nosso estado tem uma atividade pesqueira rica e precisamos desenvolver esse setor econ\u00f4mico. O secret\u00e1rio Especial da aquicultura e da Pesca afirmou que, em junho, a segunda parcela de recursos estar\u00e1 dispon\u00edvel para que possamos iniciar a licita\u00e7\u00e3o de equipamentos\u201d, afirmou o governador.<\/span><\/p>\n<div id=\"attachment_113037\" style=\"width: 310px\" class=\"wp-caption alignleft\"><a href=\"https:\/\/senoticias.com.br\/se\/wp-content\/uploads\/2018\/05\/terminal-pesqueiro-SENOTICIAS.jpg\"><img loading=\"lazy\" decoding=\"async\" aria-describedby=\"caption-attachment-113037\" class=\"size-medium wp-image-113037\" src=\"https:\/\/senoticias.com.br\/se\/wp-content\/uploads\/2018\/05\/terminal-pesqueiro-SENOTICIAS-300x225.jpg\" alt=\"\" width=\"300\" height=\"225\" \/><\/a><p id=\"caption-attachment-113037\" class=\"wp-caption-text\">Foto: Marcelle Cristinne\/ASN<\/p><\/div>\n<p style=\"text-align: justify\"><span style=\"color: #000000\">Dayvson Franklin informou que uma reestrutura\u00e7\u00e3o dos setores internos da Secretaria gerou atraso nas an\u00e1lises de dispensa\u00e7\u00e3o de recursos, mas que os processos j\u00e1 foram retomados. A previs\u00e3o \u00e9 que no in\u00edcio de junho o repasse do Terminal Pesqueiro seja liberado.<\/span><\/p>\n<p style=\"text-align: justify\"><span style=\"color: #000000\">Constru\u00eddo pr\u00f3ximo ao mercado central de Aracaju, o Terminal Pesqueiro beneficiar\u00e1 diretamente mais de 12 mil pescadores de 27 col\u00f4nias e a popula\u00e7\u00e3o consumidora dos pescados no estado. O pr\u00e9dio ter\u00e1 dois n\u00edveis compostos de um espa\u00e7o administrativo com cozinha, lanchonete, lobby, sala de reuni\u00e3o, salas administrativas e sala para tratamento. A estrutura ainda possuir\u00e1 um cais de atraca\u00e7\u00e3o com 632,00 m\u00b2 para a recep\u00e7\u00e3o das embarca\u00e7\u00f5es pesqueiras, e outras instala\u00e7\u00f5es, projetadas de acordo com defini\u00e7\u00f5es da Vigil\u00e2ncia Sanit\u00e1ria como \u00e1reas de recep\u00e7\u00e3o, sele\u00e7\u00e3o, beneficiamento e comercializa\u00e7\u00e3o de peixes, frutos do mar e outros g\u00eaneros, salas de higieniza\u00e7\u00e3o de equipamentos, c\u00e2maras frigor\u00edficas, c\u00e2mara de espera, silo de gelo, casa de m\u00e1quinas e dep\u00f3sito de res\u00edduos.<\/span><\/p>\n<p style=\"text-align: justify\"><span style=\"color: #000000\">Al\u00e9m disso, objetivando a efici\u00eancia do trabalho dos funcion\u00e1rios e tripulantes, ser\u00e3o constru\u00eddos uma sala de higieniza\u00e7\u00e3o, sanit\u00e1rios e vesti\u00e1rios, rampas e elevador de acesso e esta\u00e7\u00e3o tratamento de esgoto, totalizando 1,256,22 m\u00b2 de \u00e1rea constru\u00edda.<\/span><\/p>\n<p>&nbsp;<\/p>\n<p><a href=\"https:\/\/senoticias.com.br\/se\/wp-content\/uploads\/2018\/05\/Logomarca-fone-SE-4-2-1.jpg\"><img loading=\"lazy\" decoding=\"async\" class=\"aligncenter wp-image-112673 size-full\" src=\"https:\/\/senoticias.com.br\/se\/wp-content\/uploads\/2018\/05\/Logomarca-fone-SE-4-2-1.jpg\" alt=\"\" width=\"599\" height=\"78\" srcset=\"https:\/\/senoticias.com.br\/se\/wp-content\/uploads\/2018\/05\/Logomarca-fone-SE-4-2-1.jpg 599w, https:\/\/senoticias.com.br\/se\/wp-content\/uploads\/2018\/05\/Logomarca-fone-SE-4-2-1-300x39.jpg 300w\" sizes=\"(max-width: 599px) 100vw, 599px\" \/><\/a><\/p>\n<p>Por ASN<\/p>\n","protected":false},"excerpt":{"rendered":"<p>O governador Belivaldo Chagas est\u00e1 em Bras\u00edlia em busca de recursos para o fomento do estado. Acompanhado do secret\u00e1rio de Estado de Planejamento, Rosman Pereira, e do ex-governador Jackson Barreto, Belivaldo esteve com o secret\u00e1rio Especial da aquicultura e da Pesca, Dayvson Franklin de Souza, para tratar da libera\u00e7\u00e3o da \u00faltima parcela dos recursos para [&hellip;]<\/p>\n","protected":false},"author":6553,"featured_media":0,"comment_status":"closed","ping_status":"closed","sticky":false,"template":"","format":"standard","meta":{"footnotes":""},"categories":[15,6],"tags":[339,9835,3565,1952,9834,2745,3926,223,9836],"class_list":{"0":"post-113035","1":"post","2":"type-post","3":"status-publish","4":"format-standard","6":"category-destaques","7":"category-politica","8":"tag-aracaju","9":"tag-barreto","10":"tag-belivaldo","11":"tag-brasilia","12":"tag-chagas","13":"tag-jackson","14":"tag-recursos","15":"tag-sergipe","16":"tag-terminal-pesqueiro"},"_links":{"self":[{"href":"https:\/\/senoticias.com.br\/se\/wp-json\/wp\/v2\/posts\/113035"}],"collection":[{"href":"https:\/\/senoticias.com.br\/se\/wp-json\/wp\/v2\/posts"}],"about":[{"href":"https:\/\/senoticias.com.br\/se\/wp-json\/wp\/v2\/types\/post"}],"author":[{"embeddable":true,"href":"https:\/\/senoticias.com.br\/se\/wp-json\/wp\/v2\/users\/6553"}],"replies":[{"embeddable":true,"href":"https:\/\/senoticias.com.br\/se\/wp-json\/wp\/v2\/comments?post=113035"}],"version-history":[{"count":0,"href":"https:\/\/senoticias.com.br\/se\/wp-json\/wp\/v2\/posts\/113035\/revisions"}],"wp:attachment":[{"href":"https:\/\/senoticias.com.br\/se\/wp-json\/wp\/v2\/media?parent=113035"}],"wp:term":[{"taxonomy":"category","embeddable":true,"href":"https:\/\/senoticias.com.br\/se\/wp-json\/wp\/v2\/categories?post=113035"},{"taxonomy":"post_tag","embeddable":true,"href":"https:\/\/senoticias.com.br\/se\/wp-json\/wp\/v2\/tags?post=113035"}],"curies":[{"name":"wp","href":"https:\/\/api.w.org\/{rel}","templated":true}]}}