{"id":113033,"date":"2018-05-17T14:56:14","date_gmt":"2018-05-17T17:56:14","guid":{"rendered":"https:\/\/senoticias.com.br\/se\/?p=113033"},"modified":"2018-05-17T14:57:15","modified_gmt":"2018-05-17T17:57:15","slug":"lancado-edital-de-processo-seletivo-simplificado-para-executor-de-servico-basico","status":"publish","type":"post","link":"https:\/\/senoticias.com.br\/se\/lancado-edital-de-processo-seletivo-simplificado-para-executor-de-servico-basico\/","title":{"rendered":"Governo de Sergipe abre Processo Seletivo Simplificado para Executor de Servi\u00e7o B\u00e1sico"},"content":{"rendered":"<p style=\"text-align: justify;\">O Governo do Estado, atrav\u00e9s das secretarias de Estado do Planejamento, Or\u00e7amento e Gest\u00e3o (Seplag) e da Educa\u00e7\u00e3o (Seed), lan\u00e7ou nesta quinta-feira, 17, o edital do Processo Seletivo Simplificado (PSS) para contrata\u00e7\u00e3o tempor\u00e1ria de Executores de Servi\u00e7os B\u00e1sicos, a exercerem a fun\u00e7\u00e3o nas unidades de ensino da Rede P\u00fablica Estadual. As inscri\u00e7\u00f5es ter\u00e3o in\u00edcio nesta sexta-feira, 18, e se estender\u00e3o at\u00e9 22 de maio, devendo serem feitas atrav\u00e9s do Portal da Seplag (<a href=\"http:\/\/seplag.se.gov.br\/\">http:\/\/seplag.se.gov.br\/<\/a>).<\/p>\n<div id=\"attachment_113034\" style=\"width: 609px\" class=\"wp-caption aligncenter\"><a href=\"https:\/\/senoticias.com.br\/se\/wp-content\/uploads\/2018\/05\/n13356_2.jpg\"><img loading=\"lazy\" decoding=\"async\" aria-describedby=\"caption-attachment-113034\" class=\"size-full wp-image-113034\" src=\"https:\/\/senoticias.com.br\/se\/wp-content\/uploads\/2018\/05\/n13356_2-e1526579580276.jpg\" alt=\"\" width=\"599\" height=\"421\" \/><\/a><p id=\"caption-attachment-113034\" class=\"wp-caption-text\">As inscri\u00e7\u00f5es ter\u00e3o in\u00edcio nesta sexta-feira, 18, e se estender\u00e3o at\u00e9 22 de maio (foto: Jana\u00edna Santos\/Seed)<\/p><\/div>\n<p style=\"text-align: justify;\">N\u00e3o ser\u00e1 permitida a inscri\u00e7\u00e3o em mais de um munic\u00edpio. Se o candidato confirmar a inscri\u00e7\u00e3o e perceber que errou na escolha do cargo ou lota\u00e7\u00e3o, poder\u00e1, no prazo de at\u00e9 24 horas, cancel\u00e1-la e efetivar nova inscri\u00e7\u00e3o. O processo seletivo ser\u00e1 realizado em uma \u00fanica etapa: a Avalia\u00e7\u00e3o de T\u00edtulos, de car\u00e1ter eliminat\u00f3rio e classificat\u00f3rio e as informa\u00e7\u00f5es poder\u00e3o ser observadas no<a href=\"http:\/\/seplag.se.gov.br\/index.php\/concursos\/concursos-em-andamento\/pss-03-2018-executor-de-servicos-basicos\/\">\u00a0edital.<\/a><\/p>\n<p style=\"text-align: justify;\">A carga hor\u00e1ria \u00e9 de 30 horas semanais, podendo o candidato exercer suas fun\u00e7\u00f5es nos turnos da manh\u00e3, tarde ou noite, de acordo com a necessidade da unidade de ensino onde for lotado. J\u00e1 a remunera\u00e7\u00e3o mensal corresponde a um sal\u00e1rio m\u00ednimo.<\/p>\n<p>&nbsp;<\/p>\n<p style=\"text-align: justify;\">Os candidatos aprovados ter\u00e3o atribui\u00e7\u00f5es como executar atividades e servi\u00e7os gerais, de n\u00edvel prim\u00e1rio, envolvendo orienta\u00e7\u00e3o e execu\u00e7\u00e3o de servi\u00e7os operacionais semiqualificados de infraestrutura; conserva\u00e7\u00e3o de limpeza; jardinagem; entre outras.<\/p>\n<p>&nbsp;<\/p>\n<p>A sele\u00e7\u00e3o tem o prazo de vig\u00eancia de um ano contado da data da publica\u00e7\u00e3o do resultado definitivo no Di\u00e1rio Oficial do Estado, podendo ser prorrogado uma vez por igual per\u00edodo.<\/p>\n<p>&nbsp;<\/p>\n<p style=\"text-align: justify;\">O diretor do Departamento de Recursos Humanos (DRH) da Secretaria de Estado da Educa\u00e7\u00e3o, Jorge Costa, explica a necessidade da abertura da sele\u00e7\u00e3o.<\/p>\n<p style=\"text-align: justify;\">&#8220;Em virtude do n\u00famero reduzido de profissionais em determinadas escolas da rede por conta da aposentadoria ou exonera\u00e7\u00e3o, foi autorizada em car\u00e1ter de urg\u00eancia o edital para executor de servi\u00e7os b\u00e1sicos. A distribui\u00e7\u00e3o das vagas foi feita de acordo com a necessidade das escolas por Diretoria Regional de Educa\u00e7\u00e3o&#8221;, disse.<\/p>\n<p style=\"text-align: justify;\">O resultado definitivo do PSS est\u00e1 previsto para ser divulgado no dia 6 de junho, nos portais da Seplag e da Seed.<\/p>\n<p align=\"center\"><strong>\u00a0<\/strong><\/p>\n<p><strong>Pr\u00e9-requisitos e vagas<\/strong><\/p>\n<p><strong>\u00a0<\/strong><\/p>\n<p style=\"text-align: justify;\">Para o cargo de Executor de Servi\u00e7os B\u00e1sicos ser\u00e1 exigida a escolaridade m\u00ednima de n\u00edvel fundamental completo. Os candidatos classificados nesta sele\u00e7\u00e3o ocupar\u00e3o temporariamente as vagas em alguma unidade escolar de sua op\u00e7\u00e3o, informada no ato de inscri\u00e7\u00e3o, observada a ordem de classifica\u00e7\u00e3o por Diretoria de Educa\u00e7\u00e3o.<\/p>\n<p style=\"text-align: justify;\"><a href=\"https:\/\/senoticias.com.br\/se\/wp-content\/uploads\/2018\/05\/Logomarca-fone-SE-4-2-1.jpg\"><img loading=\"lazy\" decoding=\"async\" class=\"aligncenter size-full wp-image-112673\" src=\"https:\/\/senoticias.com.br\/se\/wp-content\/uploads\/2018\/05\/Logomarca-fone-SE-4-2-1.jpg\" alt=\"\" width=\"599\" height=\"78\" srcset=\"https:\/\/senoticias.com.br\/se\/wp-content\/uploads\/2018\/05\/Logomarca-fone-SE-4-2-1.jpg 599w, https:\/\/senoticias.com.br\/se\/wp-content\/uploads\/2018\/05\/Logomarca-fone-SE-4-2-1-300x39.jpg 300w\" sizes=\"(max-width: 599px) 100vw, 599px\" \/><\/a><\/p>\n<p>&nbsp;<\/p>\n<p><em><strong>Acompanhe tamb\u00e9m o SE Not\u00edcias no<\/strong><span class=\"apple-converted-space\"><b>\u00a0<\/b><\/span><a href=\"https:\/\/twitter.com\/Senoticias\" target=\"_blank\" rel=\"noopener\"><b>Twitter<\/b><\/a><strong>,<\/strong><span class=\"apple-converted-space\"><b>\u00a0<\/b><\/span><a href=\"https:\/\/www.facebook.com\/senoticias1\" target=\"_blank\" rel=\"noopener\"><b>Facebook<\/b><span class=\"apple-converted-space\"><b>\u00a0<\/b><\/span><\/a><strong>e no<\/strong><span class=\"apple-converted-space\"><b>\u00a0<\/b><\/span><a href=\"https:\/\/www.instagram.com\/senoticias\/\" target=\"_blank\" rel=\"noopener\"><b>Instagram<\/b><\/a><\/em><\/p>\n<p>&nbsp;<\/p>\n<p><em>Mat\u00e9ria extra\u00edda do <a href=\"http:\/\/www.seed.se.gov.br\/noticia.asp?cdnoticia=13356#!prettyPhoto\"><strong>site<\/strong><\/a> do Seed<\/em><\/p>\n","protected":false},"excerpt":{"rendered":"<p>O Governo do Estado, atrav\u00e9s das secretarias de Estado do Planejamento, Or\u00e7amento e Gest\u00e3o (Seplag) e da Educa\u00e7\u00e3o (Seed), lan\u00e7ou nesta quinta-feira, 17, o edital do Processo Seletivo Simplificado (PSS) para contrata\u00e7\u00e3o tempor\u00e1ria de Executores de Servi\u00e7os B\u00e1sicos, a exercerem a fun\u00e7\u00e3o nas unidades de ensino da Rede P\u00fablica Estadual. As inscri\u00e7\u00f5es ter\u00e3o in\u00edcio nesta [&hellip;]<\/p>\n","protected":false},"author":6552,"featured_media":113034,"comment_status":"closed","ping_status":"closed","sticky":false,"template":"","format":"standard","meta":{"footnotes":""},"categories":[15,6],"tags":[9833,7144,4522],"class_list":{"0":"post-113033","1":"post","2":"type-post","3":"status-publish","4":"format-standard","5":"has-post-thumbnail","7":"category-destaques","8":"category-politica","9":"tag-executor-de-servicos-basicos","10":"tag-processo-seletivo-simplificado","11":"tag-seed"},"_links":{"self":[{"href":"https:\/\/senoticias.com.br\/se\/wp-json\/wp\/v2\/posts\/113033"}],"collection":[{"href":"https:\/\/senoticias.com.br\/se\/wp-json\/wp\/v2\/posts"}],"about":[{"href":"https:\/\/senoticias.com.br\/se\/wp-json\/wp\/v2\/types\/post"}],"author":[{"embeddable":true,"href":"https:\/\/senoticias.com.br\/se\/wp-json\/wp\/v2\/users\/6552"}],"replies":[{"embeddable":true,"href":"https:\/\/senoticias.com.br\/se\/wp-json\/wp\/v2\/comments?post=113033"}],"version-history":[{"count":0,"href":"https:\/\/senoticias.com.br\/se\/wp-json\/wp\/v2\/posts\/113033\/revisions"}],"wp:featuredmedia":[{"embeddable":true,"href":"https:\/\/senoticias.com.br\/se\/wp-json\/wp\/v2\/media\/113034"}],"wp:attachment":[{"href":"https:\/\/senoticias.com.br\/se\/wp-json\/wp\/v2\/media?parent=113033"}],"wp:term":[{"taxonomy":"category","embeddable":true,"href":"https:\/\/senoticias.com.br\/se\/wp-json\/wp\/v2\/categories?post=113033"},{"taxonomy":"post_tag","embeddable":true,"href":"https:\/\/senoticias.com.br\/se\/wp-json\/wp\/v2\/tags?post=113033"}],"curies":[{"name":"wp","href":"https:\/\/api.w.org\/{rel}","templated":true}]}}