{"id":112977,"date":"2018-05-15T14:40:00","date_gmt":"2018-05-15T17:40:00","guid":{"rendered":"https:\/\/senoticias.com.br\/se\/?p=112977"},"modified":"2018-05-15T14:46:25","modified_gmt":"2018-05-15T17:46:25","slug":"policia-civil-prende-dupla-acusada-de-aplicar-golpes-de-consorcio-contemplado","status":"publish","type":"post","link":"https:\/\/senoticias.com.br\/se\/policia-civil-prende-dupla-acusada-de-aplicar-golpes-de-consorcio-contemplado\/","title":{"rendered":"Pol\u00edcia Civil prende dupla acusada de aplicar golpes de cons\u00f3rcio contemplado"},"content":{"rendered":"<p style=\"text-align: justify;\">Uma a\u00e7\u00e3o da Pol\u00edcia Civil, por meio da 5\u00aa Delegacia Metropolitana (5\u00aaDM), com o apoio de peritos do Instituto de Criminal\u00edstica (IC), desencadeada nessa segunda-feira, 14, resultou na pris\u00e3o de dois vendedores de cons\u00f3rcio acusados de aplicar o golpe da carta de cr\u00e9dito contemplada. S\u00e3o eles: Ana Gabriele de Souza Santos, 22 anos; e S\u00e1vio Rodrigo de Jesus Santos, 23 anos. A dupla foi presa dentro da pr\u00f3pria empresa, situada na Avenida Principal do Conjunto Jo\u00e3o Alves, munic\u00edpio de Nossa Senhora do Socorro.<\/p>\n<div id=\"attachment_112978\" style=\"width: 609px\" class=\"wp-caption aligncenter\"><a href=\"https:\/\/senoticias.com.br\/se\/wp-content\/uploads\/2018\/05\/untitled-e1526406212899.png\"><img loading=\"lazy\" decoding=\"async\" aria-describedby=\"caption-attachment-112978\" class=\"size-full wp-image-112978\" src=\"https:\/\/senoticias.com.br\/se\/wp-content\/uploads\/2018\/05\/untitled-e1526406212899.png\" alt=\"\" width=\"599\" height=\"415\" \/><\/a><p id=\"caption-attachment-112978\" class=\"wp-caption-text\">Vendedores induziam clientes com a falsa promessa de receber a premia\u00e7\u00e3o no prazo de 10 a 15 dias. Mais de 14 pessoas foram v\u00edtimas (foto: SSP\/SE0<\/p><\/div>\n<p style=\"text-align: justify;\">De acordo com o delegado Marcelo Paes, titular da 5\u00aa DM, as investiga\u00e7\u00f5es iniciaram h\u00e1 30 dias, quando algumas v\u00edtimas procuraram a delegacia para denunciar a venda de cartas de cr\u00e9dito com a falsa promessa de receber a premia\u00e7\u00e3o no prazo de 10 a 15 dias. \u201cSegundo as v\u00edtimas, a dupla vendia as cartas como se elas fossem contempladas, alegando que as v\u00edtimas receberiam a premia\u00e7\u00e3o no prazo de 10 dias ou um pouco mais, como tamb\u00e9m vendiam o cons\u00f3rcio como se fosse um empr\u00e9stimo pessoal com juros baixo, dando o mesmo prazo para recebimento do valor\u201d, explicou.<\/p>\n<p>&nbsp;<\/p>\n<p style=\"text-align: justify;\">De posse das informa\u00e7\u00f5es levantadas, as equipes da 5\u00aa DM, com o apoio de tr\u00eas peritos do instituto de Criminal\u00edstica, dirigiram-se at\u00e9 o estabelecimento comercial respons\u00e1vel pelas vendas das cartas de cr\u00e9dito e efetuaram a pris\u00e3o de Ana Gabriele e S\u00e1vio Rodrigo. \u201cAl\u00e9m da pris\u00e3o da dupla, conduzimos cerca de oito vendedores a fim de prestarem depoimento na delegacia, como tamb\u00e9m apreendemos dois aparelhos de telefone celular, um HD externo e centenas de documentos que passar\u00e3o pelo procedimento de per\u00edcia\u201d, salientou Marcelo Paes.<\/p>\n<p style=\"text-align: justify;\">A dupla foi presa e responder\u00e1 pelo crime de estelionato. Ana Gabriele foi conduzida para a 2\u00aaDM; j\u00e1 S\u00e1vio Rodrigo se encontra custodiado na 4\u00aaDM.<\/p>\n<p style=\"text-align: justify;\">Ainda de acordo com o delegado Marcelo Paes, as investiga\u00e7\u00f5es continuam no intuito de verificar se outras pessoas foram lesadas. \u201cAt\u00e9 o momento da opera\u00e7\u00e3o, mais de 14 pessoas tinham sido v\u00edtimas do golpe. Acredito que, com a divulga\u00e7\u00e3o do caso, outras pessoas procurem a delegacia para denuncia o caso\u201d, finalizou.<\/p>\n<p>&nbsp;<\/p>\n<p><a href=\"https:\/\/senoticias.com.br\/se\/wp-content\/uploads\/2018\/05\/Logomarca-fone-SE-4-2-1.jpg\"><img loading=\"lazy\" decoding=\"async\" class=\"aligncenter size-full wp-image-112673\" src=\"https:\/\/senoticias.com.br\/se\/wp-content\/uploads\/2018\/05\/Logomarca-fone-SE-4-2-1.jpg\" alt=\"\" width=\"599\" height=\"78\" srcset=\"https:\/\/senoticias.com.br\/se\/wp-content\/uploads\/2018\/05\/Logomarca-fone-SE-4-2-1.jpg 599w, https:\/\/senoticias.com.br\/se\/wp-content\/uploads\/2018\/05\/Logomarca-fone-SE-4-2-1-300x39.jpg 300w\" sizes=\"(max-width: 599px) 100vw, 599px\" \/><\/a><\/p>\n<p>&nbsp;<\/p>\n<p><em><strong>Acompanhe tamb\u00e9m o SE Not\u00edcias no<\/strong><span class=\"apple-converted-space\"><b>\u00a0<\/b><\/span><a href=\"https:\/\/twitter.com\/Senoticias\" target=\"_blank\" rel=\"noopener\"><b>Twitter<\/b><\/a><strong>,<\/strong><span class=\"apple-converted-space\"><b>\u00a0<\/b><\/span><a href=\"https:\/\/www.facebook.com\/senoticias1\" target=\"_blank\" rel=\"noopener\"><b>Facebook<\/b><span class=\"apple-converted-space\"><b>\u00a0<\/b><\/span><\/a><strong>e no<\/strong><span class=\"apple-converted-space\"><b>\u00a0<\/b><\/span><a href=\"https:\/\/www.instagram.com\/senoticias\/\" target=\"_blank\" rel=\"noopener\"><b>Instagram<\/b><\/a><\/em><\/p>\n<p>&nbsp;<\/p>\n<p><em>Informa\u00e7\u00f5es da SSP\/SE<\/em><\/p>\n","protected":false},"excerpt":{"rendered":"<p>Uma a\u00e7\u00e3o da Pol\u00edcia Civil, por meio da 5\u00aa Delegacia Metropolitana (5\u00aaDM), com o apoio de peritos do Instituto de Criminal\u00edstica (IC), desencadeada nessa segunda-feira, 14, resultou na pris\u00e3o de dois vendedores de cons\u00f3rcio acusados de aplicar o golpe da carta de cr\u00e9dito contemplada. S\u00e3o eles: Ana Gabriele de Souza Santos, 22 anos; e S\u00e1vio [&hellip;]<\/p>\n","protected":false},"author":6552,"featured_media":112978,"comment_status":"closed","ping_status":"closed","sticky":false,"template":"","format":"standard","meta":{"footnotes":""},"categories":[15,7],"tags":[9805,9804,78],"class_list":{"0":"post-112977","1":"post","2":"type-post","3":"status-publish","4":"format-standard","5":"has-post-thumbnail","7":"category-destaques","8":"category-policia","9":"tag-5a-delegacia-metropolitana","10":"tag-5a-dm","11":"tag-policia-civil"},"_links":{"self":[{"href":"https:\/\/senoticias.com.br\/se\/wp-json\/wp\/v2\/posts\/112977"}],"collection":[{"href":"https:\/\/senoticias.com.br\/se\/wp-json\/wp\/v2\/posts"}],"about":[{"href":"https:\/\/senoticias.com.br\/se\/wp-json\/wp\/v2\/types\/post"}],"author":[{"embeddable":true,"href":"https:\/\/senoticias.com.br\/se\/wp-json\/wp\/v2\/users\/6552"}],"replies":[{"embeddable":true,"href":"https:\/\/senoticias.com.br\/se\/wp-json\/wp\/v2\/comments?post=112977"}],"version-history":[{"count":0,"href":"https:\/\/senoticias.com.br\/se\/wp-json\/wp\/v2\/posts\/112977\/revisions"}],"wp:featuredmedia":[{"embeddable":true,"href":"https:\/\/senoticias.com.br\/se\/wp-json\/wp\/v2\/media\/112978"}],"wp:attachment":[{"href":"https:\/\/senoticias.com.br\/se\/wp-json\/wp\/v2\/media?parent=112977"}],"wp:term":[{"taxonomy":"category","embeddable":true,"href":"https:\/\/senoticias.com.br\/se\/wp-json\/wp\/v2\/categories?post=112977"},{"taxonomy":"post_tag","embeddable":true,"href":"https:\/\/senoticias.com.br\/se\/wp-json\/wp\/v2\/tags?post=112977"}],"curies":[{"name":"wp","href":"https:\/\/api.w.org\/{rel}","templated":true}]}}