{"id":112974,"date":"2018-05-15T14:13:56","date_gmt":"2018-05-15T17:13:56","guid":{"rendered":"https:\/\/senoticias.com.br\/se\/?p=112974"},"modified":"2018-05-15T14:38:32","modified_gmt":"2018-05-15T17:38:32","slug":"prefeitura-de-aracaju-leva-servicos-e-assistencia-aos-ocupantes-do-mtst","status":"publish","type":"post","link":"https:\/\/senoticias.com.br\/se\/prefeitura-de-aracaju-leva-servicos-e-assistencia-aos-ocupantes-do-mtst\/","title":{"rendered":"Prefeitura de Aracaju leva servi\u00e7os e assist\u00eancia aos ocupantes do MTST"},"content":{"rendered":"<p style=\"text-align: justify;\"><span style=\"color: #000000;\">Como selado em acordo com representantes do Movimento de Trabalhadores Sem Terra (MTST) e dos ocupantes do terreno na Coroa do Meio em reuni\u00e3o na segunda-feira, 14, j\u00e1 na manh\u00e3 desta ter\u00e7a-feira, 15, equipes da Prefeitura de Aracaju, por meio das secretarias municipais da Assist\u00eancia Social, do Planejamento, Or\u00e7amento de Gest\u00e3o (Seplog) e da Sa\u00fade (SMS), realizaram servi\u00e7os para melhor assistir os ocupantes que receberam acolhimento num galp\u00e3o cedido pela Prefeitura.<\/span><\/p>\n<p>&nbsp;<\/p>\n<div id=\"attachment_112975\" style=\"width: 609px\" class=\"wp-caption aligncenter\"><a href=\"https:\/\/senoticias.com.br\/se\/wp-content\/uploads\/2018\/05\/ocupantes-SENOTICIAS-e1526404345467.jpg\"><img loading=\"lazy\" decoding=\"async\" aria-describedby=\"caption-attachment-112975\" class=\"wp-image-112975 size-full\" src=\"https:\/\/senoticias.com.br\/se\/wp-content\/uploads\/2018\/05\/ocupantes-SENOTICIAS-e1526404345467.jpg\" alt=\"\" width=\"599\" height=\"382\" \/><\/a><p id=\"caption-attachment-112975\" class=\"wp-caption-text\">Foto: Silvio Rocha<\/p><\/div>\n<p style=\"text-align: justify;\"><span style=\"color: #000000; text-align: justify;\">No in\u00edcio da manh\u00e3, o Centro de Testagem e Aconselhamento (CTA) levou uma unidade itinerante at\u00e9 o galp\u00e3o onde os ocupantes est\u00e3o sendo alojados para disponibilizar testes r\u00e1pidos de hepatites (B e C), HIV\/Aids e s\u00edfilis. \u201cN\u00f3s oferecemos a todos os que tinham interesse em realizar o teste. O resultado saiu poucos minutos depois. O ve\u00edculo tem toda a estrutura necess\u00e1ria para fornecer o servi\u00e7o que \u00e9 de extrema import\u00e2ncia, ainda mais em um local em que verificamos que existem muitas mulheres gr\u00e1vidas e que, muitas vezes, n\u00e3o fizeram um acompanhamento do pr\u00e9-natal. Tudo \u00e9 feito de maneira muito din\u00e2mica. Conversamos com cada um antes at\u00e9 para termos conhecimento de como anda a sa\u00fade deles e, logo depois, realizamos a coleta de sangue. A receptividade foi muito boa\u201d, afirmou a psic\u00f3loga que faz parte da equipe do CTA, Aline Rabelo.<\/span><\/p>\n<p style=\"text-align: justify;\"><span style=\"color: #000000;\">Uma das ocupantes, a senhora Lindete Santos, de 68 anos, ficou satisfeita com o servi\u00e7o. \u201cAcho importante sempre cuidar da sa\u00fade e hoje tivemos a facilidade de fazer os testes onde estamos alojados e isso foi muito bom\u201d, disse logo ap\u00f3s receber o resultado negativo para as doen\u00e7as que realizou o teste.<\/span><\/p>\n<p style=\"text-align: justify;\"><span style=\"color: #000000;\">Al\u00e9m do servi\u00e7o de sa\u00fade, outra provid\u00eancia tomada pela Prefeitura foi o come\u00e7o da instala\u00e7\u00e3o dos ventiladores, como ficou acertado. Ainda pela manh\u00e3, os andaimes foram colocados no galp\u00e3o para que pudessem servir na montagem dos 30 aparelhos. Bebedouros el\u00e9tricos tamb\u00e9m ser\u00e3o alocados no galp\u00e3o, um total de seis.<\/span><\/p>\n<p style=\"text-align: justify;\"><span style=\"color: #000000;\">Equipes da Assist\u00eancia Social tamb\u00e9m estiveram no galp\u00e3o para cumprir outra medida acertada em acordo. Hoje, foram entregues 15 cestas b\u00e1sicas para os ocupantes e, na pr\u00f3xima semana, outras 15 chegar\u00e3o. \u201cAssim foi o que acertamos com o movimento e com os ocupantes. Entregamos tamb\u00e9m \u00e1gua e estamos repondo os materiais de limpeza e higiene. \u00c9 um esfor\u00e7o que fazemos para tentar melhorar condi\u00e7\u00f5es dessas fam\u00edlias\u201d, ressaltou a diretora da Prote\u00e7\u00e3o Social, In\u00e1cia Brito.<\/span><\/p>\n<p style=\"text-align: justify;\"><span style=\"color: #000000;\">\u201cA gente percebe que a Prefeitura est\u00e1 fazendo a parte dela e ficamos agradecidos por estarem cumprindo o que ficou combinado. N\u00f3s, do movimento, nos reunimos constantemente para pontuar algumas quest\u00f5es e reconhecemos quando algo positivo \u00e9 feito, como foi o caso hoje\u201d, considerou um dos coordenadores da ocupa\u00e7\u00e3o, Denisson Santos.<\/span><\/p>\n<p>&nbsp;<\/p>\n<p><a href=\"https:\/\/senoticias.com.br\/se\/wp-content\/uploads\/2018\/05\/Logomarca-fone-SE-4-2-1.jpg\"><img loading=\"lazy\" decoding=\"async\" class=\"aligncenter wp-image-112673 size-full\" src=\"https:\/\/senoticias.com.br\/se\/wp-content\/uploads\/2018\/05\/Logomarca-fone-SE-4-2-1.jpg\" alt=\"\" width=\"599\" height=\"78\" srcset=\"https:\/\/senoticias.com.br\/se\/wp-content\/uploads\/2018\/05\/Logomarca-fone-SE-4-2-1.jpg 599w, https:\/\/senoticias.com.br\/se\/wp-content\/uploads\/2018\/05\/Logomarca-fone-SE-4-2-1-300x39.jpg 300w\" sizes=\"(max-width: 599px) 100vw, 599px\" \/><\/a><\/p>\n<p>Por Ag\u00eancia Aracaju de Not\u00edcias<\/p>\n","protected":false},"excerpt":{"rendered":"<p>Como selado em acordo com representantes do Movimento de Trabalhadores Sem Terra (MTST) e dos ocupantes do terreno na Coroa do Meio em reuni\u00e3o na segunda-feira, 14, j\u00e1 na manh\u00e3 desta ter\u00e7a-feira, 15, equipes da Prefeitura de Aracaju, por meio das secretarias municipais da Assist\u00eancia Social, do Planejamento, Or\u00e7amento de Gest\u00e3o (Seplog) e da Sa\u00fade [&hellip;]<\/p>\n","protected":false},"author":6553,"featured_media":0,"comment_status":"closed","ping_status":"closed","sticky":false,"template":"","format":"standard","meta":{"footnotes":""},"categories":[15],"tags":[339,9803,9802,2884,3835],"class_list":{"0":"post-112974","1":"post","2":"type-post","3":"status-publish","4":"format-standard","6":"category-destaques","7":"tag-aracaju","8":"tag-mtst","9":"tag-ocupantes","10":"tag-prefeitura","11":"tag-servicos"},"_links":{"self":[{"href":"https:\/\/senoticias.com.br\/se\/wp-json\/wp\/v2\/posts\/112974"}],"collection":[{"href":"https:\/\/senoticias.com.br\/se\/wp-json\/wp\/v2\/posts"}],"about":[{"href":"https:\/\/senoticias.com.br\/se\/wp-json\/wp\/v2\/types\/post"}],"author":[{"embeddable":true,"href":"https:\/\/senoticias.com.br\/se\/wp-json\/wp\/v2\/users\/6553"}],"replies":[{"embeddable":true,"href":"https:\/\/senoticias.com.br\/se\/wp-json\/wp\/v2\/comments?post=112974"}],"version-history":[{"count":0,"href":"https:\/\/senoticias.com.br\/se\/wp-json\/wp\/v2\/posts\/112974\/revisions"}],"wp:attachment":[{"href":"https:\/\/senoticias.com.br\/se\/wp-json\/wp\/v2\/media?parent=112974"}],"wp:term":[{"taxonomy":"category","embeddable":true,"href":"https:\/\/senoticias.com.br\/se\/wp-json\/wp\/v2\/categories?post=112974"},{"taxonomy":"post_tag","embeddable":true,"href":"https:\/\/senoticias.com.br\/se\/wp-json\/wp\/v2\/tags?post=112974"}],"curies":[{"name":"wp","href":"https:\/\/api.w.org\/{rel}","templated":true}]}}