{"id":112972,"date":"2018-05-15T07:47:24","date_gmt":"2018-05-15T10:47:24","guid":{"rendered":"https:\/\/senoticias.com.br\/se\/?p=112972"},"modified":"2018-05-15T11:14:57","modified_gmt":"2018-05-15T14:14:57","slug":"prefeito-sao-cristovao-participa-de-cafe-da-manha-em-comemoracao-ao-dia-do-gari","status":"publish","type":"post","link":"https:\/\/senoticias.com.br\/se\/prefeito-sao-cristovao-participa-de-cafe-da-manha-em-comemoracao-ao-dia-do-gari\/","title":{"rendered":"Prefeito de S\u00e3o Crist\u00f3v\u00e3o participa de caf\u00e9 da manh\u00e3 em comemora\u00e7\u00e3o ao Dia do Gari"},"content":{"rendered":"<p style=\"text-align: justify;\">Por conta do Dia Nacional do Gari, que ser\u00e1 celebrado nesta quarta-feira, 16, profissionais ligados \u00e0 Secretaria de Servi\u00e7os Urbanos, da Prefeitura de S\u00e3o Crist\u00f3v\u00e3o foram convidados pelo prefeito de S\u00e3o Crist\u00f3v\u00e3o, Marcos Santana, para um caf\u00e9 da manh\u00e3.<\/p>\n<div id=\"attachment_112973\" style=\"width: 609px\" class=\"wp-caption aligncenter\"><a href=\"https:\/\/senoticias.com.br\/se\/wp-content\/uploads\/2018\/05\/LOC-GARI-SE-NOTICIAS.jpg\"><img loading=\"lazy\" decoding=\"async\" aria-describedby=\"caption-attachment-112973\" class=\"size-full wp-image-112973\" src=\"https:\/\/senoticias.com.br\/se\/wp-content\/uploads\/2018\/05\/LOC-GARI-SE-NOTICIAS-e1526381138368.jpg\" alt=\"\" width=\"599\" height=\"500\" \/><\/a><p id=\"caption-attachment-112973\" class=\"wp-caption-text\">Dia do Gari \u00e9 comemorado com caf\u00e9 da manh\u00e3 em S\u00e3o Crist\u00f3v\u00e3o (foto: arquivo\/LOC)<\/p><\/div>\n<p style=\"text-align: justify;\">O evento contar\u00e1 com a participa\u00e7\u00e3o de cerca de 150 garis que trabalham no munic\u00edpio.<\/p>\n<p style=\"text-align: justify;\">A solenidade ocorrer\u00e1 amanh\u00e3 (16), \u00e0s 7h no Pa\u00e7o Municipal (antigo Orfanato Lar Imaculada Concei\u00e7\u00e3o), no Centro Hist\u00f3rico.<\/p>\n<p><strong>Dia dos Garis<\/strong><\/p>\n<p style=\"text-align: justify;\">A denomina\u00e7\u00e3o profissional &#8216;gari&#8217; \u00e9 uma homenagem ao franc\u00eas Pedro Aleixo Gary, que em 1876 assinou contrato com o Minist\u00e9rio dos Neg\u00f3cios do Imp\u00e9rio para executar os servi\u00e7os de limpeza da cidade do Rio de Janeiro.<\/p>\n<p><em>Reda\u00e7\u00e3o SE Not\u00edcias<\/em><\/p>\n","protected":false},"excerpt":{"rendered":"<p>Por conta do Dia Nacional do Gari, que ser\u00e1 celebrado nesta quarta-feira, 16, profissionais ligados \u00e0 Secretaria de Servi\u00e7os Urbanos, da Prefeitura de S\u00e3o Crist\u00f3v\u00e3o foram convidados pelo prefeito de S\u00e3o Crist\u00f3v\u00e3o, Marcos Santana, para um caf\u00e9 da manh\u00e3. O evento contar\u00e1 com a participa\u00e7\u00e3o de cerca de 150 garis que trabalham no munic\u00edpio. A [&hellip;]<\/p>\n","protected":false},"author":6552,"featured_media":112973,"comment_status":"closed","ping_status":"closed","sticky":false,"template":"","format":"standard","meta":{"footnotes":""},"categories":[6],"tags":[9800,9801,1498,81],"class_list":{"0":"post-112972","1":"post","2":"type-post","3":"status-publish","4":"format-standard","5":"has-post-thumbnail","7":"category-politica","8":"tag-dia-dos-garis","9":"tag-dia-nacional-do-gari","10":"tag-marcos-santana","11":"tag-prefeitura-de-sao-cristovao"},"_links":{"self":[{"href":"https:\/\/senoticias.com.br\/se\/wp-json\/wp\/v2\/posts\/112972"}],"collection":[{"href":"https:\/\/senoticias.com.br\/se\/wp-json\/wp\/v2\/posts"}],"about":[{"href":"https:\/\/senoticias.com.br\/se\/wp-json\/wp\/v2\/types\/post"}],"author":[{"embeddable":true,"href":"https:\/\/senoticias.com.br\/se\/wp-json\/wp\/v2\/users\/6552"}],"replies":[{"embeddable":true,"href":"https:\/\/senoticias.com.br\/se\/wp-json\/wp\/v2\/comments?post=112972"}],"version-history":[{"count":0,"href":"https:\/\/senoticias.com.br\/se\/wp-json\/wp\/v2\/posts\/112972\/revisions"}],"wp:featuredmedia":[{"embeddable":true,"href":"https:\/\/senoticias.com.br\/se\/wp-json\/wp\/v2\/media\/112973"}],"wp:attachment":[{"href":"https:\/\/senoticias.com.br\/se\/wp-json\/wp\/v2\/media?parent=112972"}],"wp:term":[{"taxonomy":"category","embeddable":true,"href":"https:\/\/senoticias.com.br\/se\/wp-json\/wp\/v2\/categories?post=112972"},{"taxonomy":"post_tag","embeddable":true,"href":"https:\/\/senoticias.com.br\/se\/wp-json\/wp\/v2\/tags?post=112972"}],"curies":[{"name":"wp","href":"https:\/\/api.w.org\/{rel}","templated":true}]}}