{"id":112932,"date":"2018-05-14T14:28:36","date_gmt":"2018-05-14T17:28:36","guid":{"rendered":"https:\/\/senoticias.com.br\/se\/?p=112932"},"modified":"2018-05-14T15:28:55","modified_gmt":"2018-05-14T18:28:55","slug":"confira-os-23-convocados-da-selecao-brasileira-para-a-copa-da-russia","status":"publish","type":"post","link":"https:\/\/senoticias.com.br\/se\/confira-os-23-convocados-da-selecao-brasileira-para-a-copa-da-russia\/","title":{"rendered":"Confira os 23 convocados da sele\u00e7\u00e3o brasileira para a Copa da R\u00fassia"},"content":{"rendered":"<p style=\"text-align: justify\"><span style=\"color: #000000\">Na tarde desta segunda-feira, 14 de maio, o treinador Tite (Adenor Leonardo Bacchi) anunciou os 23 jogadores convocados da sele\u00e7\u00e3o brasileira de futebol para a Copa do Mundo R\u00fassia 2018. <\/span><span style=\"color: #000000\">S\u00e3o eles:<\/span><\/p>\n<p style=\"text-align: justify\"><span style=\"color: #000000\"><strong>Meias\/Atacantes<\/strong><\/span><\/p>\n<p style=\"text-align: justify\"><span style=\"color: #000000\">Renato Augusto, Philippe Coutinho, Douglas Costa e Willian<\/span><\/p>\n<p>&nbsp;<\/p>\n<p>&nbsp;<\/p>\n<div id=\"attachment_112933\" style=\"width: 610px\" class=\"wp-caption aligncenter\"><a href=\"https:\/\/senoticias.com.br\/se\/wp-content\/uploads\/2018\/05\/meias-atacantes.jpg\"><img loading=\"lazy\" decoding=\"async\" aria-describedby=\"caption-attachment-112933\" class=\"wp-image-112933 size-full\" src=\"https:\/\/senoticias.com.br\/se\/wp-content\/uploads\/2018\/05\/meias-atacantes-e1526318611325.jpg\" alt=\"\" width=\"600\" height=\"315\" \/><\/a><p id=\"caption-attachment-112933\" class=\"wp-caption-text\">Imagens: CBF<\/p><\/div>\n<p>&nbsp;<\/p>\n<p style=\"text-align: justify\"><span style=\"color: #000000\"><strong>Zagueiros<\/strong><\/span><\/p>\n<p style=\"text-align: justify\"><span style=\"color: #000000\">Thiago Silva, Marquinhos, Miranda e Pedro Geromel<\/span><\/p>\n<p><a href=\"https:\/\/senoticias.com.br\/se\/wp-content\/uploads\/2018\/05\/zagueiros.jpg\"><img loading=\"lazy\" decoding=\"async\" class=\"aligncenter wp-image-112934 size-full\" src=\"https:\/\/senoticias.com.br\/se\/wp-content\/uploads\/2018\/05\/zagueiros-e1526318656503.jpg\" alt=\"\" width=\"600\" height=\"315\" \/><\/a><\/p>\n<p>&nbsp;<\/p>\n<p style=\"text-align: justify\"><strong><span style=\"color: #000000\">Atacantes<\/span><\/strong><\/p>\n<p style=\"text-align: justify\"><span style=\"color: #000000\"> Neymar, Taison, Gabriel Jesus e Roberto Firmino<\/span><\/p>\n<p><a href=\"https:\/\/senoticias.com.br\/se\/wp-content\/uploads\/2018\/05\/atacantes.jpg\"><img loading=\"lazy\" decoding=\"async\" class=\"aligncenter wp-image-112935 size-full\" src=\"https:\/\/senoticias.com.br\/se\/wp-content\/uploads\/2018\/05\/atacantes-e1526318718992.jpg\" alt=\"\" width=\"600\" height=\"315\" \/><\/a><\/p>\n<p>&nbsp;<\/p>\n<p style=\"text-align: justify\"><span style=\"color: #000000\"><strong>Meias<\/strong>\u00a0<\/span><\/p>\n<p style=\"text-align: justify\"><span style=\"color: #000000\">Casemiro, Fernandinho, Paulinho e Fred<\/span><\/p>\n<p><a href=\"https:\/\/senoticias.com.br\/se\/wp-content\/uploads\/2018\/05\/meias.jpg\"><img loading=\"lazy\" decoding=\"async\" class=\"aligncenter wp-image-112936 size-full\" src=\"https:\/\/senoticias.com.br\/se\/wp-content\/uploads\/2018\/05\/meias-e1526318767809.jpg\" alt=\"\" width=\"600\" height=\"315\" \/><\/a><\/p>\n<p style=\"text-align: justify\"><span style=\"color: #000000\"><strong>Laterais<\/strong>\u00a0<\/span><\/p>\n<p style=\"text-align: justify\"><span style=\"color: #000000\">Danilo, Fagner, Marcelo e Filipe Lu\u00eds<\/span><\/p>\n<p><a href=\"https:\/\/senoticias.com.br\/se\/wp-content\/uploads\/2018\/05\/laterais.jpg\"><img loading=\"lazy\" decoding=\"async\" class=\"aligncenter wp-image-112937 size-full\" src=\"https:\/\/senoticias.com.br\/se\/wp-content\/uploads\/2018\/05\/laterais-e1526318808990.jpg\" alt=\"\" width=\"600\" height=\"315\" \/><\/a><\/p>\n<p>&nbsp;<\/p>\n<p style=\"text-align: justify\"><span style=\"color: #000000\"><strong>Goleiros<\/strong>\u00a0<\/span><\/p>\n<p style=\"text-align: justify\"><span style=\"color: #000000\">Alisson, Ederson e C\u00e1ssio<\/span><\/p>\n<p><a href=\"https:\/\/senoticias.com.br\/se\/wp-content\/uploads\/2018\/05\/goleiros-e1526318850475.jpg\"><img loading=\"lazy\" decoding=\"async\" class=\"aligncenter wp-image-112938 size-full\" src=\"https:\/\/senoticias.com.br\/se\/wp-content\/uploads\/2018\/05\/goleiros-e1526318850475.jpg\" alt=\"\" width=\"600\" height=\"315\" \/><\/a><\/p>\n<p>Da Reda\u00e7\u00e3o do SE Not\u00edcias<\/p>\n<p><em><strong>Acompanhe tamb\u00e9m o SE Not\u00edcias no<\/strong><span class=\"apple-converted-space\"><b>\u00a0<\/b><\/span><a href=\"https:\/\/twitter.com\/Senoticias\" target=\"_blank\" rel=\"noopener\"><b>Twitter<\/b><\/a><strong>,<\/strong><span class=\"apple-converted-space\"><b>\u00a0<\/b><\/span><a href=\"https:\/\/www.facebook.com\/senoticias1\" target=\"_blank\" rel=\"noopener\"><b>Facebook<\/b><span class=\"apple-converted-space\"><b>\u00a0<\/b><\/span><\/a><strong>e no<\/strong><span class=\"apple-converted-space\"><b>\u00a0<\/b><\/span><a href=\"https:\/\/www.instagram.com\/senoticias\/\" target=\"_blank\" rel=\"noopener\"><b>Instagram<\/b><\/a><\/em><\/p>\n<p><a href=\"https:\/\/senoticias.com.br\/se\/wp-content\/uploads\/2018\/05\/Logomarca-fone-SE-4-2-1.jpg\"><img loading=\"lazy\" decoding=\"async\" class=\"aligncenter wp-image-112673 size-full\" src=\"https:\/\/senoticias.com.br\/se\/wp-content\/uploads\/2018\/05\/Logomarca-fone-SE-4-2-1.jpg\" alt=\"\" width=\"599\" height=\"78\" srcset=\"https:\/\/senoticias.com.br\/se\/wp-content\/uploads\/2018\/05\/Logomarca-fone-SE-4-2-1.jpg 599w, https:\/\/senoticias.com.br\/se\/wp-content\/uploads\/2018\/05\/Logomarca-fone-SE-4-2-1-300x39.jpg 300w\" sizes=\"(max-width: 599px) 100vw, 599px\" \/><\/a><\/p>\n","protected":false},"excerpt":{"rendered":"<p>Na tarde desta segunda-feira, 14 de maio, o treinador Tite (Adenor Leonardo Bacchi) anunciou os 23 jogadores convocados da sele\u00e7\u00e3o brasileira de futebol para a Copa do Mundo R\u00fassia 2018. S\u00e3o eles: Meias\/Atacantes Renato Augusto, Philippe Coutinho, Douglas Costa e Willian &nbsp; &nbsp; &nbsp; Zagueiros Thiago Silva, Marquinhos, Miranda e Pedro Geromel &nbsp; Atacantes Neymar, [&hellip;]<\/p>\n","protected":false},"author":6553,"featured_media":0,"comment_status":"closed","ping_status":"closed","sticky":false,"template":"","format":"standard","meta":{"footnotes":""},"categories":[15,26],"tags":[371,370,8805,367,369,4159],"class_list":{"0":"post-112932","1":"post","2":"type-post","3":"status-publish","4":"format-standard","6":"category-destaques","7":"category-esportes","8":"tag-371","9":"tag-brasil","10":"tag-convocados","11":"tag-copa","12":"tag-russia","13":"tag-selecao"},"_links":{"self":[{"href":"https:\/\/senoticias.com.br\/se\/wp-json\/wp\/v2\/posts\/112932"}],"collection":[{"href":"https:\/\/senoticias.com.br\/se\/wp-json\/wp\/v2\/posts"}],"about":[{"href":"https:\/\/senoticias.com.br\/se\/wp-json\/wp\/v2\/types\/post"}],"author":[{"embeddable":true,"href":"https:\/\/senoticias.com.br\/se\/wp-json\/wp\/v2\/users\/6553"}],"replies":[{"embeddable":true,"href":"https:\/\/senoticias.com.br\/se\/wp-json\/wp\/v2\/comments?post=112932"}],"version-history":[{"count":0,"href":"https:\/\/senoticias.com.br\/se\/wp-json\/wp\/v2\/posts\/112932\/revisions"}],"wp:attachment":[{"href":"https:\/\/senoticias.com.br\/se\/wp-json\/wp\/v2\/media?parent=112932"}],"wp:term":[{"taxonomy":"category","embeddable":true,"href":"https:\/\/senoticias.com.br\/se\/wp-json\/wp\/v2\/categories?post=112932"},{"taxonomy":"post_tag","embeddable":true,"href":"https:\/\/senoticias.com.br\/se\/wp-json\/wp\/v2\/tags?post=112932"}],"curies":[{"name":"wp","href":"https:\/\/api.w.org\/{rel}","templated":true}]}}