{"id":112928,"date":"2018-05-14T14:06:08","date_gmt":"2018-05-14T17:06:08","guid":{"rendered":"https:\/\/senoticias.com.br\/se\/?p=112928"},"modified":"2018-05-14T15:30:31","modified_gmt":"2018-05-14T18:30:31","slug":"tite-convoca-hoje-os-23-jogadores-que-disputarao-a-copa-da-russia","status":"publish","type":"post","link":"https:\/\/senoticias.com.br\/se\/tite-convoca-hoje-os-23-jogadores-que-disputarao-a-copa-da-russia\/","title":{"rendered":"T\u00e9cnico da Sele\u00e7\u00e3o Brasileira anuncia os 23 convocados para a Copa do Mundo; confira a lista"},"content":{"rendered":"<p style=\"text-align: justify\">Alisson. Ederson. C\u00e1ssio. Danilo. Fagner. Marcelo. Filipe Lu\u00eds. Miranda. Marquinhos. Thiago Silva. Geromel. Casemiro. Fernandinho. Paulinho. Renato Augusto. Fred. Philippe Coutinho. Willian. Neymar. Douglas Costa. Gabriel Jesus. Roberto Firmino. Taison.<\/p>\n<div id=\"attachment_112943\" style=\"width: 609px\" class=\"wp-caption aligncenter\"><a href=\"https:\/\/senoticias.com.br\/se\/wp-content\/uploads\/2018\/05\/6-e1526319664359.jpg\"><img loading=\"lazy\" decoding=\"async\" aria-describedby=\"caption-attachment-112943\" class=\"size-full wp-image-112943\" src=\"https:\/\/senoticias.com.br\/se\/wp-content\/uploads\/2018\/05\/6-e1526319664359.jpg\" alt=\"\" width=\"599\" height=\"394\" \/><\/a><p id=\"caption-attachment-112943\" class=\"wp-caption-text\">Tite anuncia a lista de convocados da Sele\u00e7\u00e3o para a Copa (foto: Andr\u00e9 Dur\u00e3o)<\/p><\/div>\n<p style=\"text-align: justify\">\u00c9 para esses 23 jogadores que o brasileiro ter\u00e1 de torcer, \u00e9 por eles que os dedos ser\u00e3o cruzados e as ora\u00e7\u00f5es feitas entre 14 de junho e 15 de julho. S\u00e3o os nomes deles que ser\u00e3o estampados nas camisas dos fan\u00e1ticos. S\u00e3o eles os escolhidos por Tite para tentarem o hexacampeonato na Copa do Mundo, na R\u00fassia.<\/p>\n<p style=\"text-align: justify\">O t\u00e9cnico anunciou a lista pouco depois das 14h, na sede da CBF, no Rio de Janeiro. Com o audit\u00f3rio lotado e mais jornalistas aos montes do lado de fora, Tite saciou a curiosidade de milh\u00f5es de pessoas. Sem nenhuma grande surpresa.<\/p>\n<p style=\"text-align: justify\">Todos os 23 est\u00e3o entre os 64 que ele convocou desde agosto de 2016, tempo de sua passagem pela Sele\u00e7\u00e3o. Todos estavam em muitos dos bol\u00f5es realizados nas \u00faltimas semanas.<\/p>\n<p style=\"text-align: justify\">Apenas seis s\u00e3o remanescentes na \u00faltima Copa, marcada pelo 7&#215;1 diante da Alemanha: Marcelo, Thiago Silva, Fernandinho, Paulinho, Willian e Neymar. Tite tamb\u00e9m explicou que a lista com 35 nomes foi enviada \u00e0 Fifa, mas n\u00e3o revelou os outros jogadores.<\/p>\n<p><a href=\"https:\/\/senoticias.com.br\/se\/wp-content\/uploads\/2018\/05\/Logomarca-fone-SE-4-2-1.jpg\"><img loading=\"lazy\" decoding=\"async\" class=\"aligncenter wp-image-112673 size-full\" src=\"https:\/\/senoticias.com.br\/se\/wp-content\/uploads\/2018\/05\/Logomarca-fone-SE-4-2-1.jpg\" alt=\"\" width=\"599\" height=\"78\" srcset=\"https:\/\/senoticias.com.br\/se\/wp-content\/uploads\/2018\/05\/Logomarca-fone-SE-4-2-1.jpg 599w, https:\/\/senoticias.com.br\/se\/wp-content\/uploads\/2018\/05\/Logomarca-fone-SE-4-2-1-300x39.jpg 300w\" sizes=\"(max-width: 599px) 100vw, 599px\" \/><\/a><\/p>\n<p><em><strong>Acompanhe tamb\u00e9m o SE Not\u00edcias no<\/strong><span class=\"apple-converted-space\"><b>\u00a0<\/b><\/span><a href=\"https:\/\/twitter.com\/Senoticias\" target=\"_blank\" rel=\"noopener\"><b>Twitter<\/b><\/a><strong>,<\/strong><span class=\"apple-converted-space\"><b>\u00a0<\/b><\/span><a href=\"https:\/\/www.facebook.com\/senoticias1\" target=\"_blank\" rel=\"noopener\"><b>Facebook<\/b><span class=\"apple-converted-space\"><b>\u00a0<\/b><\/span><\/a><strong>e no<\/strong><span class=\"apple-converted-space\"><b>\u00a0<\/b><\/span><a href=\"https:\/\/www.instagram.com\/senoticias\/\" target=\"_blank\" rel=\"noopener\"><b>Instagram<\/b><\/a><\/em><\/p>\n<p><em>Por Globo Esporte<\/em><\/p>\n","protected":false},"excerpt":{"rendered":"<p>Alisson. Ederson. C\u00e1ssio. Danilo. Fagner. Marcelo. Filipe Lu\u00eds. Miranda. Marquinhos. Thiago Silva. Geromel. Casemiro. Fernandinho. Paulinho. Renato Augusto. Fred. Philippe Coutinho. Willian. Neymar. Douglas Costa. Gabriel Jesus. Roberto Firmino. Taison. \u00c9 para esses 23 jogadores que o brasileiro ter\u00e1 de torcer, \u00e9 por eles que os dedos ser\u00e3o cruzados e as ora\u00e7\u00f5es feitas entre 14 [&hellip;]<\/p>\n","protected":false},"author":6553,"featured_media":112943,"comment_status":"closed","ping_status":"closed","sticky":false,"template":"","format":"standard","meta":{"footnotes":""},"categories":[15],"tags":[370,5572,367,406,369,4159,5135],"class_list":{"0":"post-112928","1":"post","2":"type-post","3":"status-publish","4":"format-standard","5":"has-post-thumbnail","7":"category-destaques","8":"tag-brasil","9":"tag-convocacao","10":"tag-copa","11":"tag-futebol","12":"tag-russia","13":"tag-selecao","14":"tag-tite"},"_links":{"self":[{"href":"https:\/\/senoticias.com.br\/se\/wp-json\/wp\/v2\/posts\/112928"}],"collection":[{"href":"https:\/\/senoticias.com.br\/se\/wp-json\/wp\/v2\/posts"}],"about":[{"href":"https:\/\/senoticias.com.br\/se\/wp-json\/wp\/v2\/types\/post"}],"author":[{"embeddable":true,"href":"https:\/\/senoticias.com.br\/se\/wp-json\/wp\/v2\/users\/6553"}],"replies":[{"embeddable":true,"href":"https:\/\/senoticias.com.br\/se\/wp-json\/wp\/v2\/comments?post=112928"}],"version-history":[{"count":0,"href":"https:\/\/senoticias.com.br\/se\/wp-json\/wp\/v2\/posts\/112928\/revisions"}],"wp:featuredmedia":[{"embeddable":true,"href":"https:\/\/senoticias.com.br\/se\/wp-json\/wp\/v2\/media\/112943"}],"wp:attachment":[{"href":"https:\/\/senoticias.com.br\/se\/wp-json\/wp\/v2\/media?parent=112928"}],"wp:term":[{"taxonomy":"category","embeddable":true,"href":"https:\/\/senoticias.com.br\/se\/wp-json\/wp\/v2\/categories?post=112928"},{"taxonomy":"post_tag","embeddable":true,"href":"https:\/\/senoticias.com.br\/se\/wp-json\/wp\/v2\/tags?post=112928"}],"curies":[{"name":"wp","href":"https:\/\/api.w.org\/{rel}","templated":true}]}}