{"id":112895,"date":"2018-05-12T07:12:24","date_gmt":"2018-05-12T10:12:24","guid":{"rendered":"https:\/\/senoticias.com.br\/se\/?p=112895"},"modified":"2018-05-16T05:03:04","modified_gmt":"2018-05-16T08:03:04","slug":"justica-determina-interdicao-do-antigo-hotel-palace-de-aracaju","status":"publish","type":"post","link":"https:\/\/senoticias.com.br\/se\/justica-determina-interdicao-do-antigo-hotel-palace-de-aracaju\/","title":{"rendered":"Justi\u00e7a determina interdi\u00e7\u00e3o do antigo Hotel Palace de Aracaju"},"content":{"rendered":"<p>&nbsp;<\/p>\n<p style=\"text-align: justify;\">Na manh\u00e3 de ontem (11), o juiz Marcos de Oliveira Pinto, da 12\u00aa Vara C\u00edvel de Aracaju, determinou a interdi\u00e7\u00e3o imediata do Hotel Palace, localizado no centro de Aracaju (SE), bem como a desativa\u00e7\u00e3o do com\u00e9rcio que existe no local.<\/p>\n<p style=\"text-align: justify;\">O Minist\u00e9rio P\u00fablico do Estado de Sergipe (MPE\/SE) havia entrado com o requerimento no ano passado, por entender que o pr\u00e9dio abandonado coloca em risco a seguran\u00e7a coletiva de quem trabalha no pavimento inferior e das pessoas que circulam no local.<\/p>\n<div id=\"attachment_112896\" style=\"width: 609px\" class=\"wp-caption aligncenter\"><a href=\"https:\/\/senoticias.com.br\/se\/wp-content\/uploads\/2018\/05\/ANTIGO-HOTEL-PALACE-DE-ARACAJU-SENOTICIAS.png\"><img loading=\"lazy\" decoding=\"async\" aria-describedby=\"caption-attachment-112896\" class=\"size-full wp-image-112896\" src=\"https:\/\/senoticias.com.br\/se\/wp-content\/uploads\/2018\/05\/ANTIGO-HOTEL-PALACE-DE-ARACAJU-SENOTICIAS-e1526119697231.png\" alt=\"\" width=\"599\" height=\"799\" \/><\/a><p id=\"caption-attachment-112896\" class=\"wp-caption-text\">O pr\u00e9dio \u00e9 um dos mais antigos da capital, foi inaugurado em 1962 como o mais luxuoso da cidade(foto: SE Not\u00edcias)<\/p><\/div>\n<p style=\"text-align: justify;\">Segundo a decis\u00e3o, o Governo do Estado, a Uni\u00e3o e os particulares, propriet\u00e1rios do im\u00f3vel, devem realizar a reforma e revitaliza\u00e7\u00e3o do hotel corrigindo as rachaduras no concreto e nas vigas de madeira apodrecidas, equipar o local contra risco de inc\u00eandio, isolamento de toda fia\u00e7\u00e3o el\u00e9trica exposta, restaura\u00e7\u00e3o da marquise e das estruturas externas, janelas e esquadrarias, al\u00e9m do atestado de regularidade pelo Corpo de Bombeiros.<\/p>\n<p><strong>Confira a decis\u00e3o:<\/strong><\/p>\n<p style=\"text-align: justify;\">Intima\u00e7\u00e3o Eletr\u00f4nica enviada \u00e0 Entidades da Administra\u00e7\u00e3o Indireta do Munic\u00edpio &#8211; EMPRESA MUNICIPAL DE OBRAS E URBANIZA\u00c7\u00c3O.<br \/>\n[&#8230;] Desse modo, acolhendo o quanto requerido pelo Minist\u00e9rio P\u00fablico do Estado de Sergipe, a t\u00edtulo de medida cautelar de urg\u00eancia, bem como visando o cumprimento efetivo da tutela jurisdicional deferida, determino a\u00a0<strong>INTERDI\u00c7\u00c3O IMEDIATA DO PR\u00c9DIO<\/strong>\u00a0onde funcionou O\u00a0<strong>HOTEL PALACE<\/strong>, at\u00e9 que se promovam as necess\u00e1rias obras de reforma e revitaliza\u00e7\u00e3o do aludido edif\u00edcio, com as pertinentes reformas de estrutura (corre\u00e7\u00e3o das rachaduras no concreto, nas vigas de madeira apodrecidas), equipa\u00e7\u00e3o contra risco de inc\u00eandio, isolamento de toda fia\u00e7\u00e3o el\u00e9trica exposta, restaura\u00e7\u00e3o da marquise e das estruturas externas, janelas e esquadrias que ainda amea\u00e7am a cair, al\u00e9m da apresenta\u00e7\u00e3o do atestado de regularidade a ser expedido pelo Corpo de Bombeiros Militar do Estado de Sergipe.<\/p>\n<p>Do mesmo modo, por for\u00e7a da interdi\u00e7\u00e3o ora decretada, determino tamb\u00e9m:<\/p>\n<p>1) Desocupa\u00e7\u00e3o do pr\u00e9dio,\u00a0<strong>desativando todos os com\u00e9rcios que ali funcionem, em quaisquer dos andares e do t\u00e9rreo<\/strong>.<\/p>\n<p>2) O isolamento da \u00e1rea, sinalizando a toda popula\u00e7\u00e3o os riscos de circula\u00e7\u00e3o naquela \u00e1rea.<\/p>\n<p>3) Disponibiliza\u00e7\u00e3o de equipe da Guarda Municipal para resguardar a \u00e1rea e evitar ocupa\u00e7\u00f5es.<\/p>\n<p style=\"text-align: justify;\">Oficie-se \u00e0 Defesa Civil do Estado de Sergipe, bem como \u00e0 Pol\u00edcia Militar e ao Corpo de Bombeiros Militar para que deem cumprimento a este Decisum, assim como ao Estado de Sergipe e ao Munic\u00edpio de Aracaju para que, diretamente ou por meio dos entes que integram a sua administra\u00e7\u00e3o indireta, garantam o cumprimento do aqui determinado, informando todos, no prazo de 10 (dez) dias, as medidas j\u00e1 adotadas.<\/p>\n<p style=\"text-align: justify;\">Oficie-se a Corregedoria Geral de Justi\u00e7a acerca dessa Decis\u00e3o, para ci\u00eancia e caso se fa\u00e7a necess\u00e1rio, ado\u00e7\u00e3o das medidas que entenderem necess\u00e1rias, posto que, apesar da situa\u00e7\u00e3o em comento n\u00e3o se enquadrar diretamente nos termos do Provimento 05\/2018 da CGJ\/TJSE, a situa\u00e7\u00e3o envolve interdi\u00e7\u00e3o de \u00e1rea de com\u00e9rcio e grande circula\u00e7\u00e3o de pessoas.<\/p>\n<p style=\"text-align: justify;\">Intimem-se as partes acerca da presente Decis\u00e3o, para que adotem as medidas cab\u00edveis para cumprimento da ordem de interdi\u00e7\u00e3o, no prazo de 10 dias. Somente ap\u00f3s, venham os autos conclusos para delibera\u00e7\u00e3o. Promova-se a juntada correta do termo de audi\u00eancia datada de 12.04.2018. Expe\u00e7a-se mandado. Cumpra-se. Urg\u00eancia.[&#8230;]<\/p>\n<p>&nbsp;<\/p>\n<p><a href=\"https:\/\/senoticias.com.br\/se\/wp-content\/uploads\/2018\/05\/Logomarca-fone-SE-4-2-1.jpg\"><img loading=\"lazy\" decoding=\"async\" class=\"aligncenter size-full wp-image-112673\" src=\"https:\/\/senoticias.com.br\/se\/wp-content\/uploads\/2018\/05\/Logomarca-fone-SE-4-2-1.jpg\" alt=\"\" width=\"599\" height=\"78\" srcset=\"https:\/\/senoticias.com.br\/se\/wp-content\/uploads\/2018\/05\/Logomarca-fone-SE-4-2-1.jpg 599w, https:\/\/senoticias.com.br\/se\/wp-content\/uploads\/2018\/05\/Logomarca-fone-SE-4-2-1-300x39.jpg 300w\" sizes=\"(max-width: 599px) 100vw, 599px\" \/><\/a><\/p>\n<p>&nbsp;<\/p>\n<p><strong>Acompanhe tamb\u00e9m o SE Not\u00edcias no<\/strong><span class=\"apple-converted-space\"><b>\u00a0<\/b><\/span><a href=\"https:\/\/twitter.com\/Senoticias\" target=\"_blank\" rel=\"noopener\"><b>Twitter<\/b><\/a><strong>,<\/strong><span class=\"apple-converted-space\"><b>\u00a0<\/b><\/span><a href=\"https:\/\/www.facebook.com\/senoticias1\" target=\"_blank\" rel=\"noopener\"><b>Facebook<\/b><span class=\"apple-converted-space\"><b>\u00a0<\/b><\/span><\/a><strong>e no<\/strong><span class=\"apple-converted-space\"><b>\u00a0<\/b><\/span><a href=\"https:\/\/www.instagram.com\/senoticias\/\" target=\"_blank\" rel=\"noopener\"><b>Instagram<\/b><\/a><\/p>\n<p><em>Com informa\u00e7\u00f5es do G1 SE<\/em><\/p>\n","protected":false},"excerpt":{"rendered":"<p>&nbsp; Na manh\u00e3 de ontem (11), o juiz Marcos de Oliveira Pinto, da 12\u00aa Vara C\u00edvel de Aracaju, determinou a interdi\u00e7\u00e3o imediata do Hotel Palace, localizado no centro de Aracaju (SE), bem como a desativa\u00e7\u00e3o do com\u00e9rcio que existe no local. O Minist\u00e9rio P\u00fablico do Estado de Sergipe (MPE\/SE) havia entrado com o requerimento no [&hellip;]<\/p>\n","protected":false},"author":6552,"featured_media":112896,"comment_status":"closed","ping_status":"closed","sticky":false,"template":"","format":"standard","meta":{"footnotes":""},"categories":[15,6],"tags":[9766,9763,9764,9767,9765,8476,2910],"class_list":{"0":"post-112895","1":"post","2":"type-post","3":"status-publish","4":"format-standard","5":"has-post-thumbnail","7":"category-destaques","8":"category-politica","9":"tag-12a-vara-civel-de-aracaju","10":"tag-hotel-palace","11":"tag-hotel-palace-aracaju","12":"tag-interdicao-imediata-do-predio","13":"tag-juiz-marcos-de-oliveira-pinto","14":"tag-ministerio-publico-do-estado-de-sergipe","15":"tag-mpe"},"_links":{"self":[{"href":"https:\/\/senoticias.com.br\/se\/wp-json\/wp\/v2\/posts\/112895"}],"collection":[{"href":"https:\/\/senoticias.com.br\/se\/wp-json\/wp\/v2\/posts"}],"about":[{"href":"https:\/\/senoticias.com.br\/se\/wp-json\/wp\/v2\/types\/post"}],"author":[{"embeddable":true,"href":"https:\/\/senoticias.com.br\/se\/wp-json\/wp\/v2\/users\/6552"}],"replies":[{"embeddable":true,"href":"https:\/\/senoticias.com.br\/se\/wp-json\/wp\/v2\/comments?post=112895"}],"version-history":[{"count":0,"href":"https:\/\/senoticias.com.br\/se\/wp-json\/wp\/v2\/posts\/112895\/revisions"}],"wp:featuredmedia":[{"embeddable":true,"href":"https:\/\/senoticias.com.br\/se\/wp-json\/wp\/v2\/media\/112896"}],"wp:attachment":[{"href":"https:\/\/senoticias.com.br\/se\/wp-json\/wp\/v2\/media?parent=112895"}],"wp:term":[{"taxonomy":"category","embeddable":true,"href":"https:\/\/senoticias.com.br\/se\/wp-json\/wp\/v2\/categories?post=112895"},{"taxonomy":"post_tag","embeddable":true,"href":"https:\/\/senoticias.com.br\/se\/wp-json\/wp\/v2\/tags?post=112895"}],"curies":[{"name":"wp","href":"https:\/\/api.w.org\/{rel}","templated":true}]}}