{"id":112873,"date":"2018-05-11T14:07:51","date_gmt":"2018-05-11T17:07:51","guid":{"rendered":"https:\/\/senoticias.com.br\/se\/?p=112873"},"modified":"2018-05-11T18:48:53","modified_gmt":"2018-05-11T21:48:53","slug":"prefeitura-ouve-a-comunidade-e-modificada-sinalizacao-da-feira-do-rosa-elze","status":"publish","type":"post","link":"https:\/\/senoticias.com.br\/se\/prefeitura-ouve-a-comunidade-e-modificada-sinalizacao-da-feira-do-rosa-elze\/","title":{"rendered":"Prefeitura ouve a comunidade e modifica a sinaliza\u00e7\u00e3o da feira do Rosa Elze"},"content":{"rendered":"<p style=\"text-align: justify;\">Atendendo a um pedido da popula\u00e7\u00e3o e dos feirantes do Rosa Elze, a Superintend\u00eancia Municipal de Transportes e Tr\u00e2nsito, da Prefeitura de S\u00e3o Crist\u00f3v\u00e3o modificou a sinaliza\u00e7\u00e3o das ruas Major Teles de Menezes e Bar\u00e3o de Mau\u00e1, permitindo o estacionamento nessas duas vias que circundam a feira.<\/p>\n<div id=\"attachment_112874\" style=\"width: 609px\" class=\"wp-caption aligncenter\"><a href=\"https:\/\/senoticias.com.br\/se\/wp-content\/uploads\/2018\/05\/p_if1ed70630c6f6197f2465a1b7699bb845af5750142bfb8_15431076-e1526058154802.jpg\"><img loading=\"lazy\" decoding=\"async\" aria-describedby=\"caption-attachment-112874\" class=\"size-full wp-image-112874\" src=\"https:\/\/senoticias.com.br\/se\/wp-content\/uploads\/2018\/05\/p_if1ed70630c6f6197f2465a1b7699bb845af5750142bfb8_15431076-e1526058154802.jpg\" alt=\"\" width=\"599\" height=\"400\" \/><\/a><p id=\"caption-attachment-112874\" class=\"wp-caption-text\">Sargento F\u00e1bio Lopes, diretor de Tr\u00e2nsito da SMTT de S\u00e3o Crist\u00f3v\u00e3o (foto: M\u00e1rcio Garcez)<\/p><\/div>\n<p style=\"text-align: justify;\">Segundo o diretor de tr\u00e2nsito da SMTT, sargento F\u00e1bio Lemos Lopes, a defini\u00e7\u00e3o inicial de n\u00e3o permitir o estacionamento no local ocorreu para disciplinar e desafogar o tr\u00e2nsito na regi\u00e3o. \u201cNo entanto, ap\u00f3s um estudo da situa\u00e7\u00e3o e ouvindo a demanda dos consumidores e dos pr\u00f3prios feirantes, optamos por retirar a sinaliza\u00e7\u00e3o de proibi\u00e7\u00e3o de estacionamento e avaliar se influenciar\u00e1 na fluidez do tr\u00e2nsito. Foi uma decis\u00e3o que observou a quest\u00e3o t\u00e9cnica aliada ao pedido do cidad\u00e3o\u201d, argumentou.<\/p>\n<div id=\"attachment_112875\" style=\"width: 609px\" class=\"wp-caption aligncenter\"><a href=\"https:\/\/senoticias.com.br\/se\/wp-content\/uploads\/2018\/05\/p_i13428554a9c1dec4fed1e713106f71135af574f8616699_59446997-e1526058325187.jpg\"><img loading=\"lazy\" decoding=\"async\" aria-describedby=\"caption-attachment-112875\" class=\"size-full wp-image-112875\" src=\"https:\/\/senoticias.com.br\/se\/wp-content\/uploads\/2018\/05\/p_i13428554a9c1dec4fed1e713106f71135af574f8616699_59446997-e1526058325187.jpg\" alt=\"\" width=\"599\" height=\"400\" \/><\/a><p id=\"caption-attachment-112875\" class=\"wp-caption-text\">A feira do Rosa Elze ocorre sempre \u00e0s quintas-feiras, \u00e0 tarde (foto: M\u00e1rcio Garcez)<\/p><\/div>\n<p style=\"text-align: justify;\">Uma mudan\u00e7a valorizada pelos feirantes, que destacam n\u00e3o s\u00f3 o aspecto positivo para os neg\u00f3cios, pela comodidade e seguran\u00e7a que um estacionamento pr\u00f3ximo \u00e0 feira oferece aos consumidores, mas pelo respeito e atendimento \u00e0 reivindica\u00e7\u00e3o da comunidade.<\/p>\n<p style=\"text-align: justify;\">\u201cA possibilidade de deixar o carro aqui e fazer a feira \u00e9 muito positiva. Est\u00e1vamos, inclusive, perdendo clientes por isso. A Prefeitura ouviu o nosso pedido e mostrou que tem disposi\u00e7\u00e3o para enfrentar os problemas. Muito bom\u201d, comemorou a feirante Ediv\u00e2nia Lima. \u201cCom certeza vai melhorar as nossas vendas, atraindo mais consumidores&#8221;, avaliou Daniel Amorim, tamb\u00e9m feirante.<\/p>\n<p style=\"text-align: justify;\">A melhoria na din\u00e2mica do espa\u00e7o \u00e9 uma perspectiva compartilhada pelos frequentadores da feira do Rosa Elze. \u201cA quest\u00e3o da falta de local para deixar o carro com certa seguran\u00e7a era um problema para quem vinha fazer suas comprar. Creio que essa mudan\u00e7a ser\u00e1 muito importante, trar\u00e1 mais comodidade e tranquilidade. Aprovei\u201d, afirmou a aposentada Luciene Maria Silveira.<\/p>\n<p style=\"text-align: justify;\">\u00c9 importante ressaltar que a SMTT manter\u00e1 o acompanhamento e o apoio durante o per\u00edodo de funcionamento da feira do Rosa Elze, com agentes orientando o tr\u00e2nsito. Em princ\u00edpio, as demais feiras de S\u00e3o Crist\u00f3v\u00e3o nas \u00e1reas urbanas n\u00e3o ter\u00e3o mudan\u00e7as na sinaliza\u00e7\u00e3o. A feira do Rosa Elze ocorre sempre \u00e0s quintas-feiras, \u00e0 tarde. A do conjunto Eduardo Gomes funciona na ter\u00e7a-feira, pela tarde, e no s\u00e1bado, manh\u00e3. E a da sede, no s\u00e1bado.<\/p>\n<p>&nbsp;<\/p>\n<p><a href=\"https:\/\/senoticias.com.br\/se\/wp-content\/uploads\/2018\/05\/Logomarca-fone-SE-4-2-1.jpg\"><img loading=\"lazy\" decoding=\"async\" class=\"aligncenter size-full wp-image-112673\" src=\"https:\/\/senoticias.com.br\/se\/wp-content\/uploads\/2018\/05\/Logomarca-fone-SE-4-2-1.jpg\" alt=\"\" width=\"599\" height=\"78\" srcset=\"https:\/\/senoticias.com.br\/se\/wp-content\/uploads\/2018\/05\/Logomarca-fone-SE-4-2-1.jpg 599w, https:\/\/senoticias.com.br\/se\/wp-content\/uploads\/2018\/05\/Logomarca-fone-SE-4-2-1-300x39.jpg 300w\" sizes=\"(max-width: 599px) 100vw, 599px\" \/><\/a><\/p>\n<p>&nbsp;<\/p>\n<p><em><strong>Acompanhe tamb\u00e9m o SE Not\u00edcias no<\/strong><span class=\"apple-converted-space\"><b>\u00a0<\/b><\/span><a href=\"https:\/\/twitter.com\/Senoticias\" target=\"_blank\" rel=\"noopener\"><b>Twitter<\/b><\/a><strong>,<\/strong><span class=\"apple-converted-space\"><b>\u00a0<\/b><\/span><a href=\"https:\/\/www.facebook.com\/senoticias1\" target=\"_blank\" rel=\"noopener\"><b>Facebook<\/b><span class=\"apple-converted-space\"><b>\u00a0<\/b><\/span><\/a><strong>e no<\/strong><span class=\"apple-converted-space\"><b>\u00a0<\/b><\/span><a href=\"https:\/\/www.instagram.com\/senoticias\/\" target=\"_blank\" rel=\"noopener\"><b>Instagram<\/b><\/a><\/em><\/p>\n<p>&nbsp;<\/p>\n<p><em>Com informa\u00e7\u00f5es da SMTT\/S\u00e3o Crist\u00f3v\u00e3o<\/em><\/p>\n","protected":false},"excerpt":{"rendered":"<p>Atendendo a um pedido da popula\u00e7\u00e3o e dos feirantes do Rosa Elze, a Superintend\u00eancia Municipal de Transportes e Tr\u00e2nsito, da Prefeitura de S\u00e3o Crist\u00f3v\u00e3o modificou a sinaliza\u00e7\u00e3o das ruas Major Teles de Menezes e Bar\u00e3o de Mau\u00e1, permitindo o estacionamento nessas duas vias que circundam a feira. Segundo o diretor de tr\u00e2nsito da SMTT, sargento [&hellip;]<\/p>\n","protected":false},"author":6552,"featured_media":112874,"comment_status":"closed","ping_status":"closed","sticky":false,"template":"","format":"standard","meta":{"footnotes":""},"categories":[6],"tags":[2766,2979,7603],"class_list":{"0":"post-112873","1":"post","2":"type-post","3":"status-publish","4":"format-standard","5":"has-post-thumbnail","7":"category-politica","8":"tag-rosa-elze","9":"tag-smtt","10":"tag-superintendencia-municipal-de-transportes-e-transito"},"_links":{"self":[{"href":"https:\/\/senoticias.com.br\/se\/wp-json\/wp\/v2\/posts\/112873"}],"collection":[{"href":"https:\/\/senoticias.com.br\/se\/wp-json\/wp\/v2\/posts"}],"about":[{"href":"https:\/\/senoticias.com.br\/se\/wp-json\/wp\/v2\/types\/post"}],"author":[{"embeddable":true,"href":"https:\/\/senoticias.com.br\/se\/wp-json\/wp\/v2\/users\/6552"}],"replies":[{"embeddable":true,"href":"https:\/\/senoticias.com.br\/se\/wp-json\/wp\/v2\/comments?post=112873"}],"version-history":[{"count":0,"href":"https:\/\/senoticias.com.br\/se\/wp-json\/wp\/v2\/posts\/112873\/revisions"}],"wp:featuredmedia":[{"embeddable":true,"href":"https:\/\/senoticias.com.br\/se\/wp-json\/wp\/v2\/media\/112874"}],"wp:attachment":[{"href":"https:\/\/senoticias.com.br\/se\/wp-json\/wp\/v2\/media?parent=112873"}],"wp:term":[{"taxonomy":"category","embeddable":true,"href":"https:\/\/senoticias.com.br\/se\/wp-json\/wp\/v2\/categories?post=112873"},{"taxonomy":"post_tag","embeddable":true,"href":"https:\/\/senoticias.com.br\/se\/wp-json\/wp\/v2\/tags?post=112873"}],"curies":[{"name":"wp","href":"https:\/\/api.w.org\/{rel}","templated":true}]}}