{"id":112812,"date":"2018-05-08T16:25:24","date_gmt":"2018-05-08T19:25:24","guid":{"rendered":"https:\/\/senoticias.com.br\/se\/?p=112812"},"modified":"2018-05-09T06:37:04","modified_gmt":"2018-05-09T09:37:04","slug":"vendas-do-dia-das-maes-devem-ser-as-mais-altas-dos-ultimos-cinco-anos","status":"publish","type":"post","link":"https:\/\/senoticias.com.br\/se\/vendas-do-dia-das-maes-devem-ser-as-mais-altas-dos-ultimos-cinco-anos\/","title":{"rendered":"Vendas do Dia das M\u00e3es devem ser as mais altas dos \u00faltimos cinco anos"},"content":{"rendered":"<p style=\"text-align: justify;\"><span style=\"color: #000000;\">A menos de uma semana para o Dia das M\u00e3es, o com\u00e9rcio estima a maior alta das vendas dos \u00faltimos cinco anos. O Servi\u00e7o de Prote\u00e7\u00e3o ao Cr\u00e9dito (SPC Brasil) e a Confedera\u00e7\u00e3o Nacional de Dirigentes Lojistas (CNDL) calculam que 111,5 milh\u00f5es de consumidores ir\u00e3o \u00e0s compras no pr\u00f3ximo domingo. O valor m\u00e9dio do presente deve ser R$ 152,98.<\/span><\/p>\n<div id=\"attachment_112814\" style=\"width: 609px\" class=\"wp-caption aligncenter\"><a href=\"https:\/\/senoticias.com.br\/se\/wp-content\/uploads\/2018\/05\/Shopping-Jardins-e1525807437208.jpg\"><img loading=\"lazy\" decoding=\"async\" aria-describedby=\"caption-attachment-112814\" class=\"wp-image-112814 size-full\" src=\"https:\/\/senoticias.com.br\/se\/wp-content\/uploads\/2018\/05\/Shopping-Jardins-e1525807437208.jpg\" alt=\"\" width=\"599\" height=\"359\" \/><\/a><p id=\"caption-attachment-112814\" class=\"wp-caption-text\">Foto: Express\u00e3o Sergipana<\/p><\/div>\n<p style=\"text-align: justify;\"><span style=\"color: #000000;\">De acordo com a proje\u00e7\u00e3o, os consumidores devem injetar aproximadamente R$ 17,05 bilh\u00f5es nos setores do com\u00e9rcio e servi\u00e7os, segundo a SPC e CNDL. Pelos dados, a maior parte dos presente ser\u00e1 paga \u00e0 vista &#8211; em 3% dos casos o pagamento ser\u00e1 em dinheiro e em 24%, no cart\u00e3o de d\u00e9bito. O cart\u00e3o de cr\u00e9dito parcelado ser\u00e1 usado por 28% dos entrevistados.<\/span><\/p>\n<p style=\"text-align: justify;\"><span style=\"color: #000000;\">Levantamento da Confedera\u00e7\u00e3o Nacional do Com\u00e9rcio de Bens, Servi\u00e7os e Turismo (CNC), SPC e CNDL mostra que os presentes favoritos s\u00e3o roupas, perfumes, cal\u00e7ados e cosm\u00e9ticos. Para maioria dos consumidores, a escolha do presente leva em considera\u00e7\u00e3o caracter\u00edsticas pessoais, perfil e, por fim, o pre\u00e7o da compra.<\/span><\/p>\n<p style=\"text-align: justify;\"><span style=\"color: #000000;\">O principal local de compra ainda ser\u00e1 o shopping center. SPC e CNDL fizeram pesquisas com consumidores nas quais quatro em cada cinco entrevistados afirmaram que pretendem comprar o presente pagando sozinhos. J\u00e1 8% pretendem dividir o valor integral com outras pessoas e 4% disseram que v\u00e3o pagar sozinhos parte do presente, por\u00e9m o restante ser\u00e1 rateado com outras pessoas.<\/span><\/p>\n<p style=\"text-align: justify;\"><span style=\"color: #000000;\">No caso dos que pretendem dividir o valor do presente, a maior parte afirma que vai pagar em conjunto com os irm\u00e3os, 24% com o c\u00f4njuge ou companheiro, 22% com outros familiares e 18% v\u00e3o dividir com o pai.<\/span><\/p>\n<p style=\"text-align: justify;\"><span style=\"color: #000000;\">Os empres\u00e1rios pretendem contratar cerca de 21,1 mil trabalhadores tempor\u00e1rios superando o n\u00famero de contrata\u00e7\u00f5es de 2017, que foi de 20,4 mil. O sal\u00e1rio m\u00e9dio de admiss\u00e3o deve ficar em torno de R$ 1.220, o equivalente a 3% acima do valor m\u00e9dio pago no ano passado.<\/span><\/p>\n<p>&nbsp;<\/p>\n<p><a href=\"https:\/\/senoticias.com.br\/se\/wp-content\/uploads\/2018\/05\/Logomarca-fone-SE-4-2-1.jpg\"><img loading=\"lazy\" decoding=\"async\" class=\"aligncenter wp-image-112673 size-full\" src=\"https:\/\/senoticias.com.br\/se\/wp-content\/uploads\/2018\/05\/Logomarca-fone-SE-4-2-1.jpg\" alt=\"\" width=\"599\" height=\"78\" srcset=\"https:\/\/senoticias.com.br\/se\/wp-content\/uploads\/2018\/05\/Logomarca-fone-SE-4-2-1.jpg 599w, https:\/\/senoticias.com.br\/se\/wp-content\/uploads\/2018\/05\/Logomarca-fone-SE-4-2-1-300x39.jpg 300w\" sizes=\"(max-width: 599px) 100vw, 599px\" \/><\/a><\/p>\n<p><strong>Acompanhe tamb\u00e9m o SE Not\u00edcias no<\/strong><span class=\"apple-converted-space\"><b>\u00a0<\/b><\/span><a href=\"https:\/\/twitter.com\/Senoticias\" target=\"_blank\" rel=\"noopener\"><b>Twitter<\/b><\/a><strong>,<\/strong><span class=\"apple-converted-space\"><b>\u00a0<\/b><\/span><a href=\"https:\/\/www.facebook.com\/senoticias1\" target=\"_blank\" rel=\"noopener\"><b>Facebook<\/b><span class=\"apple-converted-space\"><b>\u00a0<\/b><\/span><\/a><strong>e no<\/strong><span class=\"apple-converted-space\"><b>\u00a0<\/b><\/span><a href=\"https:\/\/www.instagram.com\/senoticias\/\" target=\"_blank\" rel=\"noopener\"><b>Instagram<\/b><\/a><strong>.<\/strong><\/p>\n<p>Por Ag\u00eancia Brasil<\/p>\n","protected":false},"excerpt":{"rendered":"<p>A menos de uma semana para o Dia das M\u00e3es, o com\u00e9rcio estima a maior alta das vendas dos \u00faltimos cinco anos. O Servi\u00e7o de Prote\u00e7\u00e3o ao Cr\u00e9dito (SPC Brasil) e a Confedera\u00e7\u00e3o Nacional de Dirigentes Lojistas (CNDL) calculam que 111,5 milh\u00f5es de consumidores ir\u00e3o \u00e0s compras no pr\u00f3ximo domingo. O valor m\u00e9dio do presente [&hellip;]<\/p>\n","protected":false},"author":6553,"featured_media":0,"comment_status":"closed","ping_status":"closed","sticky":false,"template":"","format":"standard","meta":{"footnotes":""},"categories":[2961,8],"tags":[339,2862,3529,7263,3485,223,5181],"class_list":{"0":"post-112812","1":"post","2":"type-post","3":"status-publish","4":"format-standard","6":"category-nacional","7":"category-esporte-e-cultura","8":"tag-aracaju","9":"tag-compras","10":"tag-dia-das-maes","11":"tag-jardins","12":"tag-presentes","13":"tag-sergipe","14":"tag-shopping"},"_links":{"self":[{"href":"https:\/\/senoticias.com.br\/se\/wp-json\/wp\/v2\/posts\/112812"}],"collection":[{"href":"https:\/\/senoticias.com.br\/se\/wp-json\/wp\/v2\/posts"}],"about":[{"href":"https:\/\/senoticias.com.br\/se\/wp-json\/wp\/v2\/types\/post"}],"author":[{"embeddable":true,"href":"https:\/\/senoticias.com.br\/se\/wp-json\/wp\/v2\/users\/6553"}],"replies":[{"embeddable":true,"href":"https:\/\/senoticias.com.br\/se\/wp-json\/wp\/v2\/comments?post=112812"}],"version-history":[{"count":0,"href":"https:\/\/senoticias.com.br\/se\/wp-json\/wp\/v2\/posts\/112812\/revisions"}],"wp:attachment":[{"href":"https:\/\/senoticias.com.br\/se\/wp-json\/wp\/v2\/media?parent=112812"}],"wp:term":[{"taxonomy":"category","embeddable":true,"href":"https:\/\/senoticias.com.br\/se\/wp-json\/wp\/v2\/categories?post=112812"},{"taxonomy":"post_tag","embeddable":true,"href":"https:\/\/senoticias.com.br\/se\/wp-json\/wp\/v2\/tags?post=112812"}],"curies":[{"name":"wp","href":"https:\/\/api.w.org\/{rel}","templated":true}]}}