{"id":112810,"date":"2018-05-08T16:14:02","date_gmt":"2018-05-08T19:14:02","guid":{"rendered":"https:\/\/senoticias.com.br\/se\/?p=112810"},"modified":"2018-05-09T06:39:03","modified_gmt":"2018-05-09T09:39:03","slug":"castramovel-inicia-cadastramento-de-animais-no-bairro-santos-dumont","status":"publish","type":"post","link":"https:\/\/senoticias.com.br\/se\/castramovel-inicia-cadastramento-de-animais-no-bairro-santos-dumont\/","title":{"rendered":"Castram\u00f3vel inicia cadastramento de animais no Bairro Santos Dumont"},"content":{"rendered":"<p style=\"text-align: justify;\"><span style=\"color: #000000;\">A Prefeitura de Aracaju iniciar\u00e1 o cadastramento de c\u00e3es e gatos machos a serem castrados gratuitamente no bairro Santos Dumont, na zona Norte da capital. O\u00a0ve\u00edculo do projeto Castram\u00f3vel vai come\u00e7ar a atuar nesta quarta-feira (9) em frente \u00e0 Unidade de Sa\u00fade da Fam\u00edlia (USF) An\u00e1lia Pina de Assis, no conjunto Almirante Tamandar\u00e9.<\/span><\/p>\n<div id=\"attachment_112811\" style=\"width: 609px\" class=\"wp-caption aligncenter\"><a href=\"https:\/\/senoticias.com.br\/se\/wp-content\/uploads\/2018\/05\/cadastro-foto-marco-vieira-e1525806770705.jpg\"><img loading=\"lazy\" decoding=\"async\" aria-describedby=\"caption-attachment-112811\" class=\"wp-image-112811 size-full\" src=\"https:\/\/senoticias.com.br\/se\/wp-content\/uploads\/2018\/05\/cadastro-foto-marco-vieira-e1525806770705.jpg\" alt=\"\" width=\"599\" height=\"375\" \/><\/a><p id=\"caption-attachment-112811\" class=\"wp-caption-text\">Foto: Marco Vieira\/PMA<\/p><\/div>\n<p style=\"text-align: justify;\"><span style=\"color: #000000;\">A equipe do Castram\u00f3vel \u00e9 formada por dois veterin\u00e1rios, auxiliares e estagi\u00e1rios, que realizam dez procedimentos cir\u00fargicos por semana. \u201cDepois da castra\u00e7\u00e3o eles se tornam mais d\u00f3ceis, ficam mais em casa e o resultado disso, a longo prazo, \u00e9 a diminui\u00e7\u00e3o da transmiss\u00e3o de doen\u00e7as que t\u00eam o c\u00e3o ou o gato como hospedeiros\u201d, disse a diretora da Vigil\u00e2ncia em Sa\u00fade, Taise Cavalcante, em entrevista ao Portal G1.<\/span><\/p>\n<p style=\"text-align: justify;\"><span style=\"color: #000000;\">De acordo com a programa\u00e7\u00e3o do projeto, o Castram\u00f3vel atender\u00e1 os c\u00e3es e gatos do Bugio.\u00a0Para realizar o cadastramento, o propriet\u00e1rio do animal deve apresentar c\u00f3pias da carteira de identidade e dos comprovantes de renda e resid\u00eancia.<\/span><\/p>\n<p style=\"text-align: justify;\"><strong><span style=\"color: #000000;\">Confira os crit\u00e9rios para o cadastramento:<\/span><\/strong><\/p>\n<p style=\"text-align: justify;\"><span style=\"color: #000000;\">&#8211; O respons\u00e1vel pelo animal deve ter renda de at\u00e9 1,5 sal\u00e1rio m\u00ednimo;<\/span><\/p>\n<p style=\"text-align: justify;\"><span style=\"color: #000000;\">&#8211; Cada fam\u00edlia poder\u00e1 cadastrar at\u00e9 cinco animais;<\/span><\/p>\n<p style=\"text-align: justify;\"><span style=\"color: #000000;\">&#8211; Os c\u00e3es e gatos devem ter idade entre 5 meses e 8 anos de idade;<\/span><\/p>\n<p style=\"text-align: justify;\"><span style=\"color: #000000;\">&#8211; Apenas os machos ser\u00e3o esterilizados;<\/span><\/p>\n<p style=\"text-align: justify;\"><span style=\"color: #000000;\">&#8211; Animais comunit\u00e1rios, que vivem em locais p\u00fablicos, poder\u00e3o ser esterilizados, desde que algu\u00e9m se responsabilize e tenha um lar tempor\u00e1rio para a recupera\u00e7\u00e3o p\u00f3s-cir\u00fargica;<\/span><\/p>\n<p style=\"text-align: justify;\"><span style=\"color: #000000;\">&#8211; Animais de ONGs cadastradas no Centro de Controle de Zoonoses (CCZ) poder\u00e3o ser castrados, conforme programa\u00e7\u00e3o espec\u00edfica.<\/span><\/p>\n<p>&nbsp;<\/p>\n<p><a href=\"https:\/\/senoticias.com.br\/se\/wp-content\/uploads\/2018\/05\/Logomarca-fone-SE-4-2-1.jpg\"><img loading=\"lazy\" decoding=\"async\" class=\"aligncenter wp-image-112673 size-full\" src=\"https:\/\/senoticias.com.br\/se\/wp-content\/uploads\/2018\/05\/Logomarca-fone-SE-4-2-1.jpg\" alt=\"\" width=\"599\" height=\"78\" srcset=\"https:\/\/senoticias.com.br\/se\/wp-content\/uploads\/2018\/05\/Logomarca-fone-SE-4-2-1.jpg 599w, https:\/\/senoticias.com.br\/se\/wp-content\/uploads\/2018\/05\/Logomarca-fone-SE-4-2-1-300x39.jpg 300w\" sizes=\"(max-width: 599px) 100vw, 599px\" \/><\/a><\/p>\n<p><strong>Acompanhe tamb\u00e9m o SE Not\u00edcias no<\/strong><span class=\"apple-converted-space\"><b>\u00a0<\/b><\/span><a href=\"https:\/\/twitter.com\/Senoticias\" target=\"_blank\" rel=\"noopener\"><b>Twitter<\/b><\/a><strong>,<\/strong><span class=\"apple-converted-space\"><b>\u00a0<\/b><\/span><a href=\"https:\/\/www.facebook.com\/senoticias1\" target=\"_blank\" rel=\"noopener\"><b>Facebook<\/b><span class=\"apple-converted-space\"><b>\u00a0<\/b><\/span><\/a><strong>e no<\/strong><span class=\"apple-converted-space\"><b>\u00a0<\/b><\/span><a href=\"https:\/\/www.instagram.com\/senoticias\/\" target=\"_blank\" rel=\"noopener\"><b>Instagram<\/b><\/a><strong>.<\/strong><\/p>\n<p>*Com informa\u00e7\u00f5es do Portal G1<\/p>\n","protected":false},"excerpt":{"rendered":"<p>A Prefeitura de Aracaju iniciar\u00e1 o cadastramento de c\u00e3es e gatos machos a serem castrados gratuitamente no bairro Santos Dumont, na zona Norte da capital. O\u00a0ve\u00edculo do projeto Castram\u00f3vel vai come\u00e7ar a atuar nesta quarta-feira (9) em frente \u00e0 Unidade de Sa\u00fade da Fam\u00edlia (USF) An\u00e1lia Pina de Assis, no conjunto Almirante Tamandar\u00e9. A equipe [&hellip;]<\/p>\n","protected":false},"author":6553,"featured_media":0,"comment_status":"closed","ping_status":"closed","sticky":false,"template":"","format":"standard","meta":{"footnotes":""},"categories":[15,6],"tags":[7129,339,9734,8079,8078,9033,5122,223],"class_list":{"0":"post-112810","1":"post","2":"type-post","3":"status-publish","4":"format-standard","6":"category-destaques","7":"category-politica","8":"tag-animais","9":"tag-aracaju","10":"tag-caes","11":"tag-castracao","12":"tag-gatos","13":"tag-norte","14":"tag-santos-dumont","15":"tag-sergipe"},"_links":{"self":[{"href":"https:\/\/senoticias.com.br\/se\/wp-json\/wp\/v2\/posts\/112810"}],"collection":[{"href":"https:\/\/senoticias.com.br\/se\/wp-json\/wp\/v2\/posts"}],"about":[{"href":"https:\/\/senoticias.com.br\/se\/wp-json\/wp\/v2\/types\/post"}],"author":[{"embeddable":true,"href":"https:\/\/senoticias.com.br\/se\/wp-json\/wp\/v2\/users\/6553"}],"replies":[{"embeddable":true,"href":"https:\/\/senoticias.com.br\/se\/wp-json\/wp\/v2\/comments?post=112810"}],"version-history":[{"count":0,"href":"https:\/\/senoticias.com.br\/se\/wp-json\/wp\/v2\/posts\/112810\/revisions"}],"wp:attachment":[{"href":"https:\/\/senoticias.com.br\/se\/wp-json\/wp\/v2\/media?parent=112810"}],"wp:term":[{"taxonomy":"category","embeddable":true,"href":"https:\/\/senoticias.com.br\/se\/wp-json\/wp\/v2\/categories?post=112810"},{"taxonomy":"post_tag","embeddable":true,"href":"https:\/\/senoticias.com.br\/se\/wp-json\/wp\/v2\/tags?post=112810"}],"curies":[{"name":"wp","href":"https:\/\/api.w.org\/{rel}","templated":true}]}}