{"id":112787,"date":"2018-05-07T23:20:04","date_gmt":"2018-05-08T02:20:04","guid":{"rendered":"https:\/\/senoticias.com.br\/se\/?p=112787"},"modified":"2018-05-07T23:20:04","modified_gmt":"2018-05-08T02:20:04","slug":"juninho-pernambucano-deixa-a-globo-apos-critica-a-jornalistas","status":"publish","type":"post","link":"https:\/\/senoticias.com.br\/se\/juninho-pernambucano-deixa-a-globo-apos-critica-a-jornalistas\/","title":{"rendered":"Juninho Pernambucano deixa a Globo ap\u00f3s cr\u00edtica a jornalistas"},"content":{"rendered":"<p style=\"text-align: justify;\">Juninho Pernambucano n\u00e3o faz mais parte do Grupo Globo. Segundo a assessoria de imprensa da emissora, o ex-jogador solicitou a rescis\u00e3o de seu contrato na \u00faltima sexta-feira. \u201cEle se afastar\u00e1 de suas fun\u00e7\u00f5es como comentarista da Globo e do SporTV para tratar de assuntos pessoais\u201d, diz o comunicado. \u201cA Globo aceitou o pedido e agradece a Juninho Pernambucano a importante contribui\u00e7\u00e3o na an\u00e1lise dos eventos esportivos que acompanhou como comentarista.\u201d Juninho ser\u00e1 substitu\u00eddo por Roger Flores durante a Copa do Mundo da R\u00fassia.<\/p>\n<div id=\"attachment_112788\" style=\"width: 609px\" class=\"wp-caption aligncenter\"><a href=\"https:\/\/senoticias.com.br\/se\/wp-content\/uploads\/2018\/05\/esporte-futebol-juninho-pernambucano-sportv-2.jpg\"><img loading=\"lazy\" decoding=\"async\" aria-describedby=\"caption-attachment-112788\" class=\"size-full wp-image-112788\" src=\"https:\/\/senoticias.com.br\/se\/wp-content\/uploads\/2018\/05\/esporte-futebol-juninho-pernambucano-sportv-2-e1525745650659.jpg\" alt=\"\" width=\"599\" height=\"399\" \/><\/a><p id=\"caption-attachment-112788\" class=\"wp-caption-text\">O ex-jogador e comentarista esportivo Juninho Pernambucano (SporTV\/Reprodu\u00e7\u00e3o)<\/p><\/div>\n<p style=\"text-align: justify;\">A rescis\u00e3o do contrato se deu apenas uma semana ap\u00f3s Juninho criticar, durante o programa Sele\u00e7\u00e3o SporTV, do canal pago, alguns jornalistas que cobrem times de futebol espec\u00edficos, chamados de setoristas. \u201cOs setoristas s\u00e3o muito piores hoje em dia\u201d, disse. \u201cEu sei que eles ganham mal, mas cada um tem o car\u00e1ter que tem. Se eu sou setorista, o que eu ia fazer? Ia tentar fazer um \u00f3timo trabalho para tentar ir para outra etapa, subir. (\u2026) Entre quem cobre o futebol, a prostitui\u00e7\u00e3o est\u00e1 muito grande. Isso \u00e9 muito perigoso.\u201d<\/p>\n<p style=\"text-align: justify;\">\u201cJ\u00e1 vi isso tamb\u00e9m de olhar para voc\u00ea, um jogador que n\u00e3o tem forma\u00e7\u00e3o, mas \u00e9 profissional e ganha 100.000 reais. Tem um cara que est\u00e1 ali, estudou quatro anos, sofreu, fez de tudo para se tornar um jornalista, \u00e9 um setorista e ganha mal\u201d, continuou. \u201cTalvez isso incomode e ele leve isso em considera\u00e7\u00e3o.\u201d<\/p>\n<p style=\"text-align: justify;\">No bloco seguinte, o apresentador Andr\u00e9 Rizek precisou ler um comunicado da dire\u00e7\u00e3o de jornalismo da Globo. \u201cHoje mais cedo, aqui no Sele\u00e7\u00e3o, Juninho criticou severamente os rep\u00f3rteres que cobrem o dia a dia dos clubes, que s\u00e3o chamados de setoristas, no jarg\u00e3o jornal\u00edstico. O Sportv n\u00e3o concorda com a opini\u00e3o nem com a generaliza\u00e7\u00e3o. H\u00e1 bons e maus profissionais em todas as categorias. Temos mais de 30 setoristas trabalhando hoje no Grupo Globo e eles recebem aqui nossa confian\u00e7a e solidariedade. Muitas vezes s\u00e3o eles que mais sofrem com o desequil\u00edbrio e a eventual viol\u00eancia dos torcedores. Isso n\u00e3o quer dizer que o Juninho n\u00e3o tenha o direito \u00e0 sua opini\u00e3o, o que \u00e9 e continuar\u00e1 sendo livre. Mas \u00e9 importante fazer esse registro.\u201d<\/p>\n<p style=\"text-align: justify;\">Juninho rebateu. \u201cEu completo s\u00f3 que nunca \u00e9 generalizado, porque ningu\u00e9m \u00e9 assim, ou \u00e9 bom ou \u00e9 mau\u201d, disse. \u201cClaro que n\u00e3o \u00e9 generalizado, mas \u00e9 minha opini\u00e3o e n\u00e3o retiro. Eu fui perseguido por setoristas, eu vivi isso, vi de perto isso. Ent\u00e3o eu tenho base para falar. Inclusive j\u00e1 coloquei setorista na Justi\u00e7a. (\u2026) Eu sei como funciona, por isso que dei minha opini\u00e3o. Mas quem manda \u00e9 a dire\u00e7\u00e3o e tem o total direito de concordar ou n\u00e3o comigo.\u201d<\/p>\n<p>&nbsp;<\/p>\n<p><a href=\"https:\/\/senoticias.com.br\/se\/wp-content\/uploads\/2018\/05\/Logomarca-fone-SE-4-2-1.jpg\"><img loading=\"lazy\" decoding=\"async\" class=\"aligncenter size-full wp-image-112673\" src=\"https:\/\/senoticias.com.br\/se\/wp-content\/uploads\/2018\/05\/Logomarca-fone-SE-4-2-1.jpg\" alt=\"\" width=\"599\" height=\"78\" srcset=\"https:\/\/senoticias.com.br\/se\/wp-content\/uploads\/2018\/05\/Logomarca-fone-SE-4-2-1.jpg 599w, https:\/\/senoticias.com.br\/se\/wp-content\/uploads\/2018\/05\/Logomarca-fone-SE-4-2-1-300x39.jpg 300w\" sizes=\"(max-width: 599px) 100vw, 599px\" \/><\/a><\/p>\n<p>&nbsp;<\/p>\n<p><em><strong>Acompanhe tamb\u00e9m o SE Not\u00edcias no<\/strong><span class=\"apple-converted-space\"><b>\u00a0<\/b><\/span><a href=\"https:\/\/twitter.com\/Senoticias\" target=\"_blank\" rel=\"noopener\"><b>Twitter<\/b><\/a><strong>,<\/strong><span class=\"apple-converted-space\"><b>\u00a0<\/b><\/span><a href=\"https:\/\/www.facebook.com\/senoticias1\" target=\"_blank\" rel=\"noopener\"><b>Facebook<\/b><span class=\"apple-converted-space\"><b>\u00a0<\/b><\/span><\/a><strong>e no<\/strong><span class=\"apple-converted-space\"><b>\u00a0<\/b><\/span><a href=\"https:\/\/www.instagram.com\/senoticias\/\" target=\"_blank\" rel=\"noopener\"><b>Instagram<\/b><\/a><\/em><\/p>\n<p>&nbsp;<\/p>\n<p><em>Por <a href=\"https:\/\/veja.abril.com.br\/placar\/juninho-pernambucano-deixa-a-globo-apos-critica-a-jornalistas\/\">Reda\u00e7\u00e3o<\/a>, Veja<\/em><\/p>\n","protected":false},"excerpt":{"rendered":"<p>Juninho Pernambucano n\u00e3o faz mais parte do Grupo Globo. Segundo a assessoria de imprensa da emissora, o ex-jogador solicitou a rescis\u00e3o de seu contrato na \u00faltima sexta-feira. \u201cEle se afastar\u00e1 de suas fun\u00e7\u00f5es como comentarista da Globo e do SporTV para tratar de assuntos pessoais\u201d, diz o comunicado. \u201cA Globo aceitou o pedido e agradece [&hellip;]<\/p>\n","protected":false},"author":6552,"featured_media":112788,"comment_status":"closed","ping_status":"closed","sticky":false,"template":"","format":"standard","meta":{"footnotes":""},"categories":[15,26],"tags":[9721,9719,9720],"class_list":{"0":"post-112787","1":"post","2":"type-post","3":"status-publish","4":"format-standard","5":"has-post-thumbnail","7":"category-destaques","8":"category-esportes","9":"tag-grupo-globo","10":"tag-juninho-pernambucano","11":"tag-sportv"},"_links":{"self":[{"href":"https:\/\/senoticias.com.br\/se\/wp-json\/wp\/v2\/posts\/112787"}],"collection":[{"href":"https:\/\/senoticias.com.br\/se\/wp-json\/wp\/v2\/posts"}],"about":[{"href":"https:\/\/senoticias.com.br\/se\/wp-json\/wp\/v2\/types\/post"}],"author":[{"embeddable":true,"href":"https:\/\/senoticias.com.br\/se\/wp-json\/wp\/v2\/users\/6552"}],"replies":[{"embeddable":true,"href":"https:\/\/senoticias.com.br\/se\/wp-json\/wp\/v2\/comments?post=112787"}],"version-history":[{"count":0,"href":"https:\/\/senoticias.com.br\/se\/wp-json\/wp\/v2\/posts\/112787\/revisions"}],"wp:featuredmedia":[{"embeddable":true,"href":"https:\/\/senoticias.com.br\/se\/wp-json\/wp\/v2\/media\/112788"}],"wp:attachment":[{"href":"https:\/\/senoticias.com.br\/se\/wp-json\/wp\/v2\/media?parent=112787"}],"wp:term":[{"taxonomy":"category","embeddable":true,"href":"https:\/\/senoticias.com.br\/se\/wp-json\/wp\/v2\/categories?post=112787"},{"taxonomy":"post_tag","embeddable":true,"href":"https:\/\/senoticias.com.br\/se\/wp-json\/wp\/v2\/tags?post=112787"}],"curies":[{"name":"wp","href":"https:\/\/api.w.org\/{rel}","templated":true}]}}