{"id":112784,"date":"2018-05-07T21:19:12","date_gmt":"2018-05-08T00:19:12","guid":{"rendered":"https:\/\/senoticias.com.br\/se\/?p=112784"},"modified":"2018-05-07T22:45:26","modified_gmt":"2018-05-08T01:45:26","slug":"prefeitura-de-sao-cristovao-contrata-mais-quatro-medicos-para-reforcar-atendimento-nas-unidades-de-saude","status":"publish","type":"post","link":"https:\/\/senoticias.com.br\/se\/prefeitura-de-sao-cristovao-contrata-mais-quatro-medicos-para-reforcar-atendimento-nas-unidades-de-saude\/","title":{"rendered":"Prefeitura de S\u00e3o Crist\u00f3v\u00e3o contrata mais quatro m\u00e9dicos para refor\u00e7ar atendimento nas Unidades de Sa\u00fade"},"content":{"rendered":"<p style=\"text-align: justify;\">\nA cidade de S\u00e3o Crist\u00f3v\u00e3o, recebeu, nesta segunda-feira (7), mais tr\u00eas profissionais do programa &#8216;Mais M\u00e9dicos&#8217;, do Governo Federal. J\u00e1 s\u00e3o 4 atualmente na cidade. A contrata\u00e7\u00e3o dos novos m\u00e9dicos foi autorizada pelo prefeito Marcos Santana\u00a0 para refor\u00e7ar o atendimento na Unidades B\u00e1sicas de Sa\u00fade (UBS\u2019s), do munic\u00edpio.<\/p>\n<p style=\"text-align: justify;\">Os profissionais foram recepcionados por equipes da Secretaria Municipal de Sa\u00fade e distribu\u00eddos para as unidades da V\u00e1rzea Grande (Jos\u00e9 Mac\u00e1rio de Santana), Rosa Maria (Unidade de Sa\u00fade da Fam\u00edlia Mariano Nascimento) e na sede do munic\u00edpio (Unidade Jairo Teixeira de Jesus).<\/p>\n<div id=\"attachment_112785\" style=\"width: 609px\" class=\"wp-caption aligncenter\"><a href=\"https:\/\/senoticias.com.br\/se\/wp-content\/uploads\/2018\/05\/p_ia9cb7b844c8f884fd4082fa686cb822b5af0a9a0a21211_52982010-e1525738462707.jpg\"><img loading=\"lazy\" decoding=\"async\" aria-describedby=\"caption-attachment-112785\" class=\"size-full wp-image-112785\" src=\"https:\/\/senoticias.com.br\/se\/wp-content\/uploads\/2018\/05\/p_ia9cb7b844c8f884fd4082fa686cb822b5af0a9a0a21211_52982010-e1525738462707.jpg\" alt=\"\" width=\"599\" height=\"374\" \/><\/a><p id=\"caption-attachment-112785\" class=\"wp-caption-text\">Os profissionais far\u00e3o parte do programa de aten\u00e7\u00e3o b\u00e1sica do munic\u00edpio (foto: M\u00e1rcio Garcez)<\/p><\/div>\n<p style=\"text-align: justify;\">Na Unidade de Sa\u00fade da Fam\u00edlia Mariano Nascimento, no Rosa Maria, a comunidade j\u00e1 come\u00e7ou a notar as mudan\u00e7as no atendimento. De acordo com a diretora da Unidade, Ros\u00e2ngela Lima Silva, a m\u00e9dia de consultas era de 14 por semana porque o espa\u00e7o dispunha de somente um m\u00e9dico. Com a chegada do novo m\u00e9dico, que atender\u00e1 todos os dias da semana, a capacidade de atendimento mais que triplicar\u00e1.<\/p>\n<p style=\"text-align: justify;\">\u201cAcredito que a popula\u00e7\u00e3o ficar\u00e1 muito satisfeita com a chegada desse m\u00e9dico. Teremos acompanhamento de gestante, hipertenso e diab\u00e9tico, al\u00e9m das visitas em domic\u00edlio. S\u00f3 hoje de manh\u00e3, o novo m\u00e9dico j\u00e1 fez visitas a pacientes e tem 15 agendados, teremos um bom fluxo de consultas\u201d, disse.<\/p>\n<p>Gilson Rodrigues foi um dos pacientes atendidos pelo profissional rec\u00e9m-chegado. \u201cSabia que o m\u00e9dico chegava hoje e vim logo. Achei a consulta atenciosa e proveitosa. Est\u00e1vamos precisando desse servi\u00e7o\u201d.<\/p>\n<p style=\"text-align: justify;\">A aposentada Maria do Carmo relembra a dificuldade para marca\u00e7\u00e3o de consultas na Unidade. \u201cEra o maior sacrif\u00edcio para conseguir uma ficha. Ainda bem que chegou outro m\u00e9dico. Temos esperan\u00e7a que melhore\u201d.<\/p>\n<p style=\"text-align: justify;\">Formado na Bol\u00edvia, S\u00e9rgio Melo J\u00fanior \u00e9 natural do Par\u00e1 e escolheu S\u00e3o Crist\u00f3v\u00e3o por estar localizada em regi\u00e3o metropolitana. Ele conta que a dificuldade inicial se d\u00e1 por conta do n\u00famero de pacientes sem acompanhamento.<\/p>\n<p style=\"text-align: justify;\">\u201cDesde o in\u00edcio eu visava S\u00e3o Crist\u00f3v\u00e3o por ser um lugar metropolitano, que realmente \u00e9 necessitado, mas tem a vantagem de ser pr\u00f3ximo da capital, o acesso a especialistas para poder dar assist\u00eancia ou encaminhamento ao SUS. A receptividade da secretaria foi tranquila. O mais importante \u00e9 uma boa recep\u00e7\u00e3o humana, a preocupa\u00e7\u00e3o com a comunidade, com a sa\u00fade, com o tratamento que o m\u00e9dico vai dar. A gente j\u00e1 vem com isso no pensamento, n\u00e3o s\u00f3 porque o treinamento que temos no sistema federal \u00e9 em cima disso, mas todo o curso de medicina \u00e9 voltado para um tratamento humano. Estamos aqui para realizar o mais importante para o paciente. Como o posto est\u00e1 a mais de um ano sem m\u00e9dico, muitos pacientes que est\u00e3o com ficha em branco, e temos que iniciar novamente novos rastreios\u201d, explicou.<\/p>\n<p style=\"text-align: justify;\">Diretora de Aten\u00e7\u00e3o \u00e0 Sa\u00fade, Adilene Passos Lima informou que atualmente S\u00e3o Crist\u00f3v\u00e3o conta com dez profissionais do Mais M\u00e9dicos e que o munic\u00edpio ir\u00e1 se credenciar, em junho, para ampliar a participa\u00e7\u00e3o no programa federal.<\/p>\n<p style=\"text-align: justify;\">\u201cEsse programa \u00e9 de fundamental import\u00e2ncia para o fortalecimento da rede uma vez que trar\u00e1 maior agilidade na oferta dos servi\u00e7os de sa\u00fade no munic\u00edpio. Esses profissionais ir\u00e3o atender a demanda j\u00e1 existente nas unidades Jairo Teixeira de Jesus, Mariano Nascimento e Jos\u00e9 Augusto Barreto , abrangendo regi\u00f5es como o conjunto Arnaldo Ramos de Moura e adjac\u00eancias; Rosa Maria, povoados Cabrita, Camboat\u00e1, V\u00e1rzea Grande e Umbaub\u00e1. A distribui\u00e7\u00e3o dos profissionais tem como crit\u00e9rio o atendimento das \u00e1reas descobertas e com maior n\u00famero de pessoas sem acesso a servi\u00e7os e a\u00e7\u00f5es de sa\u00fade. Vamos nos credenciar em junho para continuar ampliando nossa rede de servi\u00e7os\u201d.<\/p>\n<p style=\"text-align: justify;\">Eraldo Costa Cavalcanti \u00e9 natural de Alagoas e tamb\u00e9m se graduou na Bol\u00edvia. Ele ir\u00e1 atuar ter\u00e7as e quintas na V\u00e1rzea Grande e segundas e quartas no povoado Cabrita. \u201cNossa Expectativa \u00e9 suprir as demandas da popula\u00e7\u00e3o. O que n\u00e3o faremos \u00e9 deixar de atender. Como todo interior, vamos trabalhar a parte de ginecologia, pediatria, doen\u00e7as tropicais, casos de tuberculose que est\u00e3o controlados\u201d.<\/p>\n<p style=\"text-align: justify;\">Elisangela do Nascimento Oliveira ir\u00e1 atuar no Jairo Teixeira de Jesus. Tamb\u00e9m graduada na Bol\u00edvia, ela conta est\u00e1 em fase de adapta\u00e7\u00e3o. \u201cGostei da receptividade da equipe e da comunidade do Jairo. Estou me adaptando ao sistema do SUS\u201d.<\/p>\n<p style=\"text-align: justify;\">Conforme as diretrizes do programa Mais M\u00e9dicos, os profissionais v\u00e3o realizar exclusivamente atendimentos na aten\u00e7\u00e3o b\u00e1sica de sa\u00fade como cl\u00ednico geral ou m\u00e9dico generalista. A carga hor\u00e1ria ser\u00e1 de 32 horas semanais de atendimento nos postos m\u00e9dicos e oito horas semanais de p\u00f3s-gradua\u00e7\u00e3o \u00e0 dist\u00e2ncia.<\/p>\n<p>Lembrando que desde o in\u00edcio de janeiro, doutor Hugo Leonardo j\u00e1 atente na Unidade de Sa\u00fade da Fam\u00edlia Maria de Lourdes Cruz, no povoado Rita Cac\u00eate e na Col\u00f4nia Miranda.<\/p>\n<p>Veja as comunidades sancristoveses que v\u00e3o receber os profissionais:<\/p>\n<p>Rita Cac\u00eate<br \/>\nV\u00e1rzea Grande<br \/>\nRosa Maria<br \/>\nCidade Baixa (sede do munic\u00edpio)<\/p>\n<p>&nbsp;<\/p>\n<p>&nbsp;<\/p>\n<p><a href=\"https:\/\/senoticias.com.br\/se\/wp-content\/uploads\/2018\/05\/Logomarca-fone-SE-4-2-1.jpg\"><img loading=\"lazy\" decoding=\"async\" class=\"aligncenter size-full wp-image-112673\" src=\"https:\/\/senoticias.com.br\/se\/wp-content\/uploads\/2018\/05\/Logomarca-fone-SE-4-2-1.jpg\" alt=\"\" width=\"599\" height=\"78\" srcset=\"https:\/\/senoticias.com.br\/se\/wp-content\/uploads\/2018\/05\/Logomarca-fone-SE-4-2-1.jpg 599w, https:\/\/senoticias.com.br\/se\/wp-content\/uploads\/2018\/05\/Logomarca-fone-SE-4-2-1-300x39.jpg 300w\" sizes=\"(max-width: 599px) 100vw, 599px\" \/><\/a><\/p>\n<p>&nbsp;<\/p>\n<p><em><strong>Acompanhe tamb\u00e9m o SE Not\u00edcias no<\/strong><span class=\"apple-converted-space\"><b>\u00a0<\/b><\/span><a href=\"https:\/\/twitter.com\/Senoticias\" target=\"_blank\" rel=\"noopener\"><b>Twitter<\/b><\/a><strong>,<\/strong><span class=\"apple-converted-space\"><b>\u00a0<\/b><\/span><a href=\"https:\/\/www.facebook.com\/senoticias1\" target=\"_blank\" rel=\"noopener\"><b>Facebook<\/b><span class=\"apple-converted-space\"><b>\u00a0<\/b><\/span><\/a><strong>e no<\/strong><span class=\"apple-converted-space\"><b>\u00a0<\/b><\/span><a href=\"https:\/\/www.instagram.com\/senoticias\/\" target=\"_blank\" rel=\"noopener\"><b>Instagram<\/b><\/a><\/em><\/p>\n<p><em>Com informa\u00e7\u00f5es da Ascom\/PMSC<\/em><\/p>\n","protected":false},"excerpt":{"rendered":"<p>A cidade de S\u00e3o Crist\u00f3v\u00e3o, recebeu, nesta segunda-feira (7), mais tr\u00eas profissionais do programa &#8216;Mais M\u00e9dicos&#8217;, do Governo Federal. J\u00e1 s\u00e3o 4 atualmente na cidade. A contrata\u00e7\u00e3o dos novos m\u00e9dicos foi autorizada pelo prefeito Marcos Santana\u00a0 para refor\u00e7ar o atendimento na Unidades B\u00e1sicas de Sa\u00fade (UBS\u2019s), do munic\u00edpio. Os profissionais foram recepcionados por equipes da [&hellip;]<\/p>\n","protected":false},"author":6552,"featured_media":112785,"comment_status":"closed","ping_status":"closed","sticky":false,"template":"","format":"standard","meta":{"footnotes":""},"categories":[38],"tags":[4533,335],"class_list":{"0":"post-112784","1":"post","2":"type-post","3":"status-publish","4":"format-standard","5":"has-post-thumbnail","7":"category-municipios","8":"tag-mais-medicos","9":"tag-sao-cristovao"},"_links":{"self":[{"href":"https:\/\/senoticias.com.br\/se\/wp-json\/wp\/v2\/posts\/112784"}],"collection":[{"href":"https:\/\/senoticias.com.br\/se\/wp-json\/wp\/v2\/posts"}],"about":[{"href":"https:\/\/senoticias.com.br\/se\/wp-json\/wp\/v2\/types\/post"}],"author":[{"embeddable":true,"href":"https:\/\/senoticias.com.br\/se\/wp-json\/wp\/v2\/users\/6552"}],"replies":[{"embeddable":true,"href":"https:\/\/senoticias.com.br\/se\/wp-json\/wp\/v2\/comments?post=112784"}],"version-history":[{"count":0,"href":"https:\/\/senoticias.com.br\/se\/wp-json\/wp\/v2\/posts\/112784\/revisions"}],"wp:featuredmedia":[{"embeddable":true,"href":"https:\/\/senoticias.com.br\/se\/wp-json\/wp\/v2\/media\/112785"}],"wp:attachment":[{"href":"https:\/\/senoticias.com.br\/se\/wp-json\/wp\/v2\/media?parent=112784"}],"wp:term":[{"taxonomy":"category","embeddable":true,"href":"https:\/\/senoticias.com.br\/se\/wp-json\/wp\/v2\/categories?post=112784"},{"taxonomy":"post_tag","embeddable":true,"href":"https:\/\/senoticias.com.br\/se\/wp-json\/wp\/v2\/tags?post=112784"}],"curies":[{"name":"wp","href":"https:\/\/api.w.org\/{rel}","templated":true}]}}