{"id":112781,"date":"2018-05-07T18:53:41","date_gmt":"2018-05-07T21:53:41","guid":{"rendered":"https:\/\/senoticias.com.br\/se\/?p=112781"},"modified":"2018-05-09T06:40:27","modified_gmt":"2018-05-09T09:40:27","slug":"petrobras-reajusta-preco-do-gas-em-71-em-media","status":"publish","type":"post","link":"https:\/\/senoticias.com.br\/se\/petrobras-reajusta-preco-do-gas-em-71-em-media\/","title":{"rendered":"Petrobras reajusta pre\u00e7o do g\u00e1s em 7,1% em m\u00e9dia"},"content":{"rendered":"<p style=\"text-align: justify;\">A Petrobras reajusta amanh\u00e3 (8) em 7,1%, em m\u00e9dia, o pre\u00e7o do G\u00e1s Liquefeito de Petr\u00f3leo (GLP) de uso industrial e comercial \u00e0s distribuidoras. A companhia tem como base o pre\u00e7o de paridade formado pelas cota\u00e7\u00f5es internacionais mais os custos de transporte e taxas portu\u00e1rias.<\/p>\n<div id=\"attachment_112782\" style=\"width: 590px\" class=\"wp-caption aligncenter\"><a href=\"https:\/\/senoticias.com.br\/se\/wp-content\/uploads\/2018\/05\/028a0a009a40f020592057da8c5987fe3add6778-e1525729769979.png\"><img loading=\"lazy\" decoding=\"async\" aria-describedby=\"caption-attachment-112782\" class=\"size-full wp-image-112782\" src=\"https:\/\/senoticias.com.br\/se\/wp-content\/uploads\/2018\/05\/028a0a009a40f020592057da8c5987fe3add6778-e1525729769979.png\" alt=\"\" width=\"580\" height=\"324\" \/><\/a><p id=\"caption-attachment-112782\" class=\"wp-caption-text\">Foto: Divulga\u00e7\u00e3o<\/p><\/div>\n<p style=\"text-align: justify;\">De acordo com a estatal, a paridade \u00e9 necess\u00e1ria porque o mercado brasileiro de combust\u00edveis \u00e9 aberto \u00e0 livre concorr\u00eancia, dando \u00e0s distribuidoras a alternativa de importar os produtos. Al\u00e9m disso, o pre\u00e7o m\u00e9dio considera uma margem que cobre os riscos &#8211; como volatilidade do c\u00e2mbio e dos pre\u00e7os.<\/p>\n<p style=\"text-align: justify;\"><strong>Sindig\u00e1s<\/strong><br \/>\nO Sindicato Nacional das Empresas Distribuidoras de G\u00e1s Liquefeito de Petr\u00f3leo (Sindig\u00e1s) informou que foi comunicado pela Petrobras na tarde de hoje (7) sobre novo reajuste de pre\u00e7o do GLP empresarial, para embalagens acima de 13 quilos.<\/p>\n<p style=\"text-align: justify;\">De acordo com a Petrobras, o aumento ser\u00e1 entre 5,8% e 8,6%, dependendo do polo de suprimento, v\u00e1lido a partir de 0h de amanh\u00e3 (8) nas unidades da petroleira.<\/p>\n<p style=\"text-align: justify;\">Com o aumento, o \u00e1gio praticado pela Petrobras est\u00e1 em 31% em rela\u00e7\u00e3o ao pre\u00e7o praticado no mercado internacional. Na avalia\u00e7\u00e3o do Sindig\u00e1s, \u201cesse \u00e1gio vem pressionando ainda mais os custos de neg\u00f3cios que t\u00eam o GLP entre seus principais insumos, impactando de forma crucial empresas que operam com uso intensivo de GLP\u201d.<\/p>\n<p>Da Ag\u00eancia Brasil.<\/p>\n<p style=\"line-height: 14.25pt;\"><strong><span style=\"font-size: 10.0pt; font-family: 'Georgia','serif'; color: #333333;\">Acompanhe tamb\u00e9m o SE Not\u00edcias no<\/span><\/strong><span class=\"apple-converted-space\"><b><span style=\"font-size: 10.0pt; font-family: 'Georgia','serif'; color: #333333;\">\u00a0<\/span><\/b><\/span><a href=\"https:\/\/twitter.com\/Senoticias\" target=\"_blank\" rel=\"noopener\"><b><span style=\"font-size: 10.0pt; font-family: 'Georgia','serif';\">Twitter<\/span><\/b><\/a><strong><span style=\"font-size: 10.0pt; font-family: 'Georgia','serif'; color: #333333;\">,<\/span><\/strong><span class=\"apple-converted-space\"><b><span style=\"font-size: 10.0pt; font-family: 'Georgia','serif'; color: #333333;\">\u00a0<\/span><\/b><\/span><a href=\"https:\/\/www.facebook.com\/senoticias1\" target=\"_blank\" rel=\"noopener\"><b><span style=\"font-size: 10.0pt; font-family: 'Georgia','serif';\">Facebook<\/span><\/b><span class=\"apple-converted-space\"><b><span style=\"font-size: 10.0pt; font-family: 'Georgia','serif'; color: windowtext; text-decoration: none;\">\u00a0<\/span><\/b><\/span><\/a><strong><span style=\"font-size: 10.0pt; font-family: 'Georgia','serif'; color: #333333;\">e no<\/span><\/strong><span class=\"apple-converted-space\"><b><span style=\"font-size: 10.0pt; font-family: 'Georgia','serif'; color: #333333;\">\u00a0<\/span><\/b><\/span><a href=\"https:\/\/www.instagram.com\/senoticias\/\" target=\"_blank\" rel=\"noopener\"><b><span style=\"font-size: 10.0pt; font-family: 'Georgia','serif';\">Instagram<\/span><\/b><\/a><strong><span style=\"font-size: 10.0pt; font-family: 'Georgia','serif'; color: #333333;\">.<\/span><\/strong><\/p>\n<p><a href=\"https:\/\/senoticias.com.br\/se\/wp-content\/uploads\/2018\/05\/Logomarca-fone-SE-4-2-1.jpg\"><img loading=\"lazy\" decoding=\"async\" class=\"aligncenter size-full wp-image-112673\" src=\"https:\/\/senoticias.com.br\/se\/wp-content\/uploads\/2018\/05\/Logomarca-fone-SE-4-2-1.jpg\" alt=\"\" width=\"599\" height=\"78\" srcset=\"https:\/\/senoticias.com.br\/se\/wp-content\/uploads\/2018\/05\/Logomarca-fone-SE-4-2-1.jpg 599w, https:\/\/senoticias.com.br\/se\/wp-content\/uploads\/2018\/05\/Logomarca-fone-SE-4-2-1-300x39.jpg 300w\" sizes=\"(max-width: 599px) 100vw, 599px\" \/><\/a><\/p>\n","protected":false},"excerpt":{"rendered":"<p>A Petrobras reajusta amanh\u00e3 (8) em 7,1%, em m\u00e9dia, o pre\u00e7o do G\u00e1s Liquefeito de Petr\u00f3leo (GLP) de uso industrial e comercial \u00e0s distribuidoras. A companhia tem como base o pre\u00e7o de paridade formado pelas cota\u00e7\u00f5es internacionais mais os custos de transporte e taxas portu\u00e1rias. De acordo com a estatal, a paridade \u00e9 necess\u00e1ria porque [&hellip;]<\/p>\n","protected":false},"author":6554,"featured_media":112782,"comment_status":"closed","ping_status":"closed","sticky":false,"template":"","format":"standard","meta":{"footnotes":""},"categories":[6],"tags":[9718,9717],"class_list":{"0":"post-112781","1":"post","2":"type-post","3":"status-publish","4":"format-standard","5":"has-post-thumbnail","7":"category-politica","8":"tag-1-em-media","9":"tag-petrobras-reajusta-preco-do-gas-em-7"},"_links":{"self":[{"href":"https:\/\/senoticias.com.br\/se\/wp-json\/wp\/v2\/posts\/112781"}],"collection":[{"href":"https:\/\/senoticias.com.br\/se\/wp-json\/wp\/v2\/posts"}],"about":[{"href":"https:\/\/senoticias.com.br\/se\/wp-json\/wp\/v2\/types\/post"}],"author":[{"embeddable":true,"href":"https:\/\/senoticias.com.br\/se\/wp-json\/wp\/v2\/users\/6554"}],"replies":[{"embeddable":true,"href":"https:\/\/senoticias.com.br\/se\/wp-json\/wp\/v2\/comments?post=112781"}],"version-history":[{"count":0,"href":"https:\/\/senoticias.com.br\/se\/wp-json\/wp\/v2\/posts\/112781\/revisions"}],"wp:featuredmedia":[{"embeddable":true,"href":"https:\/\/senoticias.com.br\/se\/wp-json\/wp\/v2\/media\/112782"}],"wp:attachment":[{"href":"https:\/\/senoticias.com.br\/se\/wp-json\/wp\/v2\/media?parent=112781"}],"wp:term":[{"taxonomy":"category","embeddable":true,"href":"https:\/\/senoticias.com.br\/se\/wp-json\/wp\/v2\/categories?post=112781"},{"taxonomy":"post_tag","embeddable":true,"href":"https:\/\/senoticias.com.br\/se\/wp-json\/wp\/v2\/tags?post=112781"}],"curies":[{"name":"wp","href":"https:\/\/api.w.org\/{rel}","templated":true}]}}