{"id":112778,"date":"2018-05-07T17:36:24","date_gmt":"2018-05-07T20:36:24","guid":{"rendered":"https:\/\/senoticias.com.br\/se\/?p=112778"},"modified":"2018-05-07T17:36:24","modified_gmt":"2018-05-07T20:36:24","slug":"transferencia-de-presos-e-feita-para-evitar-rebeliao-no-presidio-de-tobias-barreto","status":"publish","type":"post","link":"https:\/\/senoticias.com.br\/se\/transferencia-de-presos-e-feita-para-evitar-rebeliao-no-presidio-de-tobias-barreto\/","title":{"rendered":"Transfer\u00eancia de presos \u00e9 feita para evitar rebeli\u00e3o no pres\u00eddio de Tobias Barreto"},"content":{"rendered":"<p style=\"text-align: justify\">Na manh\u00e3 do \u00faltimo s\u00e1bado (05), surgiu a informa\u00e7\u00e3o de uma poss\u00edvel rebeli\u00e3o no pres\u00eddio Ju\u00edz Manoel Barbosa de Souza (Premabas), localizado no munic\u00edpio de Tobias Barreto. A equipe de intelig\u00eancia do Departamento do Sistema Prisional (Desipe), em conjunto com a dire\u00e7\u00e3o do Premabas conseguiu evitar a poss\u00edvel rebeli\u00e3o e mortes dentro da unidade neste fim de semana.<\/p>\n<div id=\"attachment_66597\" style=\"width: 570px\" class=\"wp-caption aligncenter\"><a href=\"https:\/\/senoticias.com.br\/se\/wp-content\/uploads\/2014\/07\/Premabas.jpg\"><img loading=\"lazy\" decoding=\"async\" aria-describedby=\"caption-attachment-66597\" class=\"size-full wp-image-66597\" src=\"https:\/\/senoticias.com.br\/se\/wp-content\/uploads\/2014\/07\/Premabas.jpg\" alt=\"\" width=\"560\" height=\"420\" srcset=\"https:\/\/senoticias.com.br\/se\/wp-content\/uploads\/2014\/07\/Premabas.jpg 560w, https:\/\/senoticias.com.br\/se\/wp-content\/uploads\/2014\/07\/Premabas-300x225.jpg 300w, https:\/\/senoticias.com.br\/se\/wp-content\/uploads\/2014\/07\/Premabas-342x256.jpg 342w, https:\/\/senoticias.com.br\/se\/wp-content\/uploads\/2014\/07\/Premabas-60x45.jpg 60w, https:\/\/senoticias.com.br\/se\/wp-content\/uploads\/2014\/07\/Premabas-150x113.jpg 150w, https:\/\/senoticias.com.br\/se\/wp-content\/uploads\/2014\/07\/Premabas-269x201.jpg 269w\" sizes=\"(max-width: 560px) 100vw, 560px\" \/><\/a><p id=\"caption-attachment-66597\" class=\"wp-caption-text\">(Foto: Divulga\u00e7\u00e3o\/Sejuc)<\/p><\/div>\n<p style=\"text-align: justify\">Segundo informa\u00e7\u00f5es da Secretaria de Justi\u00e7a de Sergipe, sete internos de diferentes alas foram transferidos de unidade, ap\u00f3s sofrerem amea\u00e7as e serem isolados. Atualmente eles se encontram no Complexo Penitenci\u00e1rio Dr. Manoel Carvalho Neto (Copemcan) em S\u00e3o Crist\u00f3v\u00e3o.<\/p>\n<p style=\"text-align: justify\">A a\u00e7\u00e3o ocorreu em conjunto tamb\u00e9m com o servi\u00e7o de intelig\u00eancia da Secretaria de Seguran\u00e7a P\u00fablica (SSP), a Pol\u00edcia Militar (PM\/SE) e o Grupo T\u00e1tico A\u00e9reo (GTA), parceiros da Secretaria de Estado da Justi\u00e7a e de Defesa ao Consumidor (Sejuc).<\/p>\n<p style=\"text-align: justify\">O diretor do Premabas, Jos\u00e9 Raimundo, informou que as visitas para os 456 internos continuam normalmente e que as transfer\u00eancias foram apenas precau\u00e7\u00f5es. As visitas na unidade ocorrem as ter\u00e7as, quartas, quintas e s\u00e1bado. O Premabas conta agora tamb\u00e9m com um novo aparelhamento de seguran\u00e7a, o body scan.<\/p>\n<p style=\"text-align: justify\">\nFonte: Com informa\u00e7\u00f5es da Sejuc.<\/p>\n<p style=\"line-height: 14.25pt\"><strong><span style=\"font-size: 10.0pt;font-family: 'Georgia','serif';color: #333333\">Acompanhe tamb\u00e9m o SE Not\u00edcias no<\/span><\/strong><span class=\"apple-converted-space\"><b><span style=\"font-size: 10.0pt;font-family: 'Georgia','serif';color: #333333\">\u00a0<\/span><\/b><\/span><a href=\"https:\/\/twitter.com\/Senoticias\" target=\"_blank\" rel=\"noopener\"><b><span style=\"font-size: 10.0pt;font-family: 'Georgia','serif'\">Twitter<\/span><\/b><\/a><strong><span style=\"font-size: 10.0pt;font-family: 'Georgia','serif';color: #333333\">,<\/span><\/strong><span class=\"apple-converted-space\"><b><span style=\"font-size: 10.0pt;font-family: 'Georgia','serif';color: #333333\">\u00a0<\/span><\/b><\/span><a href=\"https:\/\/www.facebook.com\/senoticias1\" target=\"_blank\" rel=\"noopener\"><b><span style=\"font-size: 10.0pt;font-family: 'Georgia','serif'\">Facebook<\/span><\/b><span class=\"apple-converted-space\"><b><span style=\"font-size: 10.0pt;font-family: 'Georgia','serif';color: windowtext;text-decoration: none\">\u00a0<\/span><\/b><\/span><\/a><strong><span style=\"font-size: 10.0pt;font-family: 'Georgia','serif';color: #333333\">e no<\/span><\/strong><span class=\"apple-converted-space\"><b><span style=\"font-size: 10.0pt;font-family: 'Georgia','serif';color: #333333\">\u00a0<\/span><\/b><\/span><a href=\"https:\/\/www.instagram.com\/senoticias\/\" target=\"_blank\" rel=\"noopener\"><b><span style=\"font-size: 10.0pt;font-family: 'Georgia','serif'\">Instagram<\/span><\/b><\/a><strong><span style=\"font-size: 10.0pt;font-family: 'Georgia','serif';color: #333333\">.<\/span><\/strong><\/p>\n<p><a href=\"https:\/\/senoticias.com.br\/se\/wp-content\/uploads\/2018\/05\/Logomarca-fone-SE-4-2-1.jpg\"><img loading=\"lazy\" decoding=\"async\" class=\"aligncenter size-full wp-image-112673\" src=\"https:\/\/senoticias.com.br\/se\/wp-content\/uploads\/2018\/05\/Logomarca-fone-SE-4-2-1.jpg\" alt=\"\" width=\"599\" height=\"78\" srcset=\"https:\/\/senoticias.com.br\/se\/wp-content\/uploads\/2018\/05\/Logomarca-fone-SE-4-2-1.jpg 599w, https:\/\/senoticias.com.br\/se\/wp-content\/uploads\/2018\/05\/Logomarca-fone-SE-4-2-1-300x39.jpg 300w\" sizes=\"(max-width: 599px) 100vw, 599px\" \/><\/a><\/p>\n","protected":false},"excerpt":{"rendered":"<p>Na manh\u00e3 do \u00faltimo s\u00e1bado (05), surgiu a informa\u00e7\u00e3o de uma poss\u00edvel rebeli\u00e3o no pres\u00eddio Ju\u00edz Manoel Barbosa de Souza (Premabas), localizado no munic\u00edpio de Tobias Barreto. A equipe de intelig\u00eancia do Departamento do Sistema Prisional (Desipe), em conjunto com a dire\u00e7\u00e3o do Premabas conseguiu evitar a poss\u00edvel rebeli\u00e3o e mortes dentro da unidade neste [&hellip;]<\/p>\n","protected":false},"author":6554,"featured_media":66597,"comment_status":"closed","ping_status":"closed","sticky":false,"template":"","format":"standard","meta":{"footnotes":""},"categories":[7],"tags":[9713],"class_list":{"0":"post-112778","1":"post","2":"type-post","3":"status-publish","4":"format-standard","5":"has-post-thumbnail","7":"category-policia","8":"tag-transferencia-de-presos-e-feita-para-evitar-rebeliao-no-presidio-de-tobias-barreto"},"_links":{"self":[{"href":"https:\/\/senoticias.com.br\/se\/wp-json\/wp\/v2\/posts\/112778"}],"collection":[{"href":"https:\/\/senoticias.com.br\/se\/wp-json\/wp\/v2\/posts"}],"about":[{"href":"https:\/\/senoticias.com.br\/se\/wp-json\/wp\/v2\/types\/post"}],"author":[{"embeddable":true,"href":"https:\/\/senoticias.com.br\/se\/wp-json\/wp\/v2\/users\/6554"}],"replies":[{"embeddable":true,"href":"https:\/\/senoticias.com.br\/se\/wp-json\/wp\/v2\/comments?post=112778"}],"version-history":[{"count":0,"href":"https:\/\/senoticias.com.br\/se\/wp-json\/wp\/v2\/posts\/112778\/revisions"}],"wp:featuredmedia":[{"embeddable":true,"href":"https:\/\/senoticias.com.br\/se\/wp-json\/wp\/v2\/media\/66597"}],"wp:attachment":[{"href":"https:\/\/senoticias.com.br\/se\/wp-json\/wp\/v2\/media?parent=112778"}],"wp:term":[{"taxonomy":"category","embeddable":true,"href":"https:\/\/senoticias.com.br\/se\/wp-json\/wp\/v2\/categories?post=112778"},{"taxonomy":"post_tag","embeddable":true,"href":"https:\/\/senoticias.com.br\/se\/wp-json\/wp\/v2\/tags?post=112778"}],"curies":[{"name":"wp","href":"https:\/\/api.w.org\/{rel}","templated":true}]}}