{"id":112776,"date":"2018-05-07T17:29:49","date_gmt":"2018-05-07T20:29:49","guid":{"rendered":"https:\/\/senoticias.com.br\/se\/?p=112776"},"modified":"2018-05-07T17:29:49","modified_gmt":"2018-05-07T20:29:49","slug":"chuva-em-sergipe-deve-durar-24-horas-afirma-meteorologia","status":"publish","type":"post","link":"https:\/\/senoticias.com.br\/se\/chuva-em-sergipe-deve-durar-24-horas-afirma-meteorologia\/","title":{"rendered":"Chuva em Sergipe deve durar 24 horas, afirma meteorologia"},"content":{"rendered":"<div class=\"mc-column content-text active-extra-styles active-capital-letter\">\n<p style=\"text-align: justify\">De acordo com o meteorologista da Secretaria de Estado do Meio Ambiente e dos Recursos H\u00eddricos (Semarh), Overland Amaral, as chuvas que come\u00e7aram na madrugada desta segunda-feira (7) devem se prolongar pelas pr\u00f3ximas 24 horas em todo o estado.<\/p>\n<div id=\"attachment_112777\" style=\"width: 590px\" class=\"wp-caption aligncenter\"><a href=\"https:\/\/senoticias.com.br\/se\/wp-content\/uploads\/2018\/05\/287251444--e1525724934379.jpg\"><img loading=\"lazy\" decoding=\"async\" aria-describedby=\"caption-attachment-112777\" class=\"size-full wp-image-112777\" src=\"https:\/\/senoticias.com.br\/se\/wp-content\/uploads\/2018\/05\/287251444--e1525724934379.jpg\" alt=\"\" width=\"580\" height=\"385\" \/><\/a><p id=\"caption-attachment-112777\" class=\"wp-caption-text\">Foto: Arquivo Portal A8SE<\/p><\/div>\n<\/div>\n<div class=\"mc-column content-text active-extra-styles \">\n<p style=\"text-align: justify\">Segundo Overland,\u00a0 a previs\u00e3o \u00e9 que chova em torno de 20 a 50 mil\u00edmetros, especialmente no Litoral Sul e Centro Sul do estado. Nas outras regi\u00f5es deve chover entre 10 e 20 mil\u00edmetros.<\/p>\n<p style=\"text-align: justify\">Em nota, o coordenador da Defesa Civil de Aracaju, o major\u00a0\u00a0Silvio Prado, informou que em Aracaju choveu 29 mm, 12 mil\u00edmetros a mais do que esperado para todo o dia.<\/p>\n<p>Do A8 SE.<\/p>\n<p style=\"line-height: 14.25pt\"><strong><span style=\"font-size: 10.0pt;font-family: 'Georgia','serif';color: #333333\">Acompanhe tamb\u00e9m o SE Not\u00edcias no<\/span><\/strong><span class=\"apple-converted-space\"><b><span style=\"font-size: 10.0pt;font-family: 'Georgia','serif';color: #333333\">\u00a0<\/span><\/b><\/span><a href=\"https:\/\/twitter.com\/Senoticias\" target=\"_blank\" rel=\"noopener\"><b><span style=\"font-size: 10.0pt;font-family: 'Georgia','serif'\">Twitter<\/span><\/b><\/a><strong><span style=\"font-size: 10.0pt;font-family: 'Georgia','serif';color: #333333\">,<\/span><\/strong><span class=\"apple-converted-space\"><b><span style=\"font-size: 10.0pt;font-family: 'Georgia','serif';color: #333333\">\u00a0<\/span><\/b><\/span><a href=\"https:\/\/www.facebook.com\/senoticias1\" target=\"_blank\" rel=\"noopener\"><b><span style=\"font-size: 10.0pt;font-family: 'Georgia','serif'\">Facebook<\/span><\/b><span class=\"apple-converted-space\"><b><span style=\"font-size: 10.0pt;font-family: 'Georgia','serif';color: windowtext;text-decoration: none\">\u00a0<\/span><\/b><\/span><\/a><strong><span style=\"font-size: 10.0pt;font-family: 'Georgia','serif';color: #333333\">e no<\/span><\/strong><span class=\"apple-converted-space\"><b><span style=\"font-size: 10.0pt;font-family: 'Georgia','serif';color: #333333\">\u00a0<\/span><\/b><\/span><a href=\"https:\/\/www.instagram.com\/senoticias\/\" target=\"_blank\" rel=\"noopener\"><b><span style=\"font-size: 10.0pt;font-family: 'Georgia','serif'\">Instagram<\/span><\/b><\/a><strong><span style=\"font-size: 10.0pt;font-family: 'Georgia','serif';color: #333333\">.<\/span><\/strong><\/p>\n<p><a href=\"https:\/\/senoticias.com.br\/se\/wp-content\/uploads\/2018\/05\/Logomarca-fone-SE-4-2-1.jpg\"><img loading=\"lazy\" decoding=\"async\" class=\"aligncenter size-full wp-image-112673\" src=\"https:\/\/senoticias.com.br\/se\/wp-content\/uploads\/2018\/05\/Logomarca-fone-SE-4-2-1.jpg\" alt=\"\" width=\"599\" height=\"78\" srcset=\"https:\/\/senoticias.com.br\/se\/wp-content\/uploads\/2018\/05\/Logomarca-fone-SE-4-2-1.jpg 599w, https:\/\/senoticias.com.br\/se\/wp-content\/uploads\/2018\/05\/Logomarca-fone-SE-4-2-1-300x39.jpg 300w\" sizes=\"(max-width: 599px) 100vw, 599px\" \/><\/a><\/p>\n<\/div>\n","protected":false},"excerpt":{"rendered":"<p>De acordo com o meteorologista da Secretaria de Estado do Meio Ambiente e dos Recursos H\u00eddricos (Semarh), Overland Amaral, as chuvas que come\u00e7aram na madrugada desta segunda-feira (7) devem se prolongar pelas pr\u00f3ximas 24 horas em todo o estado. Segundo Overland,\u00a0 a previs\u00e3o \u00e9 que chova em torno de 20 a 50 mil\u00edmetros, especialmente no [&hellip;]<\/p>\n","protected":false},"author":6554,"featured_media":112777,"comment_status":"closed","ping_status":"closed","sticky":false,"template":"","format":"standard","meta":{"footnotes":""},"categories":[38],"tags":[9712,9711],"class_list":{"0":"post-112776","1":"post","2":"type-post","3":"status-publish","4":"format-standard","5":"has-post-thumbnail","7":"category-municipios","8":"tag-afirma-meteorologia","9":"tag-chuva-em-sergipe-deve-durar-24-horas"},"_links":{"self":[{"href":"https:\/\/senoticias.com.br\/se\/wp-json\/wp\/v2\/posts\/112776"}],"collection":[{"href":"https:\/\/senoticias.com.br\/se\/wp-json\/wp\/v2\/posts"}],"about":[{"href":"https:\/\/senoticias.com.br\/se\/wp-json\/wp\/v2\/types\/post"}],"author":[{"embeddable":true,"href":"https:\/\/senoticias.com.br\/se\/wp-json\/wp\/v2\/users\/6554"}],"replies":[{"embeddable":true,"href":"https:\/\/senoticias.com.br\/se\/wp-json\/wp\/v2\/comments?post=112776"}],"version-history":[{"count":0,"href":"https:\/\/senoticias.com.br\/se\/wp-json\/wp\/v2\/posts\/112776\/revisions"}],"wp:featuredmedia":[{"embeddable":true,"href":"https:\/\/senoticias.com.br\/se\/wp-json\/wp\/v2\/media\/112777"}],"wp:attachment":[{"href":"https:\/\/senoticias.com.br\/se\/wp-json\/wp\/v2\/media?parent=112776"}],"wp:term":[{"taxonomy":"category","embeddable":true,"href":"https:\/\/senoticias.com.br\/se\/wp-json\/wp\/v2\/categories?post=112776"},{"taxonomy":"post_tag","embeddable":true,"href":"https:\/\/senoticias.com.br\/se\/wp-json\/wp\/v2\/tags?post=112776"}],"curies":[{"name":"wp","href":"https:\/\/api.w.org\/{rel}","templated":true}]}}