{"id":112774,"date":"2018-05-07T17:17:16","date_gmt":"2018-05-07T20:17:16","guid":{"rendered":"https:\/\/senoticias.com.br\/se\/?p=112774"},"modified":"2018-05-07T17:17:16","modified_gmt":"2018-05-07T20:17:16","slug":"gilmar-desmente-governo-e-afirma-maior-parcela-dos-gastos-nao-e-com-servidores","status":"publish","type":"post","link":"https:\/\/senoticias.com.br\/se\/gilmar-desmente-governo-e-afirma-maior-parcela-dos-gastos-nao-e-com-servidores\/","title":{"rendered":"Gilmar desmente Governo e afirma: \u201cMaior parcela dos gastos n\u00e3o \u00e9 com servidores\u201d"},"content":{"rendered":"<p style=\"text-align: justify\">O deputado estadual Gilmar Carvalho (PSC) apresentou nesta segunda-feira, 7, dados oficiais da Secretaria do Tesouro Nacional, coletados pelo site G1, sobre o pagamento de servidores ativos e inativos dos Estados e desmentiu declara\u00e7\u00f5es feitas pelo Governo. De acordo com as informa\u00e7\u00f5es, Sergipe possui menos de 50% dos seus gastos direcionados ao pagamento de servidores.<\/p>\n<div id=\"attachment_112775\" style=\"width: 590px\" class=\"wp-caption aligncenter\"><a href=\"https:\/\/senoticias.com.br\/se\/wp-content\/uploads\/2018\/05\/COP_9073-e1525724097421.jpg\"><img loading=\"lazy\" decoding=\"async\" aria-describedby=\"caption-attachment-112775\" class=\"size-full wp-image-112775\" src=\"https:\/\/senoticias.com.br\/se\/wp-content\/uploads\/2018\/05\/COP_9073-e1525724097421.jpg\" alt=\"\" width=\"580\" height=\"387\" \/><\/a><p id=\"caption-attachment-112775\" class=\"wp-caption-text\">Foto: C\u00e9sar de Oliveira<\/p><\/div>\n<p style=\"text-align: justify\">Gilmar aproveitou ainda para criticar o mandato de Jackson Barreto.\u201cGasto com Servidores ocupa menos de 50% da receita corrente l\u00edquida e o Governo de Sergipe diz o contr\u00e1rio. O Governo de Sergipe teve um mal gestor, o ex-governador, que pode ser at\u00e9 um bom pol\u00edtico, mas um p\u00e9ssimo gestor. Espera-se que o atual governador seja um bom gestor\u201d, criticou.<\/p>\n<p style=\"text-align: justify\">O parlamentar lembrou ainda que a crise n\u00e3o \u00e9 o principal problema que atingiu financeiramente o estado e afirmou que a gest\u00e3o \u00e9 a pior da hist\u00f3ria de Sergipe. \u201cColocaram toda a carga, da crise t\u00e3o atenuada em Sergipe, para justificar esse desastre do pior Governo da hist\u00f3ria do Estado, e jogaram nas costas dos aposentados. Esse \u00e9 um estado que precisa mudar\u201d. Finalizando, o deputado rememorou palavras ditas por Clovis Barbosa, enquanto presidente do Tribunal de Contas do Estado. \u201cO problema de Sergipe n\u00e3o \u00e9 falta de dinheiro, \u00e9 a falta de gest\u00e3o\u201d.<\/p>\n<p style=\"text-align: justify\"><strong>Almeida Lima<\/strong><\/p>\n<p style=\"text-align: justify\">Gilmar registrou ainda o descontentamento com a falta de posi\u00e7\u00e3o do Governo a declara\u00e7\u00f5es do secret\u00e1rio de sa\u00fade, Almeida Lima, que afirmou ser \u201cmais forte no governo do que o pr\u00f3prio Belivaldo\u201d.<\/p>\n<p style=\"text-align: justify\">Foto: C\u00e9sar de Oliveira<\/p>\n<p style=\"text-align: justify\">Com informa\u00e7\u00f5es da Assessoria Parlamentar<\/p>\n<p style=\"line-height: 14.25pt\"><strong><span style=\"font-size: 10.0pt;font-family: 'Georgia','serif';color: #333333\">Acompanhe tamb\u00e9m o SE Not\u00edcias no<\/span><\/strong><span class=\"apple-converted-space\"><b><span style=\"font-size: 10.0pt;font-family: 'Georgia','serif';color: #333333\">\u00a0<\/span><\/b><\/span><a href=\"https:\/\/twitter.com\/Senoticias\" target=\"_blank\" rel=\"noopener\"><b><span style=\"font-size: 10.0pt;font-family: 'Georgia','serif'\">Twitter<\/span><\/b><\/a><strong><span style=\"font-size: 10.0pt;font-family: 'Georgia','serif';color: #333333\">,<\/span><\/strong><span class=\"apple-converted-space\"><b><span style=\"font-size: 10.0pt;font-family: 'Georgia','serif';color: #333333\">\u00a0<\/span><\/b><\/span><a href=\"https:\/\/www.facebook.com\/senoticias1\" target=\"_blank\" rel=\"noopener\"><b><span style=\"font-size: 10.0pt;font-family: 'Georgia','serif'\">Facebook<\/span><\/b><span class=\"apple-converted-space\"><b><span style=\"font-size: 10.0pt;font-family: 'Georgia','serif';color: windowtext;text-decoration: none\">\u00a0<\/span><\/b><\/span><\/a><strong><span style=\"font-size: 10.0pt;font-family: 'Georgia','serif';color: #333333\">e no<\/span><\/strong><span class=\"apple-converted-space\"><b><span style=\"font-size: 10.0pt;font-family: 'Georgia','serif';color: #333333\">\u00a0<\/span><\/b><\/span><a href=\"https:\/\/www.instagram.com\/senoticias\/\" target=\"_blank\" rel=\"noopener\"><b><span style=\"font-size: 10.0pt;font-family: 'Georgia','serif'\">Instagram<\/span><\/b><\/a><strong><span style=\"font-size: 10.0pt;font-family: 'Georgia','serif';color: #333333\">.<\/span><\/strong><\/p>\n<p><a href=\"https:\/\/senoticias.com.br\/se\/wp-content\/uploads\/2018\/05\/Logomarca-fone-SE-4-2-1.jpg\"><img loading=\"lazy\" decoding=\"async\" class=\"aligncenter size-full wp-image-112673\" src=\"https:\/\/senoticias.com.br\/se\/wp-content\/uploads\/2018\/05\/Logomarca-fone-SE-4-2-1.jpg\" alt=\"\" width=\"599\" height=\"78\" srcset=\"https:\/\/senoticias.com.br\/se\/wp-content\/uploads\/2018\/05\/Logomarca-fone-SE-4-2-1.jpg 599w, https:\/\/senoticias.com.br\/se\/wp-content\/uploads\/2018\/05\/Logomarca-fone-SE-4-2-1-300x39.jpg 300w\" sizes=\"(max-width: 599px) 100vw, 599px\" \/><\/a><\/p>\n<p>&nbsp;<\/p>\n","protected":false},"excerpt":{"rendered":"<p>O deputado estadual Gilmar Carvalho (PSC) apresentou nesta segunda-feira, 7, dados oficiais da Secretaria do Tesouro Nacional, coletados pelo site G1, sobre o pagamento de servidores ativos e inativos dos Estados e desmentiu declara\u00e7\u00f5es feitas pelo Governo. De acordo com as informa\u00e7\u00f5es, Sergipe possui menos de 50% dos seus gastos direcionados ao pagamento de servidores. [&hellip;]<\/p>\n","protected":false},"author":6554,"featured_media":112775,"comment_status":"closed","ping_status":"closed","sticky":false,"template":"","format":"standard","meta":{"footnotes":""},"categories":[6],"tags":[82,9710,2002,223],"class_list":{"0":"post-112774","1":"post","2":"type-post","3":"status-publish","4":"format-standard","5":"has-post-thumbnail","7":"category-politica","8":"tag-gilmar-carvalho","9":"tag-gilmar-desmente-governo-e-afirma-maior-parcela-dos-gastos-nao-e-com-servidores","10":"tag-governo","11":"tag-sergipe"},"_links":{"self":[{"href":"https:\/\/senoticias.com.br\/se\/wp-json\/wp\/v2\/posts\/112774"}],"collection":[{"href":"https:\/\/senoticias.com.br\/se\/wp-json\/wp\/v2\/posts"}],"about":[{"href":"https:\/\/senoticias.com.br\/se\/wp-json\/wp\/v2\/types\/post"}],"author":[{"embeddable":true,"href":"https:\/\/senoticias.com.br\/se\/wp-json\/wp\/v2\/users\/6554"}],"replies":[{"embeddable":true,"href":"https:\/\/senoticias.com.br\/se\/wp-json\/wp\/v2\/comments?post=112774"}],"version-history":[{"count":0,"href":"https:\/\/senoticias.com.br\/se\/wp-json\/wp\/v2\/posts\/112774\/revisions"}],"wp:featuredmedia":[{"embeddable":true,"href":"https:\/\/senoticias.com.br\/se\/wp-json\/wp\/v2\/media\/112775"}],"wp:attachment":[{"href":"https:\/\/senoticias.com.br\/se\/wp-json\/wp\/v2\/media?parent=112774"}],"wp:term":[{"taxonomy":"category","embeddable":true,"href":"https:\/\/senoticias.com.br\/se\/wp-json\/wp\/v2\/categories?post=112774"},{"taxonomy":"post_tag","embeddable":true,"href":"https:\/\/senoticias.com.br\/se\/wp-json\/wp\/v2\/tags?post=112774"}],"curies":[{"name":"wp","href":"https:\/\/api.w.org\/{rel}","templated":true}]}}