{"id":112763,"date":"2018-05-07T16:04:37","date_gmt":"2018-05-07T19:04:37","guid":{"rendered":"https:\/\/senoticias.com.br\/se\/?p=112763"},"modified":"2018-05-07T16:37:18","modified_gmt":"2018-05-07T19:37:18","slug":"governo-anuncia-novo-plano-de-previdencia-complementar-para-os-servidores-do-estado","status":"publish","type":"post","link":"https:\/\/senoticias.com.br\/se\/governo-anuncia-novo-plano-de-previdencia-complementar-para-os-servidores-do-estado\/","title":{"rendered":"Governo anuncia novo plano de previd\u00eancia complementar para os servidores do Estado"},"content":{"rendered":"<p style=\"text-align: justify;\"><span style=\"color: #000000;\">Na manh\u00e3 desta segunda-feira (07), no audit\u00f3rio do Pal\u00e1cio dos Despachos, ocorreu a solenidade de assinatura do termo de ades\u00e3o do governo de Sergipe ao Plano de Benef\u00edcios Civis PrevNordeste. A proposta de previd\u00eancia complementar \u00e9 fruto da reuni\u00e3o de governadores que aconteceu em maio do ano passado, na qual Belivaldo Chagas participou e, desde ent\u00e3o, junto \u00e0 equipe da Secretaria de Planejamento e Gest\u00e3o, n\u00e3o mediu esfor\u00e7os para que Sergipe fosse um dos estados pioneiros a aderir ao Plano.<\/span><\/p>\n<p style=\"text-align: justify;\"><span style=\"color: #000000;\">O PrevNordeste \u00e9 um regime de previd\u00eancia complementar que dever\u00e1 abarcar os novos regimes previdenci\u00e1rios da regi\u00e3o Nordeste. Esse Plano de Ades\u00e3o representa uma nova fase no modelo de previd\u00eancia do Estado de Sergipe. A partir da assinatura do Plano, os novos servidores que receberem acima do teto do Regime Geral da Previd\u00eancia Social &#8211; RGPS (em torno de R$ 5.500,00) ter\u00e3o seus sal\u00e1rios complementados na aposentadoria atrav\u00e9s de um sistema de capitaliza\u00e7\u00e3o, no qual cada servidor receber\u00e1 proporcionalmente \u00e0 sua contribui\u00e7\u00e3o.<\/span><\/p>\n<div id=\"attachment_112764\" style=\"width: 609px\" class=\"wp-caption aligncenter\"><a href=\"https:\/\/senoticias.com.br\/se\/wp-content\/uploads\/2018\/05\/belivaldo-SENOTICIAS.jpeg\"><img loading=\"lazy\" decoding=\"async\" aria-describedby=\"caption-attachment-112764\" class=\"wp-image-112764 size-full\" src=\"https:\/\/senoticias.com.br\/se\/wp-content\/uploads\/2018\/05\/belivaldo-SENOTICIAS-e1525719747411.jpeg\" alt=\"\" width=\"599\" height=\"385\" \/><\/a><p id=\"caption-attachment-112764\" class=\"wp-caption-text\">Fotos: Jorge Henrique\/ASN<\/p><\/div>\n<p style=\"text-align: justify;\"><span style=\"color: #000000;\">\u201cA partir de agora, o servidor que adentrar no Estado vai ter essa previd\u00eancia complementar. Para que ele possa ter seguran\u00e7a em rela\u00e7\u00e3o ao seu futuro, ele vai ter sua conta individualizada, sua conta pr\u00f3pria, ele vai acompanhar, se num determinado momento ele sair do Estado e for para outro \u00f3rg\u00e3o federal, ele poder\u00e1 fazer a portabilidade. \u00c9 seguran\u00e7a, tranquilidade para o servidor e tranquilidade para gest\u00e3o como um todo. Estamos fazendo agora pensando no amanh\u00e3, no futuro de Sergipe\u201d, destacou o governador, Belivaldo Chagas.<\/span><\/p>\n<p style=\"text-align: justify;\"><span style=\"color: #000000;\">Ainda de acordo com o governador, o atual cen\u00e1rio prospecta um d\u00e9ficit em 2018 de cerca de R$1, 3 bilh\u00e3o, o que reflete negativamente para a economia do estado. E por conta disso, o governo, bem como o SergipePrevid\u00eancia, vem investindo em a\u00e7\u00f5es que objetivam reverter esse quadro. <\/span><\/p>\n<p style=\"text-align: justify;\"><span style=\"color: #000000;\">\u201cEstamos fazendo um revis\u00e3o na legisla\u00e7\u00e3o para a apresentar, num futuro pr\u00f3ximo, \u00e0 AssemblEia Legislativa. O que n\u00e3o se pode \u00e9 fazer um projeto de lei sem uma discuss\u00e3o ampla, \u00e9 preciso preservar os direitos adquiridos. Na pr\u00e1tica, o que est\u00e1 sendo feito pelo SergipePrevid\u00eancia \u00e9 revis\u00e3o de benef\u00edcios, vendo a quest\u00e3o de servidores que vieram a falecer, pessoas que recebem por procura\u00e7\u00e3o, comprova\u00e7\u00e3o de vida. Com isso, conseguimos fazer algumas pequenas economias, mas n\u00e3o suficientes. O grande problema \u00e9 que temos, ainda, cerca de 30 mil servidores ativos e que estar\u00e3o passando para inatividade. N\u00f3s temos, hoje, mais pensionistas e aposentados do que servidores ativos. Ent\u00e3o, a partir de agora, quem entrar, ter\u00e1 um novo regime de previd\u00eancia, uma previd\u00eancia complementar que vai facilitar a vida do servidor&#8221;.<\/span><\/p>\n<p style=\"text-align: justify;\"><strong><span style=\"color: #000000;\">Como surgiu<\/span><\/strong><\/p>\n<p style=\"text-align: justify;\"><span style=\"color: #000000;\">O PrevNordeste surgiu a partir do Regime de Previd\u00eancia Complementar do Estado da Bahia, o PrevBahia, primeira entidade de previd\u00eancia complementar do Nordeste apta a gerir planos de diferentes entes federativos. Representando o governador baiano, o secret\u00e1rio estadual da Administra\u00e7\u00e3o da Bahia, Edelvino G\u00f3es, destacou o pioneirismo de Sergipe e a sensibilidade do governador Belivaldo Chagas em agilizar a ades\u00e3o ao Plano de Previd\u00eancia Complementar.<\/span><\/p>\n<p style=\"text-align: justify;\"><span style=\"color: #000000;\">\u201cSem d\u00favida, j\u00e1 existe um consenso que a previd\u00eancia complementar \u00e9 uma op\u00e7\u00e3o mais sustent\u00e1vel, muito mais segura, inclusive para os servidores, porque voc\u00ea tem ali os recursos que o servidor aplicou em conta individualizada, ele acompanha esse montante, essa evolu\u00e7\u00e3o. E Sergipe passa a ser o primeiro a aderir o PrevNordeste, que \u00e9 a Previd\u00eancia Complementar dos Estados Nordestinos. Foi uma delibera\u00e7\u00e3o que ocorreu em uma reuni\u00e3o de governadores em maio de 2017. Sergipe assinou um protocolo de compromisso com o Estado da Bahia e conseguimos cumprir todas as etapas para estrutura\u00e7\u00e3o desse plano de benef\u00edcios e, agora, com a assinatura do termo de ades\u00e3o, conclu\u00edmos e estamos encaminhando para a \u00faltima etapa, que \u00e9 a aprova\u00e7\u00e3o da Previc [Superintend\u00eancia Nacional de Previd\u00eancia Complementar]\u201d, disse, acrescentando que ainda esta semana o documento dever\u00e1 ser encaminhado para aprova\u00e7\u00e3o.<\/span><\/p>\n<p style=\"text-align: justify;\"><span style=\"color: #000000;\">A inova\u00e7\u00e3o se estender\u00e1 aos demais estados da regi\u00e3o Nordeste. De acordo com o diretor-presidente do SergipePrevid\u00eancia, os pr\u00f3ximos estados a aderir ao PrevNordeste ser\u00e3o o Piau\u00ed e a Para\u00edba.<\/span><\/p>\n<p style=\"text-align: justify;\"><span style=\"color: #000000;\">Aqui em Sergipe, poder\u00e3o aderir ao plano de previd\u00eancia complementar os servidores do Poder Executivo Estadual, do Minist\u00e9rio P\u00fablico Estadual, do Tribunal de Contas do Estado, do Tribunal de Justi\u00e7a do Estado, da Assembleia Legislativa e da Defensoria P\u00fablica do Estado.<\/span><\/p>\n<p style=\"text-align: justify;\"><strong><span style=\"color: #000000;\">SergipePrevid\u00eancia em n\u00fameros<\/span><\/strong><\/p>\n<p style=\"text-align: justify;\"><span style=\"color: #000000;\">Tomando como base o \u00faltimo m\u00eas de mar\u00e7o, o Sergipe Previd\u00eancia representa em n\u00fameros:<\/span><br \/>\n<span style=\"color: #000000;\">Contribuintes Ativos: 32.037;<\/span><br \/>\n<span style=\"color: #000000;\">Contribuintes Inativos: 6.098;<\/span><br \/>\n<span style=\"color: #000000;\">Pensionistas: 1.801.<\/span><\/p>\n<p style=\"text-align: justify;\"><span style=\"color: #000000;\">Quantidade de benefici\u00e1rios<\/span><\/p>\n<p style=\"text-align: justify;\"><span style=\"color: #000000;\">Inativos: 25.138;<\/span><br \/>\n<span style=\"color: #000000;\">Pensionistas: 6.751.<\/span><br \/>\n<span style=\"color: #000000;\">O d\u00e9ficit mensal totaliza R$ 85.963.091,12.<\/span><\/p>\n<p>&nbsp;<\/p>\n<p><a href=\"https:\/\/senoticias.com.br\/se\/wp-content\/uploads\/2018\/05\/Logomarca-fone-SE-4-2-1.jpg\"><img loading=\"lazy\" decoding=\"async\" class=\"aligncenter wp-image-112673 size-full\" src=\"https:\/\/senoticias.com.br\/se\/wp-content\/uploads\/2018\/05\/Logomarca-fone-SE-4-2-1.jpg\" alt=\"\" width=\"599\" height=\"78\" srcset=\"https:\/\/senoticias.com.br\/se\/wp-content\/uploads\/2018\/05\/Logomarca-fone-SE-4-2-1.jpg 599w, https:\/\/senoticias.com.br\/se\/wp-content\/uploads\/2018\/05\/Logomarca-fone-SE-4-2-1-300x39.jpg 300w\" sizes=\"(max-width: 599px) 100vw, 599px\" \/><\/a><\/p>\n<p><em><strong>Acompanhe tamb\u00e9m o SE Not\u00edcias no<\/strong><span class=\"apple-converted-space\"><b>\u00a0<\/b><\/span><a href=\"https:\/\/twitter.com\/Senoticias\" target=\"_blank\" rel=\"noopener\"><b>Twitter<\/b><\/a><strong>,<\/strong><span class=\"apple-converted-space\"><b>\u00a0<\/b><\/span><a href=\"https:\/\/www.facebook.com\/senoticias1\" target=\"_blank\" rel=\"noopener\"><b>Facebook<\/b><span class=\"apple-converted-space\"><b>\u00a0<\/b><\/span><\/a><strong>e no<\/strong><span class=\"apple-converted-space\"><b>\u00a0<\/b><\/span><a href=\"https:\/\/www.instagram.com\/senoticias\/\" target=\"_blank\" rel=\"noopener\"><b>Instagram<\/b><\/a><\/em><\/p>\n<p><em>Com informa\u00e7\u00f5es da ASN<\/em><\/p>\n","protected":false},"excerpt":{"rendered":"<p>Na manh\u00e3 desta segunda-feira (07), no audit\u00f3rio do Pal\u00e1cio dos Despachos, ocorreu a solenidade de assinatura do termo de ades\u00e3o do governo de Sergipe ao Plano de Benef\u00edcios Civis PrevNordeste. A proposta de previd\u00eancia complementar \u00e9 fruto da reuni\u00e3o de governadores que aconteceu em maio do ano passado, na qual Belivaldo Chagas participou e, desde [&hellip;]<\/p>\n","protected":false},"author":6553,"featured_media":0,"comment_status":"closed","ping_status":"closed","sticky":false,"template":"","format":"standard","meta":{"footnotes":""},"categories":[6],"tags":[2001,9707,3227,2002,2168,6225,223,2936],"class_list":{"0":"post-112763","1":"post","2":"type-post","3":"status-publish","4":"format-standard","6":"category-politica","7":"tag-aposentadoria","8":"tag-complementar","9":"tag-estado","10":"tag-governo","11":"tag-politica","12":"tag-previdencia","13":"tag-sergipe","14":"tag-servidores"},"_links":{"self":[{"href":"https:\/\/senoticias.com.br\/se\/wp-json\/wp\/v2\/posts\/112763"}],"collection":[{"href":"https:\/\/senoticias.com.br\/se\/wp-json\/wp\/v2\/posts"}],"about":[{"href":"https:\/\/senoticias.com.br\/se\/wp-json\/wp\/v2\/types\/post"}],"author":[{"embeddable":true,"href":"https:\/\/senoticias.com.br\/se\/wp-json\/wp\/v2\/users\/6553"}],"replies":[{"embeddable":true,"href":"https:\/\/senoticias.com.br\/se\/wp-json\/wp\/v2\/comments?post=112763"}],"version-history":[{"count":0,"href":"https:\/\/senoticias.com.br\/se\/wp-json\/wp\/v2\/posts\/112763\/revisions"}],"wp:attachment":[{"href":"https:\/\/senoticias.com.br\/se\/wp-json\/wp\/v2\/media?parent=112763"}],"wp:term":[{"taxonomy":"category","embeddable":true,"href":"https:\/\/senoticias.com.br\/se\/wp-json\/wp\/v2\/categories?post=112763"},{"taxonomy":"post_tag","embeddable":true,"href":"https:\/\/senoticias.com.br\/se\/wp-json\/wp\/v2\/tags?post=112763"}],"curies":[{"name":"wp","href":"https:\/\/api.w.org\/{rel}","templated":true}]}}