{"id":112760,"date":"2018-05-07T15:55:28","date_gmt":"2018-05-07T18:55:28","guid":{"rendered":"https:\/\/senoticias.com.br\/se\/?p=112760"},"modified":"2018-05-07T16:39:06","modified_gmt":"2018-05-07T19:39:06","slug":"primeira-etapa-da-reforma-da-catedral-metropolitana-esta-sendo-concluida","status":"publish","type":"post","link":"https:\/\/senoticias.com.br\/se\/primeira-etapa-da-reforma-da-catedral-metropolitana-esta-sendo-concluida\/","title":{"rendered":"Primeira etapa da reforma da Catedral Metropolitana est\u00e1 sendo conclu\u00edda"},"content":{"rendered":"<p style=\"text-align: justify;\"><span style=\"color: #000000;\">Com o objetivo de zelar pelo patrim\u00f4nio art\u00edstico, preservar a hist\u00f3ria e a cultura sergipana, o governo de Sergipe por meio da Secretaria de Estado da Infraestrutura e do Desenvolvimento Urbano (Seinfra) est\u00e1 reformando a Catedral Metropolitana, situada na Pra\u00e7a Ol\u00edmpio Campos no centro da capital.<\/span><\/p>\n<p style=\"text-align: justify;\"><span style=\"color: #000000;\">A reforma do templo religioso \u00e9 dividida em tr\u00eas etapas. A primeira compreende a restaura\u00e7\u00e3o de toda a cobertura, revestimento e pintura das quatro fachadas, recupera\u00e7\u00e3o das instala\u00e7\u00f5es el\u00e9tricas, implanta\u00e7\u00e3o do sistema de prote\u00e7\u00e3o a descargas atmosf\u00e9ricas (SPDA). Os servi\u00e7os se aproximam da conclus\u00e3o, uma vez que foi executada toda a recupera\u00e7\u00e3o da cobertura e revestimento das fachadas, bem como iniciadas as pinturas nas fachadas laterais, o que corresponde a 85%.<\/span><\/p>\n<div id=\"attachment_112761\" style=\"width: 609px\" class=\"wp-caption aligncenter\"><a href=\"https:\/\/senoticias.com.br\/se\/wp-content\/uploads\/2018\/05\/catedral-SENOTICIAS.jpg\"><img loading=\"lazy\" decoding=\"async\" aria-describedby=\"caption-attachment-112761\" class=\"wp-image-112761 size-full\" src=\"https:\/\/senoticias.com.br\/se\/wp-content\/uploads\/2018\/05\/catedral-SENOTICIAS-e1525719222544.jpg\" alt=\"\" width=\"599\" height=\"398\" \/><\/a><p id=\"caption-attachment-112761\" class=\"wp-caption-text\">Foto: Jorge Reis\/Seinfra<\/p><\/div>\n<p style=\"text-align: justify;\"><span style=\"color: #000000;\">Os trabalhos da segunda etapa foram iniciados em 09 de setembro do ano passado e correspondem \u00e0 substitui\u00e7\u00e3o do piso do pavimento interno t\u00e9rreo (m\u00e1rmore arabescato escuro), do revestimento em granito das paredes e dos pilares do pavimento t\u00e9rreo, servi\u00e7os de conten\u00e7\u00e3o contra umidade, interno e externo, restaura\u00e7\u00e3o das esquadrias de madeira, met\u00e1licas e dos elementos arquitet\u00f4nicos caracter\u00edsticos das fachadas, assim como, revitaliza\u00e7\u00e3o dos banheiros. Tamb\u00e9m fazem parte dos servi\u00e7os a recupera\u00e7\u00e3o do revestimento das paredes e do piso (assoalho de madeira) do pavimento superior, da torre sineira e os pin\u00e1culos, reconstru\u00e7\u00e3o da pavimenta\u00e7\u00e3o externa (concreto e escadaria em pedra lagoa santa), instala\u00e7\u00e3o do guarda-corpo em a\u00e7o inox, grampeamento estrutural das fissuras e substitui\u00e7\u00e3o da escada em madeira da torre esquerda, cujo percentual conclu\u00eddo \u00e9 de 30%.<\/span><\/p>\n<p style=\"text-align: justify;\"><strong><span style=\"color: #000000;\">Avan\u00e7o<\/span><\/strong><\/p>\n<p style=\"text-align: justify;\"><span style=\"color: #000000;\">De acordo com o secret\u00e1rio Estadual da Infraestrutura, Valmor Barbosa, os servi\u00e7os tendem a acelerar. \u201cIniciada em 2012, a reforma s\u00f3 passou a ser responsabilidade da Seinfra em abril do ano passado, e, desde ent\u00e3o temos trabalhado dentro das limita\u00e7\u00f5es, uma vez que somente em 08 de fevereiro deste ano \u00e9 que a Arquidiocese interditou totalmente a igreja, o que possibilitou o avan\u00e7o dos trabalhos j\u00e1 que passamos a n\u00e3o mais nos preocupar com a seguran\u00e7a dos fi\u00e9is enquanto desempenh\u00e1vamos os diversos tipos de servi\u00e7os\u201d, explica.<\/span><\/p>\n<p style=\"text-align: justify;\"><span style=\"color: #000000;\">Ele ressalta que nas pr\u00f3ximas semanas a primeira etapa ser\u00e1 conclu\u00edda. \u201cDez profissionais se revezam na conclus\u00e3o das instala\u00e7\u00f5es el\u00e9tricas e do Sistema de Prote\u00e7\u00e3o contra Descargas Atmosf\u00e9ricas (SPDA) e na pintura das fachadas laterais, sendo que, nos pr\u00f3ximos dias, ser\u00e3o instalados os andaimes para o in\u00edcio da pintura da fachada frontal. Quanto \u00e0 segunda etapa, 15 oper\u00e1rios trabalham na reforma dos banheiros, recupera\u00e7\u00e3o do assoalho e pavimento superior, das esquadrias de madeira, remo\u00e7\u00e3o e impermeabiliza\u00e7\u00e3o do piso do pavimento t\u00e9rreo, demarca\u00e7\u00e3o do espa\u00e7o para a constru\u00e7\u00e3o da rampa de acessibilidade para pessoas com dificuldade de locomo\u00e7\u00e3o e recupera\u00e7\u00e3o estrutural da torre sineira\u201d, detalha.<\/span><\/p>\n<p style=\"text-align: justify;\"><strong><span style=\"color: #000000;\">A reforma<\/span><\/strong><\/p>\n<p style=\"text-align: justify;\"><span style=\"color: #000000;\">O processo de revitaliza\u00e7\u00e3o recebe investimentos provenientes do governo federal por meio de emendas propostas por parlamentares sergipanos, atrav\u00e9s de conv\u00eanio firmado entre a Seinfra e o Instituto do Patrim\u00f4nio Hist\u00f3rico e Art\u00edstico Nacional (Iphan). Para a primeira etapa, o valor destinado foi de R$ 1.199.051,99. J\u00e1 a segunda recebe recursos na ordem de R$1.636.712,17. No tocante \u00e0 terceira etapa, o Iphan est\u00e1 analisando a aprova\u00e7\u00e3o da readequa\u00e7\u00e3o do projeto para s\u00f3 ent\u00e3o os servi\u00e7os serem licitados.<\/span><\/p>\n<p style=\"text-align: justify;\"><span style=\"color: #000000;\">Por se tratar de uma edifica\u00e7\u00e3o antiga, todas as precau\u00e7\u00f5es foram tomadas para proteger as imagens e os ornamentos art\u00edsticos, tendo sido colocados tapumes de madeira e lonas nas laterais das colunas. Para a recupera\u00e7\u00e3o dos ornatos no topo das fachadas, os profissionais fizeram os moldes em fibra e resina, preenchendo-os com argamassa, cimento e areia. Ap\u00f3s o processo de secagem que variavam entre 48 e 72 horas eles foram aplicados de volta para embelezar as fachadas laterais sem perder suas caracter\u00edsticas originais.<\/span><\/p>\n<p>&nbsp;<\/p>\n<p><a href=\"https:\/\/senoticias.com.br\/se\/wp-content\/uploads\/2018\/05\/Logomarca-fone-SE-4-2-1.jpg\"><img loading=\"lazy\" decoding=\"async\" class=\"aligncenter wp-image-112673 size-full\" src=\"https:\/\/senoticias.com.br\/se\/wp-content\/uploads\/2018\/05\/Logomarca-fone-SE-4-2-1.jpg\" alt=\"\" width=\"599\" height=\"78\" srcset=\"https:\/\/senoticias.com.br\/se\/wp-content\/uploads\/2018\/05\/Logomarca-fone-SE-4-2-1.jpg 599w, https:\/\/senoticias.com.br\/se\/wp-content\/uploads\/2018\/05\/Logomarca-fone-SE-4-2-1-300x39.jpg 300w\" sizes=\"(max-width: 599px) 100vw, 599px\" \/><\/a><\/p>\n<p><strong>Acompanhe tamb\u00e9m o SE Not\u00edcias no<\/strong><span class=\"apple-converted-space\"><b>\u00a0<\/b><\/span><a href=\"https:\/\/twitter.com\/Senoticias\" target=\"_blank\" rel=\"noopener\"><b>Twitter<\/b><\/a><strong>,<\/strong><span class=\"apple-converted-space\"><b>\u00a0<\/b><\/span><a href=\"https:\/\/www.facebook.com\/senoticias1\" target=\"_blank\" rel=\"noopener\"><b>Facebook<\/b><span class=\"apple-converted-space\"><b>\u00a0<\/b><\/span><\/a><strong>e no<\/strong><span class=\"apple-converted-space\"><b>\u00a0<\/b><\/span><a href=\"https:\/\/www.instagram.com\/senoticias\/\" target=\"_blank\" rel=\"noopener\"><b>Instagram<\/b><\/a><\/p>\n<p><em>Por ASN<\/em><\/p>\n","protected":false},"excerpt":{"rendered":"<p>Com o objetivo de zelar pelo patrim\u00f4nio art\u00edstico, preservar a hist\u00f3ria e a cultura sergipana, o governo de Sergipe por meio da Secretaria de Estado da Infraestrutura e do Desenvolvimento Urbano (Seinfra) est\u00e1 reformando a Catedral Metropolitana, situada na Pra\u00e7a Ol\u00edmpio Campos no centro da capital. A reforma do templo religioso \u00e9 dividida em tr\u00eas [&hellip;]<\/p>\n","protected":false},"author":6553,"featured_media":0,"comment_status":"closed","ping_status":"closed","sticky":false,"template":"","format":"standard","meta":{"footnotes":""},"categories":[46],"tags":[339,9706,2002,2897,223],"class_list":{"0":"post-112760","1":"post","2":"type-post","3":"status-publish","4":"format-standard","6":"category-religiao","7":"tag-aracaju","8":"tag-catedral","9":"tag-governo","10":"tag-reforma","11":"tag-sergipe"},"_links":{"self":[{"href":"https:\/\/senoticias.com.br\/se\/wp-json\/wp\/v2\/posts\/112760"}],"collection":[{"href":"https:\/\/senoticias.com.br\/se\/wp-json\/wp\/v2\/posts"}],"about":[{"href":"https:\/\/senoticias.com.br\/se\/wp-json\/wp\/v2\/types\/post"}],"author":[{"embeddable":true,"href":"https:\/\/senoticias.com.br\/se\/wp-json\/wp\/v2\/users\/6553"}],"replies":[{"embeddable":true,"href":"https:\/\/senoticias.com.br\/se\/wp-json\/wp\/v2\/comments?post=112760"}],"version-history":[{"count":0,"href":"https:\/\/senoticias.com.br\/se\/wp-json\/wp\/v2\/posts\/112760\/revisions"}],"wp:attachment":[{"href":"https:\/\/senoticias.com.br\/se\/wp-json\/wp\/v2\/media?parent=112760"}],"wp:term":[{"taxonomy":"category","embeddable":true,"href":"https:\/\/senoticias.com.br\/se\/wp-json\/wp\/v2\/categories?post=112760"},{"taxonomy":"post_tag","embeddable":true,"href":"https:\/\/senoticias.com.br\/se\/wp-json\/wp\/v2\/tags?post=112760"}],"curies":[{"name":"wp","href":"https:\/\/api.w.org\/{rel}","templated":true}]}}