{"id":112754,"date":"2018-05-07T15:05:35","date_gmt":"2018-05-07T18:05:35","guid":{"rendered":"https:\/\/senoticias.com.br\/se\/?p=112754"},"modified":"2018-05-07T15:05:35","modified_gmt":"2018-05-07T18:05:35","slug":"agrese-presenta-empresas-interessadas-na-concessao-da-rodovia-br-235","status":"publish","type":"post","link":"https:\/\/senoticias.com.br\/se\/agrese-presenta-empresas-interessadas-na-concessao-da-rodovia-br-235\/","title":{"rendered":"Agrese presenta empresas interessadas na concess\u00e3o da Rodovia BR-235"},"content":{"rendered":"<p style=\"font-weight: 400; text-align: justify;\">Na manh\u00e3 desta ter\u00e7a-feira (08), na sede da Ag\u00eancia Reguladora de Servi\u00e7os P\u00fablicos do Estado de Sergipe (Agrese), acontecer\u00e1 a apresenta\u00e7\u00e3o e posteriormente assinatura, do Termo de Autoriza\u00e7\u00e3o do cons\u00f3rcio, formado por tr\u00eas empresas, Sanpac Tecnologia Ambiental, P4 e Kappex, que manifestaram interesse em participar do Edital de Chamamento P\u00fablico n\u00ba 03\/2018, destinado a elabora\u00e7\u00e3o de estudos de viabilidade para concess\u00e3o da rodovia.<\/p>\n<div id=\"attachment_112755\" style=\"width: 609px\" class=\"wp-caption aligncenter\"><a href=\"https:\/\/senoticias.com.br\/se\/wp-content\/uploads\/2018\/05\/BR-235.jpg\"><img loading=\"lazy\" decoding=\"async\" aria-describedby=\"caption-attachment-112755\" class=\"size-full wp-image-112755\" src=\"https:\/\/senoticias.com.br\/se\/wp-content\/uploads\/2018\/05\/BR-235-e1525716082858.jpg\" alt=\"\" width=\"599\" height=\"374\" \/><\/a><p id=\"caption-attachment-112755\" class=\"wp-caption-text\">Atualmente, a BR-235 \u00e9 o principal eixo de integra\u00e7\u00e3o de Aracaju com o interior do Estado (foto: ascom\/Agrese)<\/p><\/div>\n<p style=\"font-weight: 400; text-align: justify;\">O Procedimento de Manifesta\u00e7\u00e3o de Interesse (PMI), que tem como objeto a elabora\u00e7\u00e3o de estudos que demonstrem a viabilidade t\u00e9cnica e econ\u00f4mico-financeira para subsidiar a concess\u00e3o da BR-235, no trecho rodovi\u00e1rio delegado ao Estado de Sergipe, conforme conv\u00eanio celebrado com a Uni\u00e3o. O trecho em quest\u00e3o est\u00e1 situado entre a sa\u00edda de Aracaju e o povoado Terra Dura, no munic\u00edpio de Itabaiana, totalizando aproximadamente 54 quil\u00f4metros de extens\u00e3o.<\/p>\n<p style=\"font-weight: 400; text-align: justify;\">Atualmente, a BR-235 \u00e9 o principal eixo de integra\u00e7\u00e3o de Aracaju com o interior do Estado, sendo tamb\u00e9m a principal liga\u00e7\u00e3o rodovi\u00e1ria com um dos principais polos tur\u00edstico de Sergipe, o C\u00e2nion de Xing\u00f3, situado no munic\u00edpio de Canind\u00e9 de S\u00e3o Francisco.<\/p>\n<p style=\"font-weight: 400; text-align: justify;\">Ap\u00f3s a apresenta\u00e7\u00e3o e assinatura, ser\u00e1 realizada uma visita t\u00e9cnica com os membros do referido cons\u00f3rcio e da comiss\u00e3o da Agrese, ao local objeto dos estudos. \u201cIremos analisar toda a documenta\u00e7\u00e3o da empresa interessada e aprova\u00e7\u00e3o, conforme consta no edital n\u00ba 003\/2018 e em seguida, faremos uma visita \u201cin loco\u201d, para ajustar alguns pontos de aten\u00e7\u00e3o da concess\u00e3o na rodovia,\u201d enfatiza o diretor presidente da Agrese, Luiz Hamilton Santana de Oliveira.<\/p>\n<p style=\"font-weight: 400; text-align: justify;\">De acordo ainda com diretor presidente da Ag\u00eancia Reguladora, a duplica\u00e7\u00e3o da BR-235 \u00e9 um dos mais importantes investimentos para regi\u00e3o sergipana. \u201cA concess\u00e3o da BR-235, sem \u00f4nus para o Estado, ser\u00e1 muito importante por conta do imenso n\u00famero de ve\u00edculos que trafegam diariamente no trecho a ser duplicado, com isso diminuir\u00e1 o tempo de deslocamento entre os munic\u00edpios, al\u00e9m da seguran\u00e7a das pessoas em rela\u00e7\u00e3o a acidente de tr\u00e2nsito. Como tamb\u00e9m, na quest\u00e3o do transporte de cargas que ir\u00e1 gerar mais economia e renda para a regi\u00e3o por onde passa a BR-235\u201d, finaliza Hamilton Santana.<\/p>\n<p>&nbsp;<\/p>\n<p><a href=\"https:\/\/senoticias.com.br\/se\/wp-content\/uploads\/2018\/05\/Logomarca-fone-SE-4-2-1.jpg\"><img loading=\"lazy\" decoding=\"async\" class=\"aligncenter size-full wp-image-112673\" src=\"https:\/\/senoticias.com.br\/se\/wp-content\/uploads\/2018\/05\/Logomarca-fone-SE-4-2-1.jpg\" alt=\"\" width=\"599\" height=\"78\" srcset=\"https:\/\/senoticias.com.br\/se\/wp-content\/uploads\/2018\/05\/Logomarca-fone-SE-4-2-1.jpg 599w, https:\/\/senoticias.com.br\/se\/wp-content\/uploads\/2018\/05\/Logomarca-fone-SE-4-2-1-300x39.jpg 300w\" sizes=\"(max-width: 599px) 100vw, 599px\" \/><\/a><\/p>\n<p>&nbsp;<\/p>\n<p><strong>Acompanhe tamb\u00e9m o SE Not\u00edcias no<\/strong><span class=\"apple-converted-space\"><b>\u00a0<\/b><\/span><a href=\"https:\/\/twitter.com\/Senoticias\" target=\"_blank\" rel=\"noopener\"><b>Twitter<\/b><\/a><strong>,<\/strong><span class=\"apple-converted-space\"><b>\u00a0<\/b><\/span><a href=\"https:\/\/www.facebook.com\/senoticias1\" target=\"_blank\" rel=\"noopener\"><b>Facebook<\/b><span class=\"apple-converted-space\"><b>\u00a0<\/b><\/span><\/a><strong>e no<\/strong><span class=\"apple-converted-space\"><b>\u00a0<\/b><\/span><a href=\"https:\/\/www.instagram.com\/senoticias\/\" target=\"_blank\" rel=\"noopener\"><b>Instagram<\/b><\/a><\/p>\n<p><span style=\"font-weight: 400;\">Ascom\/Agrese<\/span><\/p>\n","protected":false},"excerpt":{"rendered":"<p>Na manh\u00e3 desta ter\u00e7a-feira (08), na sede da Ag\u00eancia Reguladora de Servi\u00e7os P\u00fablicos do Estado de Sergipe (Agrese), acontecer\u00e1 a apresenta\u00e7\u00e3o e posteriormente assinatura, do Termo de Autoriza\u00e7\u00e3o do cons\u00f3rcio, formado por tr\u00eas empresas, Sanpac Tecnologia Ambiental, P4 e Kappex, que manifestaram interesse em participar do Edital de Chamamento P\u00fablico n\u00ba 03\/2018, destinado a elabora\u00e7\u00e3o [&hellip;]<\/p>\n","protected":false},"author":6552,"featured_media":112755,"comment_status":"closed","ping_status":"closed","sticky":false,"template":"","format":"standard","meta":{"footnotes":""},"categories":[6],"tags":[9705,3736,9703,9704,236],"class_list":{"0":"post-112754","1":"post","2":"type-post","3":"status-publish","4":"format-standard","5":"has-post-thumbnail","7":"category-politica","8":"tag-agencia-reguladora-de-servicos-publicos-do-estado-de-sergipe","9":"tag-agrese","10":"tag-br-235","11":"tag-canion-de-xingo","12":"tag-itabaiana"},"_links":{"self":[{"href":"https:\/\/senoticias.com.br\/se\/wp-json\/wp\/v2\/posts\/112754"}],"collection":[{"href":"https:\/\/senoticias.com.br\/se\/wp-json\/wp\/v2\/posts"}],"about":[{"href":"https:\/\/senoticias.com.br\/se\/wp-json\/wp\/v2\/types\/post"}],"author":[{"embeddable":true,"href":"https:\/\/senoticias.com.br\/se\/wp-json\/wp\/v2\/users\/6552"}],"replies":[{"embeddable":true,"href":"https:\/\/senoticias.com.br\/se\/wp-json\/wp\/v2\/comments?post=112754"}],"version-history":[{"count":0,"href":"https:\/\/senoticias.com.br\/se\/wp-json\/wp\/v2\/posts\/112754\/revisions"}],"wp:featuredmedia":[{"embeddable":true,"href":"https:\/\/senoticias.com.br\/se\/wp-json\/wp\/v2\/media\/112755"}],"wp:attachment":[{"href":"https:\/\/senoticias.com.br\/se\/wp-json\/wp\/v2\/media?parent=112754"}],"wp:term":[{"taxonomy":"category","embeddable":true,"href":"https:\/\/senoticias.com.br\/se\/wp-json\/wp\/v2\/categories?post=112754"},{"taxonomy":"post_tag","embeddable":true,"href":"https:\/\/senoticias.com.br\/se\/wp-json\/wp\/v2\/tags?post=112754"}],"curies":[{"name":"wp","href":"https:\/\/api.w.org\/{rel}","templated":true}]}}