{"id":112726,"date":"2018-05-04T22:57:48","date_gmt":"2018-05-05T01:57:48","guid":{"rendered":"https:\/\/senoticias.com.br\/se\/?p=112726"},"modified":"2018-05-04T22:57:48","modified_gmt":"2018-05-05T01:57:48","slug":"prefeito-de-itabaiana-e-denunciado-por-ter-pago-r-70-mil-a-emissora-de-radio","status":"publish","type":"post","link":"https:\/\/senoticias.com.br\/se\/prefeito-de-itabaiana-e-denunciado-por-ter-pago-r-70-mil-a-emissora-de-radio\/","title":{"rendered":"Prefeito de Itabaiana \u00e9 denunciado por ter pago R$ 70 mil a emissora de r\u00e1dio"},"content":{"rendered":"<p style=\"text-align: justify;\">O pagamento de R$ 70 mil a uma emissora de r\u00e1dio terminou com uma den\u00fancia feita pelo presidente do PT e que foi protocolada junto \u00e0 1\u00aa Promotoria C\u00edvel de Itabaiana contra o prefeito Valmir de Francisquinho.<\/p>\n<div id=\"attachment_107496\" style=\"width: 609px\" class=\"wp-caption aligncenter\"><a href=\"https:\/\/senoticias.com.br\/se\/wp-content\/uploads\/2017\/10\/valmir-de-francisquinho-senoticias-e1508325357699.png\"><img loading=\"lazy\" decoding=\"async\" aria-describedby=\"caption-attachment-107496\" class=\"size-full wp-image-107496\" src=\"https:\/\/senoticias.com.br\/se\/wp-content\/uploads\/2017\/10\/valmir-de-francisquinho-senoticias-e1508325357699.png\" alt=\"\" width=\"599\" height=\"399\" \/><\/a><p id=\"caption-attachment-107496\" class=\"wp-caption-text\">Valmir \u00e9 denunciado pela Primeira Promotoria Civil de Itabaiana (foto: reprodu\u00e7\u00e3o\/PMI)<\/p><\/div>\n<p style=\"text-align: justify;\">A informa\u00e7\u00e3o foi passada nesta sexta-feira (04), atrav\u00e9s do programa Boca \u00a0do Povo, que recebeu um comunicado do Minist\u00e9rio P\u00fablico solicitando a grava\u00e7\u00e3o dos programas da emissora no per\u00edodo de dezembro de 2017 a janeiro de 2018, isso por conta das den\u00fancias que voltaram a serem divulgadas sobre um \u00e1udio que acabou vazando para a imprensa, onde mostra uma suposta conversa entre o prefeito Valmir de Francisquinho e um vereador daquele munic\u00edpio.<\/p>\n<p style=\"text-align: justify;\">No \u00e1udio, o prefeito e o vereador falam sobre apoios pol\u00edticos no munic\u00edpio de Itabaiana onde Valmir de Francisquinho, comenta no in\u00edcio da grava\u00e7\u00e3o, que ele teria pago a uma emissora de r\u00e1dio \u00a0R$ 75 mil e segundo o prefeito, valor esse que n\u00e3o foi pago em quatro anos por outro gestor.<\/p>\n<p style=\"text-align: justify;\">Por conta disso, o presidente do diret\u00f3rio municipal do Partido dos Trabalhadores (PT) protocolou junto \u00e0 Primeira Promotoria Civil de Itabaiana, um pedido para que as den\u00fancias sejam investigadas.<\/p>\n<p style=\"text-align: justify;\">Quanto \u00e0 solicita\u00e7\u00e3o feita pelo promotor que solicita os \u00e1udios do programa, o radialista informou n\u00e3o ser mais poss\u00edvel por conta do tempo que passou e que as grava\u00e7\u00f5es dos programas da emissora ficam armazenadas por apenas 30 dias.<\/p>\n<p style=\"text-align: justify;\">J\u00e1 em rela\u00e7\u00e3o ao \u00e1udio contendo a suposta conversa do prefeito com o vereador, voltou a divulgado nos grupos de WhatsApp e podem ser ouvidos no \u201cSert\u00e3o Online\u201d.<\/p>\n<p><em>Mat\u00e9ria produzida pelo jornalista Munir Darrage, e publicada originamente no FAXAJU<\/em><\/p>\n<p>&nbsp;<\/p>\n<p><a href=\"https:\/\/senoticias.com.br\/se\/wp-content\/uploads\/2018\/05\/Logomarca-fone-SE-4-2-1.jpg\"><img loading=\"lazy\" decoding=\"async\" class=\"aligncenter size-full wp-image-112673\" src=\"https:\/\/senoticias.com.br\/se\/wp-content\/uploads\/2018\/05\/Logomarca-fone-SE-4-2-1.jpg\" alt=\"\" width=\"599\" height=\"78\" srcset=\"https:\/\/senoticias.com.br\/se\/wp-content\/uploads\/2018\/05\/Logomarca-fone-SE-4-2-1.jpg 599w, https:\/\/senoticias.com.br\/se\/wp-content\/uploads\/2018\/05\/Logomarca-fone-SE-4-2-1-300x39.jpg 300w\" sizes=\"(max-width: 599px) 100vw, 599px\" \/><\/a><\/p>\n<p>&nbsp;<\/p>\n<p><em><strong>Acompanhe tamb\u00e9m o SE Not\u00edcias no<\/strong><span class=\"apple-converted-space\"><b>\u00a0<\/b><\/span><a href=\"https:\/\/twitter.com\/Senoticias\" target=\"_blank\" rel=\"noopener\"><b>Twitter<\/b><\/a><strong>,<\/strong><span class=\"apple-converted-space\"><b>\u00a0<\/b><\/span><a href=\"https:\/\/www.facebook.com\/senoticias1\" target=\"_blank\" rel=\"noopener\"><b>Facebook<\/b><span class=\"apple-converted-space\"><b>\u00a0<\/b><\/span><\/a><strong>e no<\/strong><span class=\"apple-converted-space\"><b>\u00a0<\/b><\/span><a href=\"https:\/\/www.instagram.com\/senoticias\/\" target=\"_blank\" rel=\"noopener\"><b>Instagram<\/b><\/a><\/em><\/p>\n<p>&nbsp;<\/p>\n","protected":false},"excerpt":{"rendered":"<p>O pagamento de R$ 70 mil a uma emissora de r\u00e1dio terminou com uma den\u00fancia feita pelo presidente do PT e que foi protocolada junto \u00e0 1\u00aa Promotoria C\u00edvel de Itabaiana contra o prefeito Valmir de Francisquinho. A informa\u00e7\u00e3o foi passada nesta sexta-feira (04), atrav\u00e9s do programa Boca \u00a0do Povo, que recebeu um comunicado do [&hellip;]<\/p>\n","protected":false},"author":6552,"featured_media":107496,"comment_status":"closed","ping_status":"closed","sticky":false,"template":"","format":"standard","meta":{"footnotes":""},"categories":[6],"tags":[2726,96,9683,9682,2800],"class_list":{"0":"post-112726","1":"post","2":"type-post","3":"status-publish","4":"format-standard","5":"has-post-thumbnail","7":"category-politica","8":"tag-ministerio-publico","9":"tag-partido-dos-trabalhadores","10":"tag-prefeito-valmir-de-francisquinho","11":"tag-programa-boca-do-povo","12":"tag-valmir-de-francisquinho"},"_links":{"self":[{"href":"https:\/\/senoticias.com.br\/se\/wp-json\/wp\/v2\/posts\/112726"}],"collection":[{"href":"https:\/\/senoticias.com.br\/se\/wp-json\/wp\/v2\/posts"}],"about":[{"href":"https:\/\/senoticias.com.br\/se\/wp-json\/wp\/v2\/types\/post"}],"author":[{"embeddable":true,"href":"https:\/\/senoticias.com.br\/se\/wp-json\/wp\/v2\/users\/6552"}],"replies":[{"embeddable":true,"href":"https:\/\/senoticias.com.br\/se\/wp-json\/wp\/v2\/comments?post=112726"}],"version-history":[{"count":0,"href":"https:\/\/senoticias.com.br\/se\/wp-json\/wp\/v2\/posts\/112726\/revisions"}],"wp:featuredmedia":[{"embeddable":true,"href":"https:\/\/senoticias.com.br\/se\/wp-json\/wp\/v2\/media\/107496"}],"wp:attachment":[{"href":"https:\/\/senoticias.com.br\/se\/wp-json\/wp\/v2\/media?parent=112726"}],"wp:term":[{"taxonomy":"category","embeddable":true,"href":"https:\/\/senoticias.com.br\/se\/wp-json\/wp\/v2\/categories?post=112726"},{"taxonomy":"post_tag","embeddable":true,"href":"https:\/\/senoticias.com.br\/se\/wp-json\/wp\/v2\/tags?post=112726"}],"curies":[{"name":"wp","href":"https:\/\/api.w.org\/{rel}","templated":true}]}}