{"id":112714,"date":"2018-05-04T13:43:00","date_gmt":"2018-05-04T16:43:00","guid":{"rendered":"https:\/\/senoticias.com.br\/se\/?p=112714"},"modified":"2018-05-04T13:58:34","modified_gmt":"2018-05-04T16:58:34","slug":"smtt-fara-o-cadastramento-de-carroceiros-nos-dias-18-e-19-de-maio","status":"publish","type":"post","link":"https:\/\/senoticias.com.br\/se\/smtt-fara-o-cadastramento-de-carroceiros-nos-dias-18-e-19-de-maio\/","title":{"rendered":"SMTT far\u00e1 o cadastramento de carroceiros nos dias 18 e 19 de maio"},"content":{"rendered":"<p style=\"text-align: justify;\"><span style=\"color: #000000;\">A Prefeitura de Aracaju, atrav\u00e9s da Superintend\u00eancia Municipal de Transportes e Tr\u00e2nsito (SMTT) e da Empresa Municipal de Servi\u00e7os Urbanos (Emsurb), dar\u00e1 in\u00edcio ao processo de cadastramento dos carroceiros que circulam pelas vias da capital nos dias 18 e 19 de maio, \u00e0s 8h da manh\u00e3, na Unidade de Qualifica\u00e7\u00e3o Profissional do conjunto Jardim Esperan\u00e7a, na zona sul da cidade.<\/span><\/p>\n<div id=\"attachment_112715\" style=\"width: 550px\" class=\"wp-caption aligncenter\"><a href=\"https:\/\/senoticias.com.br\/se\/wp-content\/uploads\/2018\/05\/carro\u00e7as-SENOTICIAS.jpg\"><img loading=\"lazy\" decoding=\"async\" aria-describedby=\"caption-attachment-112715\" class=\"wp-image-112715 size-full\" src=\"https:\/\/senoticias.com.br\/se\/wp-content\/uploads\/2018\/05\/carro\u00e7as-SENOTICIAS.jpg\" alt=\"\" width=\"540\" height=\"340\" srcset=\"https:\/\/senoticias.com.br\/se\/wp-content\/uploads\/2018\/05\/carro\u00e7as-SENOTICIAS.jpg 540w, https:\/\/senoticias.com.br\/se\/wp-content\/uploads\/2018\/05\/carro\u00e7as-SENOTICIAS-300x189.jpg 300w, https:\/\/senoticias.com.br\/se\/wp-content\/uploads\/2018\/05\/carro\u00e7as-SENOTICIAS-120x76.jpg 120w, https:\/\/senoticias.com.br\/se\/wp-content\/uploads\/2018\/05\/carro\u00e7as-SENOTICIAS-265x168.jpg 265w, https:\/\/senoticias.com.br\/se\/wp-content\/uploads\/2018\/05\/carro\u00e7as-SENOTICIAS-284x180.jpg 284w, https:\/\/senoticias.com.br\/se\/wp-content\/uploads\/2018\/05\/carro\u00e7as-SENOTICIAS-274x173.jpg 274w, https:\/\/senoticias.com.br\/se\/wp-content\/uploads\/2018\/05\/carro\u00e7as-SENOTICIAS-220x140.jpg 220w\" sizes=\"(max-width: 540px) 100vw, 540px\" \/><\/a><p id=\"caption-attachment-112715\" class=\"wp-caption-text\">Foto: SMTT<\/p><\/div>\n<p style=\"text-align: justify;\"><span style=\"color: #000000;\">O local foi escolhido dada a proximidade de \u00e1reas onde foi identificada presen\u00e7a significativa de carroceiros, como o loteamento Pantanal e o bairro Santa Maria. Durante o procedimento, o condutor de ve\u00edculo de tra\u00e7\u00e3o animal ter\u00e1 os dados pessoais inclu\u00eddo em um sistema, ter\u00e1 a carro\u00e7a emplacada e passar\u00e1 por um curso de capacita\u00e7\u00e3o. Al\u00e9m disso, as condi\u00e7\u00f5es de sa\u00fade do animal ser\u00e3o analisadas. Todas as atividades acontecer\u00e3o no mesmo dia e gratuitamente.<\/span><\/p>\n<p style=\"text-align: justify;\"><span style=\"color: #000000;\">O objetivo do cadastramento \u00e9 reorganizar a circula\u00e7\u00e3o de carro\u00e7as pelas ruas e avenidas de Aracaju, criando tamb\u00e9m mecanismos que facilitem a fiscaliza\u00e7\u00e3o do descarte irregular de res\u00edduos s\u00f3lidos na cidade e os maus tratos aos animais. A capital sergipana est\u00e1 h\u00e1 oito anos sem realizar esse procedimento \u2013 a \u00faltima foi em 2010, durante a gest\u00e3o do prefeito Edvaldo Nogueira.<\/span><\/p>\n<p style=\"text-align: justify;\"><span style=\"color: #000000;\">O trabalho tem como base duas leis municipais: a primeira \u00e9 a Lei 1721\/1991 que orienta sobre o c\u00f3digo de limpeza urbana de Aracaju. J\u00e1 a segunda \u00e9 a Lei 3502\/2007, que cont\u00e9m as diretrizes para a circula\u00e7\u00e3o de ve\u00edculos de tra\u00e7\u00e3o animal na cidade, incluindo locais e hor\u00e1rios pr\u00e9-estabelecidos para este tipo de tr\u00e1fego.<\/span><\/p>\n<p>&nbsp;<\/p>\n<p><a href=\"https:\/\/senoticias.com.br\/se\/wp-content\/uploads\/2018\/05\/Logomarca-fone-SE-4-2-1.jpg\"><img loading=\"lazy\" decoding=\"async\" class=\"aligncenter wp-image-112673 size-full\" src=\"https:\/\/senoticias.com.br\/se\/wp-content\/uploads\/2018\/05\/Logomarca-fone-SE-4-2-1.jpg\" alt=\"\" width=\"599\" height=\"78\" srcset=\"https:\/\/senoticias.com.br\/se\/wp-content\/uploads\/2018\/05\/Logomarca-fone-SE-4-2-1.jpg 599w, https:\/\/senoticias.com.br\/se\/wp-content\/uploads\/2018\/05\/Logomarca-fone-SE-4-2-1-300x39.jpg 300w\" sizes=\"(max-width: 599px) 100vw, 599px\" \/><\/a><\/p>\n<p><strong>Acompanhe tamb\u00e9m o SE Not\u00edcias no<\/strong><span class=\"apple-converted-space\"><b>\u00a0<\/b><\/span><a href=\"https:\/\/twitter.com\/Senoticias\" target=\"_blank\" rel=\"noopener\"><b>Twitter<\/b><\/a><strong>,<\/strong><span class=\"apple-converted-space\"><b>\u00a0<\/b><\/span><a href=\"https:\/\/www.facebook.com\/senoticias1\" target=\"_blank\" rel=\"noopener\"><b>Facebook<\/b><span class=\"apple-converted-space\"><b>\u00a0<\/b><\/span><\/a><strong>e no<\/strong><span class=\"apple-converted-space\"><b>\u00a0<\/b><\/span><a href=\"https:\/\/www.instagram.com\/senoticias\/\" target=\"_blank\" rel=\"noopener\"><b>Instagram<\/b><\/a><strong>.<\/strong><\/p>\n<p>Por SMTT\/Aju<\/p>\n","protected":false},"excerpt":{"rendered":"<p>A Prefeitura de Aracaju, atrav\u00e9s da Superintend\u00eancia Municipal de Transportes e Tr\u00e2nsito (SMTT) e da Empresa Municipal de Servi\u00e7os Urbanos (Emsurb), dar\u00e1 in\u00edcio ao processo de cadastramento dos carroceiros que circulam pelas vias da capital nos dias 18 e 19 de maio, \u00e0s 8h da manh\u00e3, na Unidade de Qualifica\u00e7\u00e3o Profissional do conjunto Jardim Esperan\u00e7a, [&hellip;]<\/p>\n","protected":false},"author":6553,"featured_media":0,"comment_status":"closed","ping_status":"closed","sticky":false,"template":"","format":"standard","meta":{"footnotes":""},"categories":[6],"tags":[7129,339,5210,223,2979,3320,4351],"class_list":{"0":"post-112714","1":"post","2":"type-post","3":"status-publish","4":"format-standard","6":"category-politica","7":"tag-animais","8":"tag-aracaju","9":"tag-carrocas","10":"tag-sergipe","11":"tag-smtt","12":"tag-transito","13":"tag-transporte"},"_links":{"self":[{"href":"https:\/\/senoticias.com.br\/se\/wp-json\/wp\/v2\/posts\/112714"}],"collection":[{"href":"https:\/\/senoticias.com.br\/se\/wp-json\/wp\/v2\/posts"}],"about":[{"href":"https:\/\/senoticias.com.br\/se\/wp-json\/wp\/v2\/types\/post"}],"author":[{"embeddable":true,"href":"https:\/\/senoticias.com.br\/se\/wp-json\/wp\/v2\/users\/6553"}],"replies":[{"embeddable":true,"href":"https:\/\/senoticias.com.br\/se\/wp-json\/wp\/v2\/comments?post=112714"}],"version-history":[{"count":0,"href":"https:\/\/senoticias.com.br\/se\/wp-json\/wp\/v2\/posts\/112714\/revisions"}],"wp:attachment":[{"href":"https:\/\/senoticias.com.br\/se\/wp-json\/wp\/v2\/media?parent=112714"}],"wp:term":[{"taxonomy":"category","embeddable":true,"href":"https:\/\/senoticias.com.br\/se\/wp-json\/wp\/v2\/categories?post=112714"},{"taxonomy":"post_tag","embeddable":true,"href":"https:\/\/senoticias.com.br\/se\/wp-json\/wp\/v2\/tags?post=112714"}],"curies":[{"name":"wp","href":"https:\/\/api.w.org\/{rel}","templated":true}]}}