{"id":112687,"date":"2018-05-03T16:17:38","date_gmt":"2018-05-03T19:17:38","guid":{"rendered":"https:\/\/senoticias.com.br\/se\/?p=112687"},"modified":"2018-05-03T16:18:40","modified_gmt":"2018-05-03T19:18:40","slug":"jose-gabriel-almeida-de-campos-e-empossado-novo-presidente-da-deso","status":"publish","type":"post","link":"https:\/\/senoticias.com.br\/se\/jose-gabriel-almeida-de-campos-e-empossado-novo-presidente-da-deso\/","title":{"rendered":"Jos\u00e9 Gabriel Almeida de Campos \u00e9 empossado novo presidente da Deso"},"content":{"rendered":"<p style=\"text-align: justify\"><span style=\"color: #000000\">O Engenheiro Civil Jos\u00e9 Gabriel Almeida de Campos \u00e9 o novo diretor-presidente da Companhia de Saneamento de Sergipe &#8211; DESO. Ele foi empossado pelo secret\u00e1rio de Estado da Infraestrutura e do Desenvolvimento Urbano SEINFRA, Valmor Barbosa, durante a solenidade que aconteceu na manh\u00e3 desta quarta-feira, 2, no Audit\u00f3rio Central da empresa, e registrou a participa\u00e7\u00e3o de autoridades, in\u00fameros empregados da Companhia, al\u00e9m de contar com a apresenta\u00e7\u00e3o do Coral das \u00c1guas.<\/span><\/p>\n<div id=\"attachment_112688\" style=\"width: 609px\" class=\"wp-caption aligncenter\"><a href=\"https:\/\/senoticias.com.br\/se\/wp-content\/uploads\/2018\/05\/novo-presidente-deso-SENOTICIAS-e1525374986992.jpg\"><img loading=\"lazy\" decoding=\"async\" aria-describedby=\"caption-attachment-112688\" class=\"wp-image-112688 size-full\" src=\"https:\/\/senoticias.com.br\/se\/wp-content\/uploads\/2018\/05\/novo-presidente-deso-SENOTICIAS-e1525374986992.jpg\" alt=\"\" width=\"599\" height=\"407\" \/><\/a><p id=\"caption-attachment-112688\" class=\"wp-caption-text\">Jos\u00e9 Gabriel Almeida de Campos \u00e9 empossado novo presidente da Deso \/ Foto: Jorge Henrique\/ASN<\/p><\/div>\n<p style=\"text-align: justify\"><span style=\"color: #000000\">Ex- diretor de Meio Ambiente e Engenharia da Deso, h\u00e1 dois anos e seis meses, e funcion\u00e1rio de carreira desde 2005, o novo diretor-presidente, n\u00e3o almejava estar no cargo. &#8220;A Deso tem atua\u00e7\u00e3o em todo Sergipe, e que sem d\u00favida alguma, dentro da iniciativa p\u00fablica, \u00e9 a maior empresa do estado, com mais de 1.700 funcion\u00e1rios, uma arrecada\u00e7\u00e3o recorde como o ex-presidente, Carlo Melo citou, mesmo no ambiente de crise. Ent\u00e3o para mim, realmente est\u00e1 sendo um momento de muita gratid\u00e3o. Queremos apresentar um servi\u00e7o de qualidade para a sociedade sergipana, e mostrar que o servi\u00e7o p\u00fablico pode ser eficiente e atender as demandas da sociedade, naquilo que ela tem exigido cada vez mais da Companhia de Saneamento de Sergipe. Atualmente as empresas estatais est\u00e3o sob o julgo de uma nova legisla\u00e7\u00e3o, que exige um curr\u00edculo cada vez mais detalhado dos profissionais postulantes aos cargos de dire\u00e7\u00e3o ou presid\u00eancia de uma Companhia. Dentre os nomes elencados, o meu preencheu os requisitos e consegui galgar o posto. A sociedade brasileira de maneira geral, tem uma ideia um tanto quanto equivocada sobre a quest\u00e3o da privatiza\u00e7\u00e3o, o nosso compromisso \u00e9 nesse sentido de mostrar que o servi\u00e7o p\u00fablico pode sim ser eficiente, atender as demandas da sociedade, sem necessariamente ser privatizada&#8221;, ressaltou.<\/span><\/p>\n<p style=\"text-align: justify\"><span style=\"color: #000000\">Para o secret\u00e1rio Valmor Barbosa, a Deso possui um time coeso e acredita que o novo presidente dar\u00e1 continuidade ao bem-estar da popula\u00e7\u00e3o. &#8220;A Deso deu um salto em qualidade e est\u00e1 constantemente batendo recordes. Isso \u00e9 importante, pois s\u00f3 escuto elogios para a Companhia de Saneamento, est\u00e3o todos de parab\u00e9ns. Andamos pelos munic\u00edpios do nosso estado e o que ouvimos \u00e9 sobre a evolu\u00e7\u00e3o e melhoria significativa no servi\u00e7o prestado pela Companhia. A nossa luta \u00e9 de melhorar cada vez mais, e isso \u00e9 uma determina\u00e7\u00e3o do governador de Sergipe, Belivaldo Chagas para que possamos dentro das nossa condi\u00e7\u00f5es, atravessar o momento dif\u00edcil em que o pa\u00eds se encontra. Carlos Melo est\u00e1 de parab\u00e9ns pelo seu trabalho, que demonstrou uma capacidade dentro da Companhia, e agora uma nova etapa com o tamb\u00e9m engenheiro da casa, Dr. Gabriel de Campos, para que ele d\u00ea continuidade ao foco principal que \u00e9 a empresa e o bem-estar da popula\u00e7\u00e3o&#8221;, disse.<\/span><\/p>\n<p style=\"text-align: justify\"><strong><span style=\"color: #000000\">Ex-presidente da DESO<\/span><\/strong><\/p>\n<p style=\"text-align: justify\"><span style=\"color: #000000\">De acordo com o ex-presidente da Deso, Carlos Melo, a empresa est\u00e1 forte e tem o respaldo de todo sergipano. &#8220;Ao longo desses tr\u00eas anos a frente da Deso, lutamos todos juntos para que consegu\u00edssemos levantar a empresa. Nesses anos de crise em que o pa\u00eds vem mergulhando em d\u00e9ficits, registramos 70% de aprova\u00e7\u00e3o. O que observo \u00e9 toda a realiza\u00e7\u00e3o que um gestor p\u00fablico leva, em palavras de gratid\u00e3o e carinho pelo reconhecimento dos empregados e toda a sociedade. Lan\u00e7aram uma campanha chamada &#8220;Fica Presidente&#8221;, eu nunca poderia esperar receber tantas mensagem de carinho e conforto. Dediquei tr\u00eas anos e quatro meses a empresa, lutamos contra o fantasma da privatiza\u00e7\u00e3o, e que conseguimos com o esfor\u00e7o de todos. Saio sem tristeza, pois estou feliz com o carinho e gratid\u00e3o que a sociedade e todos os funcion\u00e1rios nos passa. Gratid\u00e3o a todos pelo que fizeram, nossa empresa est\u00e1 forte e tem o respaldo de todo sergipano. Cumprimos a miss\u00e3o e sa\u00edmos na hora certa, com a satisfa\u00e7\u00e3o de que o dever est\u00e1 cumprido. Lutamos at\u00e9 o \u00faltimo minuto e temos o resultado da vit\u00f3ria&#8221;, pontuou.<\/span><\/p>\n<p>&nbsp;<\/p>\n<p><a href=\"https:\/\/senoticias.com.br\/se\/wp-content\/uploads\/2018\/05\/Logomarca-fone-SE-4-2-1.jpg\"><img loading=\"lazy\" decoding=\"async\" class=\"aligncenter wp-image-112673 size-full\" src=\"https:\/\/senoticias.com.br\/se\/wp-content\/uploads\/2018\/05\/Logomarca-fone-SE-4-2-1.jpg\" alt=\"\" width=\"599\" height=\"78\" srcset=\"https:\/\/senoticias.com.br\/se\/wp-content\/uploads\/2018\/05\/Logomarca-fone-SE-4-2-1.jpg 599w, https:\/\/senoticias.com.br\/se\/wp-content\/uploads\/2018\/05\/Logomarca-fone-SE-4-2-1-300x39.jpg 300w\" sizes=\"(max-width: 599px) 100vw, 599px\" \/><\/a><\/p>\n<p>Por ASN<\/p>\n","protected":false},"excerpt":{"rendered":"<p>O Engenheiro Civil Jos\u00e9 Gabriel Almeida de Campos \u00e9 o novo diretor-presidente da Companhia de Saneamento de Sergipe &#8211; DESO. Ele foi empossado pelo secret\u00e1rio de Estado da Infraestrutura e do Desenvolvimento Urbano SEINFRA, Valmor Barbosa, durante a solenidade que aconteceu na manh\u00e3 desta quarta-feira, 2, no Audit\u00f3rio Central da empresa, e registrou a participa\u00e7\u00e3o [&hellip;]<\/p>\n","protected":false},"author":6553,"featured_media":0,"comment_status":"closed","ping_status":"closed","sticky":false,"template":"","format":"standard","meta":{"footnotes":""},"categories":[6],"tags":[339,208,2002,9666,2168,8008,2782,223],"class_list":{"0":"post-112687","1":"post","2":"type-post","3":"status-publish","4":"format-standard","6":"category-politica","7":"tag-aracaju","8":"tag-deso","9":"tag-governo","10":"tag-novo","11":"tag-politica","12":"tag-posse","13":"tag-presidente","14":"tag-sergipe"},"_links":{"self":[{"href":"https:\/\/senoticias.com.br\/se\/wp-json\/wp\/v2\/posts\/112687"}],"collection":[{"href":"https:\/\/senoticias.com.br\/se\/wp-json\/wp\/v2\/posts"}],"about":[{"href":"https:\/\/senoticias.com.br\/se\/wp-json\/wp\/v2\/types\/post"}],"author":[{"embeddable":true,"href":"https:\/\/senoticias.com.br\/se\/wp-json\/wp\/v2\/users\/6553"}],"replies":[{"embeddable":true,"href":"https:\/\/senoticias.com.br\/se\/wp-json\/wp\/v2\/comments?post=112687"}],"version-history":[{"count":0,"href":"https:\/\/senoticias.com.br\/se\/wp-json\/wp\/v2\/posts\/112687\/revisions"}],"wp:attachment":[{"href":"https:\/\/senoticias.com.br\/se\/wp-json\/wp\/v2\/media?parent=112687"}],"wp:term":[{"taxonomy":"category","embeddable":true,"href":"https:\/\/senoticias.com.br\/se\/wp-json\/wp\/v2\/categories?post=112687"},{"taxonomy":"post_tag","embeddable":true,"href":"https:\/\/senoticias.com.br\/se\/wp-json\/wp\/v2\/tags?post=112687"}],"curies":[{"name":"wp","href":"https:\/\/api.w.org\/{rel}","templated":true}]}}