{"id":112638,"date":"2018-04-30T20:23:43","date_gmt":"2018-04-30T23:23:43","guid":{"rendered":"https:\/\/senoticias.com.br\/se\/?p=112638"},"modified":"2018-04-30T20:25:44","modified_gmt":"2018-04-30T23:25:44","slug":"trio-vai-a-festa-e-e-preso-por-deixar-duas-criancas-trancadas-dentro-do-carro-em-malhador","status":"publish","type":"post","link":"https:\/\/senoticias.com.br\/se\/trio-vai-a-festa-e-e-preso-por-deixar-duas-criancas-trancadas-dentro-do-carro-em-malhador\/","title":{"rendered":"Trio vai \u00e0 festa e \u00e9 preso por deixar duas crian\u00e7as trancadas dentro do carro, em Malhador"},"content":{"rendered":"<p style=\"text-align: justify;\">Por volta das 23 horas de ontem, 29, em plena festa em Malhador, foli\u00f5es resgataram de dentro de um ve\u00edculo trancado um beb\u00ea de 10 meses e um menino de 4 anos. As m\u00e3es das crian\u00e7as, vieram de Areia Branca para curtir os shows em Malhador e colocaram as crian\u00e7as para dormir no carro, deixando as duas crian\u00e7as trancados no autom\u00f3vel pertencente a um amigo delas e com as janelas completamente fechadas.<\/p>\n<div id=\"attachment_112641\" style=\"width: 609px\" class=\"wp-caption aligncenter\"><a href=\"https:\/\/senoticias.com.br\/se\/wp-content\/uploads\/2018\/04\/Policia-Civil-SE-noticias-1-e1484953193314.jpg\"><img loading=\"lazy\" decoding=\"async\" aria-describedby=\"caption-attachment-112641\" class=\"size-full wp-image-112641\" src=\"https:\/\/senoticias.com.br\/se\/wp-content\/uploads\/2018\/04\/Policia-Civil-SE-noticias-1-e1484953193314.jpg\" alt=\"\" width=\"599\" height=\"399\" srcset=\"https:\/\/senoticias.com.br\/se\/wp-content\/uploads\/2018\/04\/Policia-Civil-SE-noticias-1-e1484953193314.jpg 599w, https:\/\/senoticias.com.br\/se\/wp-content\/uploads\/2018\/04\/Policia-Civil-SE-noticias-1-e1484953193314-300x200.jpg 300w, https:\/\/senoticias.com.br\/se\/wp-content\/uploads\/2018\/04\/Policia-Civil-SE-noticias-1-e1484953193314-90x60.jpg 90w, https:\/\/senoticias.com.br\/se\/wp-content\/uploads\/2018\/04\/Policia-Civil-SE-noticias-1-e1484953193314-180x120.jpg 180w, https:\/\/senoticias.com.br\/se\/wp-content\/uploads\/2018\/04\/Policia-Civil-SE-noticias-1-e1484953193314-95x64.jpg 95w\" sizes=\"(max-width: 599px) 100vw, 599px\" \/><\/a><p id=\"caption-attachment-112641\" class=\"wp-caption-text\">As tr\u00eas pessoas permanecem presas a disposi\u00e7\u00e3o do poder judici\u00e1rio (foto: ascom\/SSP\/SE)<\/p><\/div>\n<p style=\"text-align: justify;\">Ocorre que, perto da meia-noite, populares come\u00e7aram a ouvir o choro desesperado de uma crian\u00e7a que vinha do interior do ve\u00edculo, e descobriram os dois meninos em p\u00e2nico dentro da caminhonete. Em v\u00e3o, buscaram os respons\u00e1veis ou o propriet\u00e1rio do autom\u00f3vel e, considerando que a situa\u00e7\u00e3o dos infantes se agravava com o passar do tempo, acabaram por quebrar um dos vidros do carro e resgataram as crian\u00e7as.<\/p>\n<p style=\"text-align: justify;\">Policiais militares que estavam de servi\u00e7o na festa conduziram os suspeitos e as crian\u00e7as at\u00e9 a Delegacia. A equipe de policiais civis localizou e identificou as m\u00e3es das crian\u00e7as, que foram conduzidas pelos militares e presas em flagrante por abandono de incapaz.<\/p>\n<p style=\"text-align: justify;\">O propriet\u00e1rio do ve\u00edculo tamb\u00e9m foi preso por ter trancado e colocado em risco a vida das crian\u00e7as. Eles estavam na \u00e1rea da festa, h\u00e1 mais de 1km do local que o ve\u00edculo estava estacionado. A participa\u00e7\u00e3o da popula\u00e7\u00e3o, das for\u00e7as policiais e at\u00e9 do Conselho Tutelar garantiu a essas crian\u00e7as o retorno seguro \u00e0 casa da av\u00f3 e evitou o que poderia ser uma trag\u00e9dia.<\/p>\n<p><a href=\"https:\/\/senoticias.com.br\/se\/wp-content\/uploads\/2018\/04\/Logomarca-fone-SE-4-2-1-1.jpg\"><img loading=\"lazy\" decoding=\"async\" class=\"aligncenter size-full wp-image-112492\" src=\"https:\/\/senoticias.com.br\/se\/wp-content\/uploads\/2018\/04\/Logomarca-fone-SE-4-2-1-1.jpg\" alt=\"\" width=\"599\" height=\"78\" srcset=\"https:\/\/senoticias.com.br\/se\/wp-content\/uploads\/2018\/04\/Logomarca-fone-SE-4-2-1-1.jpg 599w, https:\/\/senoticias.com.br\/se\/wp-content\/uploads\/2018\/04\/Logomarca-fone-SE-4-2-1-1-300x39.jpg 300w\" sizes=\"(max-width: 599px) 100vw, 599px\" \/><\/a><\/p>\n<p><strong><em>Acompanhe tamb\u00e9m o SE Not\u00edcias no<\/em><\/strong><em><span class=\"apple-converted-space\"><b>\u00a0<\/b><\/span><a href=\"https:\/\/twitter.com\/Senoticias\" target=\"_blank\" rel=\"noopener\"><b>Twitter<\/b><\/a><strong>,<\/strong><span class=\"apple-converted-space\"><b>\u00a0<\/b><\/span><a href=\"https:\/\/www.facebook.com\/senoticias1\" target=\"_blank\" rel=\"noopener\"><b>Facebook<\/b><span class=\"apple-converted-space\"><b>\u00a0<\/b><\/span><\/a><strong>e no<\/strong><span class=\"apple-converted-space\"><b>\u00a0<\/b><\/span><a href=\"https:\/\/www.instagram.com\/senoticias\/\" target=\"_blank\" rel=\"noopener\"><b>Instagram<\/b><\/a><\/em><\/p>\n<p>&nbsp;<\/p>\n<p><em>Informa\u00e7\u00f5es do <a href=\"http:\/\/itnet.com.br\/noticia\/35709\/folioes-de-malhador-ajudam-no-resgate-de-criancas-deixadas-dentro-de-veiculo-durante-festa\">Portal Itnet<\/a><\/em><\/p>\n","protected":false},"excerpt":{"rendered":"<p>Por volta das 23 horas de ontem, 29, em plena festa em Malhador, foli\u00f5es resgataram de dentro de um ve\u00edculo trancado um beb\u00ea de 10 meses e um menino de 4 anos. As m\u00e3es das crian\u00e7as, vieram de Areia Branca para curtir os shows em Malhador e colocaram as crian\u00e7as para dormir no carro, deixando [&hellip;]<\/p>\n","protected":false},"author":6552,"featured_media":112641,"comment_status":"closed","ping_status":"closed","sticky":false,"template":"","format":"standard","meta":{"footnotes":""},"categories":[15,7],"tags":[905,731,78],"class_list":{"0":"post-112638","1":"post","2":"type-post","3":"status-publish","4":"format-standard","5":"has-post-thumbnail","7":"category-destaques","8":"category-policia","9":"tag-criancas","10":"tag-malhador","11":"tag-policia-civil"},"_links":{"self":[{"href":"https:\/\/senoticias.com.br\/se\/wp-json\/wp\/v2\/posts\/112638"}],"collection":[{"href":"https:\/\/senoticias.com.br\/se\/wp-json\/wp\/v2\/posts"}],"about":[{"href":"https:\/\/senoticias.com.br\/se\/wp-json\/wp\/v2\/types\/post"}],"author":[{"embeddable":true,"href":"https:\/\/senoticias.com.br\/se\/wp-json\/wp\/v2\/users\/6552"}],"replies":[{"embeddable":true,"href":"https:\/\/senoticias.com.br\/se\/wp-json\/wp\/v2\/comments?post=112638"}],"version-history":[{"count":0,"href":"https:\/\/senoticias.com.br\/se\/wp-json\/wp\/v2\/posts\/112638\/revisions"}],"wp:featuredmedia":[{"embeddable":true,"href":"https:\/\/senoticias.com.br\/se\/wp-json\/wp\/v2\/media\/112641"}],"wp:attachment":[{"href":"https:\/\/senoticias.com.br\/se\/wp-json\/wp\/v2\/media?parent=112638"}],"wp:term":[{"taxonomy":"category","embeddable":true,"href":"https:\/\/senoticias.com.br\/se\/wp-json\/wp\/v2\/categories?post=112638"},{"taxonomy":"post_tag","embeddable":true,"href":"https:\/\/senoticias.com.br\/se\/wp-json\/wp\/v2\/tags?post=112638"}],"curies":[{"name":"wp","href":"https:\/\/api.w.org\/{rel}","templated":true}]}}