{"id":112632,"date":"2018-04-30T16:00:21","date_gmt":"2018-04-30T19:00:21","guid":{"rendered":"https:\/\/senoticias.com.br\/se\/?p=112632"},"modified":"2018-04-30T16:00:21","modified_gmt":"2018-04-30T19:00:21","slug":"temer-cancelou-viagem-para-evitar-prejuizo-a-votacoes-no-congresso","status":"publish","type":"post","link":"https:\/\/senoticias.com.br\/se\/temer-cancelou-viagem-para-evitar-prejuizo-a-votacoes-no-congresso\/","title":{"rendered":"Temer cancelou viagem para evitar preju\u00edzo a vota\u00e7\u00f5es no Congresso"},"content":{"rendered":"<p style=\"text-align: justify\"><span style=\"color: #000000\">A Presid\u00eancia da Rep\u00fablica informou hoje (30) em nota que o presidente Michel Temer adiou a viagem de 10 dias \u00e0 \u00c1sia para acompanhar de perto a pauta de vota\u00e7\u00f5es do Congresso. O texto cita que a aus\u00eancia de Temer provocaria o afastamento obrigat\u00f3rio do pa\u00eds dos presidentes da C\u00e2mara, Rodrigo Maia (DEM-RJ), e do Senado, Eun\u00edcio Oliveira (MDB-CE), que s\u00e3o pr\u00e9-candidatos \u00e0s elei\u00e7\u00f5es de outubro.<\/span><\/p>\n<p style=\"text-align: justify\"><span style=\"color: #000000\"><a href=\"https:\/\/senoticias.com.br\/se\/wp-content\/uploads\/2017\/05\/TEMER-SENOTICIAS.jpg\"><img loading=\"lazy\" decoding=\"async\" class=\"aligncenter wp-image-103222 size-full\" src=\"https:\/\/senoticias.com.br\/se\/wp-content\/uploads\/2017\/05\/TEMER-SENOTICIAS.jpg\" alt=\"\" width=\"580\" height=\"388\" srcset=\"https:\/\/senoticias.com.br\/se\/wp-content\/uploads\/2017\/05\/TEMER-SENOTICIAS.jpg 580w, https:\/\/senoticias.com.br\/se\/wp-content\/uploads\/2017\/05\/TEMER-SENOTICIAS-300x201.jpg 300w, https:\/\/senoticias.com.br\/se\/wp-content\/uploads\/2017\/05\/TEMER-SENOTICIAS-90x60.jpg 90w, https:\/\/senoticias.com.br\/se\/wp-content\/uploads\/2017\/05\/TEMER-SENOTICIAS-180x120.jpg 180w, https:\/\/senoticias.com.br\/se\/wp-content\/uploads\/2017\/05\/TEMER-SENOTICIAS-95x64.jpg 95w\" sizes=\"(max-width: 580px) 100vw, 580px\" \/><\/a><\/span><\/p>\n<p style=\"text-align: justify\"><span style=\"color: #000000\">A nota menciona a vota\u00e7\u00e3o de quarta-feira (2) da proposta que remaneja verbas or\u00e7ament\u00e1rias para evitar que o Brasil deixe de pagar d\u00edvidas da Venezuela e Mo\u00e7ambique referentes a um fundo de exporta\u00e7\u00e3o que tem o Brasil como garantidor. \u201cIsso traria imensos preju\u00edzos a toda a economia brasileira\u201d, informa o texto da Secretaria de Comunica\u00e7\u00e3o da Presid\u00eancia da Rep\u00fablica.<\/span><\/p>\n<p style=\"text-align: justify\"><span style=\"color: #000000\">A Presid\u00eancia negou que haja rela\u00e7\u00e3o do adiamento da viagem com o inqu\u00e9rito do Decreto dos Portos. De acordo com a nota, apenas pessoas \u201cdesinformadas sobre tal circunst\u00e2ncia espalhariam essa vers\u00e3o t\u00e3o inveross\u00edmil\u201d. O inqu\u00e9rito investiga supostas irregularidades no Decreto 9.048, conhecido como Decreto dos Portos.<\/span><\/p>\n<p style=\"text-align: justify\"><span style=\"color: #000000\">\u201cO inqu\u00e9rito que inclui acusa\u00e7\u00f5es contra o presidente tem 150 dias e pedido de prorroga\u00e7\u00e3o de mais 60, n\u00e3o sendo causa urgente que justifique mudan\u00e7a de agenda. Somente pessoas desinformadas sobre tal circunst\u00e2ncia espalhariam vers\u00e3o t\u00e3o inveross\u00edmil\u201d, diz o texto. A decis\u00e3o de adiar a viagem para Cingapura, Tail\u00e2ndia, Indon\u00e9sia e Vietn\u00e3, a partir do pr\u00f3ximo dia 7, foi associada por alguns ve\u00edculos de imprensa \u00e0s investiga\u00e7\u00f5es do inqu\u00e9rito.<\/span><\/p>\n<p style=\"text-align: justify\"><span style=\"color: #000000\">Nesse domingo (29), o Minist\u00e9rio de Rela\u00e7\u00f5es Exteriores j\u00e1 havia comunicado que a viagem foi adiada porque poderia prejudicar a pauta de vota\u00e7\u00f5es do Congresso Nacional.<\/span><\/p>\n<p style=\"text-align: justify\"><strong><span style=\"color: #000000\">Sucess\u00e3o<\/span><\/strong><\/p>\n<p style=\"text-align: justify\"><span style=\"color: #000000\">Desde o impeachment da ex-presidente Dilma Rousseff, o Brasil n\u00e3o tem vice. Assim, os pr\u00f3ximos na linha sucess\u00f3ria para assumir a Presid\u00eancia na aus\u00eancia de Temer do pa\u00eds s\u00e3o os presidentes da C\u00e2mara e do Senado. De acordo com a legisla\u00e7\u00e3o eleitoral, caso eles assumam o cargo, se tornam ineleg\u00edveis para as pr\u00f3ximas elei\u00e7\u00f5es.<\/span><\/p>\n<p style=\"text-align: justify\"><span style=\"color: #000000\">Na \u00faltima viagem internacional de Temer para o Peru, Maia foi para o Panam\u00e1, e Eun\u00edcio, para o Jap\u00e3o. Quem assumiu a presid\u00eancia da Rep\u00fablica interinamente foi a presidente do Supremo Tribunal Federal (STF), C\u00e1rmen L\u00facia.<\/span><\/p>\n<p>&nbsp;<\/p>\n<p><a href=\"https:\/\/senoticias.com.br\/se\/wp-content\/uploads\/2018\/04\/Logomarca-fone-SE-4-2-1-1.jpg\"><img loading=\"lazy\" decoding=\"async\" class=\"aligncenter wp-image-112492 size-full\" src=\"https:\/\/senoticias.com.br\/se\/wp-content\/uploads\/2018\/04\/Logomarca-fone-SE-4-2-1-1.jpg\" alt=\"\" width=\"599\" height=\"78\" srcset=\"https:\/\/senoticias.com.br\/se\/wp-content\/uploads\/2018\/04\/Logomarca-fone-SE-4-2-1-1.jpg 599w, https:\/\/senoticias.com.br\/se\/wp-content\/uploads\/2018\/04\/Logomarca-fone-SE-4-2-1-1-300x39.jpg 300w\" sizes=\"(max-width: 599px) 100vw, 599px\" \/><\/a><\/p>\n<p>Por Ag\u00eancia Brasil<\/p>\n","protected":false},"excerpt":{"rendered":"<p>A Presid\u00eancia da Rep\u00fablica informou hoje (30) em nota que o presidente Michel Temer adiou a viagem de 10 dias \u00e0 \u00c1sia para acompanhar de perto a pauta de vota\u00e7\u00f5es do Congresso. O texto cita que a aus\u00eancia de Temer provocaria o afastamento obrigat\u00f3rio do pa\u00eds dos presidentes da C\u00e2mara, Rodrigo Maia (DEM-RJ), e do [&hellip;]<\/p>\n","protected":false},"author":6553,"featured_media":0,"comment_status":"closed","ping_status":"closed","sticky":false,"template":"","format":"standard","meta":{"footnotes":""},"categories":[15,2961],"tags":[370,2965,3620,2168,637,7694,3445],"class_list":{"0":"post-112632","1":"post","2":"type-post","3":"status-publish","4":"format-standard","6":"category-destaques","7":"category-nacional","8":"tag-brasil","9":"tag-congresso","10":"tag-pais","11":"tag-politica","12":"tag-temer","13":"tag-viagem","14":"tag-votacao"},"_links":{"self":[{"href":"https:\/\/senoticias.com.br\/se\/wp-json\/wp\/v2\/posts\/112632"}],"collection":[{"href":"https:\/\/senoticias.com.br\/se\/wp-json\/wp\/v2\/posts"}],"about":[{"href":"https:\/\/senoticias.com.br\/se\/wp-json\/wp\/v2\/types\/post"}],"author":[{"embeddable":true,"href":"https:\/\/senoticias.com.br\/se\/wp-json\/wp\/v2\/users\/6553"}],"replies":[{"embeddable":true,"href":"https:\/\/senoticias.com.br\/se\/wp-json\/wp\/v2\/comments?post=112632"}],"version-history":[{"count":0,"href":"https:\/\/senoticias.com.br\/se\/wp-json\/wp\/v2\/posts\/112632\/revisions"}],"wp:attachment":[{"href":"https:\/\/senoticias.com.br\/se\/wp-json\/wp\/v2\/media?parent=112632"}],"wp:term":[{"taxonomy":"category","embeddable":true,"href":"https:\/\/senoticias.com.br\/se\/wp-json\/wp\/v2\/categories?post=112632"},{"taxonomy":"post_tag","embeddable":true,"href":"https:\/\/senoticias.com.br\/se\/wp-json\/wp\/v2\/tags?post=112632"}],"curies":[{"name":"wp","href":"https:\/\/api.w.org\/{rel}","templated":true}]}}