{"id":112617,"date":"2018-04-29T20:24:21","date_gmt":"2018-04-29T23:24:21","guid":{"rendered":"https:\/\/senoticias.com.br\/se\/?p=112617"},"modified":"2018-04-29T20:24:21","modified_gmt":"2018-04-29T23:24:21","slug":"a-um-dia-do-fim-do-prazo-39-milhoes-ainda-nao-enviaram-irpf","status":"publish","type":"post","link":"https:\/\/senoticias.com.br\/se\/a-um-dia-do-fim-do-prazo-39-milhoes-ainda-nao-enviaram-irpf\/","title":{"rendered":"A um dia do fim do prazo, 3,9 milh\u00f5es ainda n\u00e3o enviaram IRPF"},"content":{"rendered":"<p style=\"text-align: justify\">A um dia do fim do prazo, cerca de 3,9 milh\u00f5es de contribuintes ainda n\u00e3o acertaram as contas com o Fisco. At\u00e9 as 16h de hoje (29), a Receita Federal recebeu 24.895.403 declara\u00e7\u00f5es do Imposto de Renda Pessoa F\u00edsica (IRPF). O total equivale a 87% dos 28,8 milh\u00f5es de documentos esperados para este ano.<\/p>\n<div id=\"attachment_112618\" style=\"width: 375px\" class=\"wp-caption alignleft\"><a href=\"https:\/\/senoticias.com.br\/se\/wp-content\/uploads\/2018\/04\/irenda_2018.jpg\"><img loading=\"lazy\" decoding=\"async\" aria-describedby=\"caption-attachment-112618\" class=\"size-full wp-image-112618\" src=\"https:\/\/senoticias.com.br\/se\/wp-content\/uploads\/2018\/04\/irenda_2018.jpg\" alt=\"\" width=\"365\" height=\"243\" srcset=\"https:\/\/senoticias.com.br\/se\/wp-content\/uploads\/2018\/04\/irenda_2018.jpg 365w, https:\/\/senoticias.com.br\/se\/wp-content\/uploads\/2018\/04\/irenda_2018-300x200.jpg 300w, https:\/\/senoticias.com.br\/se\/wp-content\/uploads\/2018\/04\/irenda_2018-90x60.jpg 90w, https:\/\/senoticias.com.br\/se\/wp-content\/uploads\/2018\/04\/irenda_2018-180x120.jpg 180w, https:\/\/senoticias.com.br\/se\/wp-content\/uploads\/2018\/04\/irenda_2018-95x64.jpg 95w\" sizes=\"(max-width: 365px) 100vw, 365px\" \/><\/a><p id=\"caption-attachment-112618\" class=\"wp-caption-text\">Prazo para entrega da declara\u00e7\u00e3o do Imposto de Renda &#8211; Marcelo Casal \/ Ag\u00eancia Brasil<\/p><\/div>\n<p style=\"text-align: justify\">Somente nas \u00faltimas 24 horas, 984,5 mil contribuintes enviaram o documento. O programa de preenchimento da declara\u00e7\u00e3o do Imposto de Renda da Pessoa F\u00edsica de 2018, ano base 2017, est\u00e1 dispon\u00edvel no site da Receita Federal. O prazo para a entrega da declara\u00e7\u00e3o come\u00e7ou em 1\u00ba de mar\u00e7o e vai at\u00e9 as 23h59 desta segunda-feira (30).<\/p>\n<p style=\"text-align: justify\">Est\u00e1 obrigado a declarar quem recebeu rendimentos tribut\u00e1veis, em 2017, em valores superiores a R$ 28.559,70. No caso da atividade rural, deve declarar quem teve receita bruta acima R$ 142.798,50.<\/p>\n<p style=\"text-align: justify\">A declara\u00e7\u00e3o poder\u00e1 ser preenchida por meio do programa baixado no computador ou do aplicativo Meu Imposto de Renda para tablets e celulares. Por meio do aplicativo, \u00e9 poss\u00edvel ainda fazer retifica\u00e7\u00f5es depois do envio da declara\u00e7\u00e3o.<\/p>\n<p style=\"text-align: justify\">Outra op\u00e7\u00e3o \u00e9 mediante acesso ao servi\u00e7o Meu Imposto de Renda, dispon\u00edvel no Centro Virtual de Atendimento (e-CAC), no site da Receita, com uso de certificado digital.<\/p>\n<p style=\"text-align: justify\">Tamb\u00e9m est\u00e3o obrigadas a declarar as pessoas f\u00edsicas: residentes no Brasil que receberam rendimentos isentos, n\u00e3o tribut\u00e1veis ou tributados exclusivamente na fonte, cuja soma foi superior a R$ 40 mil; que obtiveram, em qualquer m\u00eas, ganho de capital na aliena\u00e7\u00e3o de bens e direitos, sujeito \u00e0 incid\u00eancia do imposto ou que realizaram opera\u00e7\u00f5es em bolsas de valores; que pretendem compensar preju\u00edzos com a atividade rural; que tiveram, em 31 de dezembro de 2017, a posse ou a propriedade de bens e direitos, inclusive terra nua, de valor total superior a R$ 300 mil; que passaram \u00e0 condi\u00e7\u00e3o de residentes no Brasil em qualquer m\u00eas e assim se encontravam em 31 de dezembro; ou que optaram pela isen\u00e7\u00e3o do IR incidente sobre o ganho de capital com a venda de im\u00f3veis residenciais para a compra de outro im\u00f3vel no pa\u00eds, no prazo de 180 dias contados do contrato de venda.<\/p>\n<p style=\"text-align: justify\"><strong>Multa por atraso<\/strong><\/p>\n<p style=\"text-align: justify\">A multa para quem apresentar a declara\u00e7\u00e3o depois do prazo \u00e9 de 1% por m\u00eas de atraso, com valor m\u00ednimo de R$ 165,74 e m\u00e1ximo de 20% sobre o imposto devido.<\/p>\n<p style=\"text-align: justify\"><strong>Dedu\u00e7\u00f5es<\/strong><\/p>\n<p style=\"text-align: justify\">As dedu\u00e7\u00f5es por dependente est\u00e3o limitadas a R$ 2.275,08. As despesas com educa\u00e7\u00e3o t\u00eam limite individual anual de R$ 3.561,50. A dedu\u00e7\u00e3o de gastos com empregadas dom \u00e9sticas \u00e9 de R$ 1.171,84.<\/p>\n<p style=\"text-align: justify\">Novidades deste ano<\/p>\n<p style=\"text-align: justify\">O painel inicial do sistema tem informa\u00e7\u00f5es das fichas que podem ser mais relevantes para o contribuinte durante o preenchimento da declara\u00e7\u00e3o.<\/p>\n<p style=\"text-align: justify\">Neste ano, ser\u00e1 obrigat\u00f3ria a apresenta\u00e7\u00e3o do CPF para dependentes a partir de 8 anos, completados at\u00e9 o dia 31 de dezembro de 2017.<\/p>\n<p style=\"text-align: justify\">Na declara\u00e7\u00e3o de bens, ser\u00e3o inclu\u00eddos campos para informa\u00e7\u00f5es complementares, como n\u00fameros e registros, localiza\u00e7\u00e3o e n\u00famero do Registro Nacional de Ve\u00edculo (Renavam).<\/p>\n<p style=\"text-align: justify\">Tamb\u00e9m ser\u00e1 inclu\u00edda a informa\u00e7\u00e3o sobre a al\u00edquota efetiva utilizada no c\u00e1lculo da apura\u00e7\u00e3o do imposto.<\/p>\n<p style=\"text-align: justify\">Outra mudan\u00e7a \u00e9 a possibilidade de impress\u00e3o do Documento de Arrecada\u00e7\u00e3o de Receitas Federais (Darf) para pagamento de todas as cotas do imposto, inclusive as que est\u00e3o em atraso.<\/p>\n<p style=\"text-align: justify\">* Colaborou Kelly Oliveira<\/p>\n<p>Da Ag\u00eancia Brasil<\/p>\n<p style=\"line-height: 14.25pt\"><strong><span style=\"font-size: 10.0pt;font-family: 'Georgia','serif';color: #333333\">Acompanhe tamb\u00e9m o SE Not\u00edcias no<\/span><\/strong><span class=\"apple-converted-space\"><b><span style=\"font-size: 10.0pt;font-family: 'Georgia','serif';color: #333333\">\u00a0<\/span><\/b><\/span><a href=\"https:\/\/twitter.com\/Senoticias\" target=\"_blank\" rel=\"noopener\"><b><span style=\"font-size: 10.0pt;font-family: 'Georgia','serif'\">Twitter<\/span><\/b><\/a><strong><span style=\"font-size: 10.0pt;font-family: 'Georgia','serif';color: #333333\">,<\/span><\/strong><span class=\"apple-converted-space\"><b><span style=\"font-size: 10.0pt;font-family: 'Georgia','serif';color: #333333\">\u00a0<\/span><\/b><\/span><a href=\"https:\/\/www.facebook.com\/senoticias1\" target=\"_blank\" rel=\"noopener\"><b><span style=\"font-size: 10.0pt;font-family: 'Georgia','serif'\">Facebook<\/span><\/b><span class=\"apple-converted-space\"><b><span style=\"font-size: 10.0pt;font-family: 'Georgia','serif';color: windowtext;text-decoration: none\">\u00a0<\/span><\/b><\/span><\/a><strong><span style=\"font-size: 10.0pt;font-family: 'Georgia','serif';color: #333333\">e no<\/span><\/strong><span class=\"apple-converted-space\"><b><span style=\"font-size: 10.0pt;font-family: 'Georgia','serif';color: #333333\">\u00a0<\/span><\/b><\/span><a href=\"https:\/\/www.instagram.com\/senoticias\/\" target=\"_blank\" rel=\"noopener\"><b><span style=\"font-size: 10.0pt;font-family: 'Georgia','serif'\">Instagram<\/span><\/b><\/a><strong><span style=\"font-size: 10.0pt;font-family: 'Georgia','serif';color: #333333\">.<\/span><\/strong><\/p>\n<p><a href=\"https:\/\/senoticias.com.br\/se\/wp-content\/uploads\/2018\/04\/Logomarca-fone-SE-4-2-1-1.jpg\"><img loading=\"lazy\" decoding=\"async\" class=\"aligncenter size-full wp-image-112492\" src=\"https:\/\/senoticias.com.br\/se\/wp-content\/uploads\/2018\/04\/Logomarca-fone-SE-4-2-1-1.jpg\" alt=\"\" width=\"599\" height=\"78\" srcset=\"https:\/\/senoticias.com.br\/se\/wp-content\/uploads\/2018\/04\/Logomarca-fone-SE-4-2-1-1.jpg 599w, https:\/\/senoticias.com.br\/se\/wp-content\/uploads\/2018\/04\/Logomarca-fone-SE-4-2-1-1-300x39.jpg 300w\" sizes=\"(max-width: 599px) 100vw, 599px\" \/><\/a><\/p>\n","protected":false},"excerpt":{"rendered":"<p>A um dia do fim do prazo, cerca de 3,9 milh\u00f5es de contribuintes ainda n\u00e3o acertaram as contas com o Fisco. At\u00e9 as 16h de hoje (29), a Receita Federal recebeu 24.895.403 declara\u00e7\u00f5es do Imposto de Renda Pessoa F\u00edsica (IRPF). O total equivale a 87% dos 28,8 milh\u00f5es de documentos esperados para este ano. Somente [&hellip;]<\/p>\n","protected":false},"author":6554,"featured_media":112618,"comment_status":"closed","ping_status":"closed","sticky":false,"template":"","format":"standard","meta":{"footnotes":""},"categories":[2961],"tags":[2687,9624,9623],"class_list":{"0":"post-112617","1":"post","2":"type-post","3":"status-publish","4":"format-standard","5":"has-post-thumbnail","7":"category-nacional","8":"tag-2687","9":"tag-9-milhoes-ainda-nao-enviaram-irpf","10":"tag-a-um-dia-do-fim-do-prazo"},"_links":{"self":[{"href":"https:\/\/senoticias.com.br\/se\/wp-json\/wp\/v2\/posts\/112617"}],"collection":[{"href":"https:\/\/senoticias.com.br\/se\/wp-json\/wp\/v2\/posts"}],"about":[{"href":"https:\/\/senoticias.com.br\/se\/wp-json\/wp\/v2\/types\/post"}],"author":[{"embeddable":true,"href":"https:\/\/senoticias.com.br\/se\/wp-json\/wp\/v2\/users\/6554"}],"replies":[{"embeddable":true,"href":"https:\/\/senoticias.com.br\/se\/wp-json\/wp\/v2\/comments?post=112617"}],"version-history":[{"count":0,"href":"https:\/\/senoticias.com.br\/se\/wp-json\/wp\/v2\/posts\/112617\/revisions"}],"wp:featuredmedia":[{"embeddable":true,"href":"https:\/\/senoticias.com.br\/se\/wp-json\/wp\/v2\/media\/112618"}],"wp:attachment":[{"href":"https:\/\/senoticias.com.br\/se\/wp-json\/wp\/v2\/media?parent=112617"}],"wp:term":[{"taxonomy":"category","embeddable":true,"href":"https:\/\/senoticias.com.br\/se\/wp-json\/wp\/v2\/categories?post=112617"},{"taxonomy":"post_tag","embeddable":true,"href":"https:\/\/senoticias.com.br\/se\/wp-json\/wp\/v2\/tags?post=112617"}],"curies":[{"name":"wp","href":"https:\/\/api.w.org\/{rel}","templated":true}]}}