{"id":112616,"date":"2018-04-29T20:17:24","date_gmt":"2018-04-29T23:17:24","guid":{"rendered":"https:\/\/senoticias.com.br\/se\/?p=112616"},"modified":"2018-04-29T20:17:24","modified_gmt":"2018-04-29T23:17:24","slug":"sinal-analogico-sera-desligado-em-maio-em-cidades-do-norte-e-nordeste","status":"publish","type":"post","link":"https:\/\/senoticias.com.br\/se\/sinal-analogico-sera-desligado-em-maio-em-cidades-do-norte-e-nordeste\/","title":{"rendered":"Sinal anal\u00f3gico ser\u00e1 desligado em maio em cidades do Norte e Nordeste"},"content":{"rendered":"<p style=\"text-align: justify\">O sinal anal\u00f3gico de TV vai ser desligado em tr\u00eas capitais do Nordeste e duas da Regi\u00e3o Norte no final de maio. A previs\u00e3o \u00e9 que o desligamento ocorra no dia 30. Ter\u00e3o o sinal desligado no Nordeste Natal (RN), Macei\u00f3 (AL) e Teresina (PI). J\u00e1 no Norte, o desligamento ocorrer\u00e1 em Bel\u00e9m (PA) e Manaus (AM).<\/p>\n<div id=\"attachment_111383\" style=\"width: 590px\" class=\"wp-caption aligncenter\"><a href=\"https:\/\/senoticias.com.br\/se\/wp-content\/uploads\/2018\/03\/promocao-seja-digital-ganhadores-1024x576-e1520724452836.jpg\"><img loading=\"lazy\" decoding=\"async\" aria-describedby=\"caption-attachment-111383\" class=\"size-full wp-image-111383\" src=\"https:\/\/senoticias.com.br\/se\/wp-content\/uploads\/2018\/03\/promocao-seja-digital-ganhadores-1024x576-e1520724452836.jpg\" alt=\"\" width=\"580\" height=\"326\" \/><\/a><p id=\"caption-attachment-111383\" class=\"wp-caption-text\">Imagem Divulga\u00e7\u00e3o.<\/p><\/div>\n<p style=\"text-align: justify\">At\u00e9 o momento, o sinal anal\u00f3gico j\u00e1 foi desligado em 13 capitais. A previs\u00e3o era de que Aracaju e Jo\u00e3o Pessoa tamb\u00e9m tivessem o sinal desligado nessa data, mas a Ag\u00eancia Nacional de Telecomunica\u00e7\u00f5es (Anatel) n\u00e3o divulgou se ele ocorrer\u00e1 ou se haver\u00e1 mudan\u00e7a no cronograma.<\/p>\n<p style=\"text-align: justify\">No Rio Grande do Norte, al\u00e9m de Natal, ter\u00e3o o sinal anal\u00f3gico desligado os munic\u00edpios de Ar\u00eas, Brejinho, Cear\u00e1-Mirim, Extremoz, Ielmo Marinho, Lagoa de Pedras, Lagoa Salgada, Maca\u00edba, Maxaranguape, Monte Alegre, Natal, N\u00edsia Floresta, Parnamirim, Po\u00e7o Branco, Riachuelo, Rio do Fogo, Santa Maria, S\u00e3o Gon\u00e7alo do Amarante, S\u00e3o Jos\u00e9 de Mipibu, S\u00e3o Pedro, Senador Georgino Avelino, Serra de S\u00e3o Bento, Taipu, Tibau do Sul, Vera Cruz, Vila Flor.<\/p>\n<p style=\"text-align: justify\">Em Alagoas, tamb\u00e9m ter\u00e3o o sinal desligado os munic\u00edpios de Atalaia, Barra de Santo Ant\u00f4nio, Barra de S\u00e3o Miguel, Coqueiro Seco, Macei\u00f3, Marechal Deodoro, Messias, Paripueira, Pilar, Rio Largo, Santa Luzia do Norte, S\u00e3o Miguel dos Campos, Satuba.<\/p>\n<p style=\"text-align: justify\">J\u00e1 no Piau\u00ed, o desligamento tamb\u00e9m ocorrer\u00e1 em Demerval Lob\u00e3o, Lagoa do Piau\u00ed, Naz\u00e1ria, Teresina. A cidade de Timon, no Maranh\u00e3o, vizinha da capital do Piau\u00ed, tamb\u00e9m ter\u00e1 o sinal anal\u00f3gico desligado.<\/p>\n<p style=\"text-align: justify\">Na Regi\u00e3o Norte, no estado do Par\u00e1, tamb\u00e9m ocorrer\u00e1 o desligamento em Ananindeua, Barcarena, Benevides, Bujaru, Cachoeira do Arari, Colares, Marituba, Ponta de Pedras, Santa B\u00e1rbara do Par\u00e1, Santa Isabel do Par\u00e1, Santo Ant\u00f4nio do Tau\u00e1. No Amazonas, o desligamento atingir\u00e1 tamb\u00e9m as cidades de Careiro da V\u00e1rzea e Iranduba.<\/p>\n<p style=\"text-align: justify\"><strong>Kits<\/strong><\/p>\n<p style=\"text-align: justify\">A ag\u00eancia reguladora est\u00e1 entregando kits, compostos por conversores e antenas, para as fam\u00edlias atendidas por programas sociais do governo federal (como Bolsa Fam\u00edlia, Minha Casa Minha Vida, Tarifa Social de Energia El\u00e9trica) que n\u00e3o possuem aparelhos de TV que captam o sinal digital. At\u00e9 o momento, j\u00e1 foram distribu\u00eddos em todo o pa\u00eds 9 milh\u00f5es de kits.<\/p>\n<p style=\"text-align: justify\">O pr\u00f3ximo desligamento est\u00e1 previsto para acontecer em agosto. De acordo com a Anatel, com o desligamento do sinal anal\u00f3gico, haver\u00e1 a libera\u00e7\u00e3o da faixa de 700 MHz, atualmente ocupada por canais de TV aberta. Essa radiofrequ\u00eancia ser\u00e1 utilizada para ampliar a disponibilidade do servi\u00e7o de telefonia m\u00f3vel e Internet 4G no Brasil.<\/p>\n<p>Da Ag\u00eancia Brasil.<\/p>\n<p style=\"line-height: 14.25pt\"><strong><span style=\"font-size: 10.0pt;font-family: 'Georgia','serif';color: #333333\">Acompanhe tamb\u00e9m o SE Not\u00edcias no<\/span><\/strong><span class=\"apple-converted-space\"><b><span style=\"font-size: 10.0pt;font-family: 'Georgia','serif';color: #333333\">\u00a0<\/span><\/b><\/span><a href=\"https:\/\/twitter.com\/Senoticias\" target=\"_blank\" rel=\"noopener\"><b><span style=\"font-size: 10.0pt;font-family: 'Georgia','serif'\">Twitter<\/span><\/b><\/a><strong><span style=\"font-size: 10.0pt;font-family: 'Georgia','serif';color: #333333\">,<\/span><\/strong><span class=\"apple-converted-space\"><b><span style=\"font-size: 10.0pt;font-family: 'Georgia','serif';color: #333333\">\u00a0<\/span><\/b><\/span><a href=\"https:\/\/www.facebook.com\/senoticias1\" target=\"_blank\" rel=\"noopener\"><b><span style=\"font-size: 10.0pt;font-family: 'Georgia','serif'\">Facebook<\/span><\/b><span class=\"apple-converted-space\"><b><span style=\"font-size: 10.0pt;font-family: 'Georgia','serif';color: windowtext;text-decoration: none\">\u00a0<\/span><\/b><\/span><\/a><strong><span style=\"font-size: 10.0pt;font-family: 'Georgia','serif';color: #333333\">e no<\/span><\/strong><span class=\"apple-converted-space\"><b><span style=\"font-size: 10.0pt;font-family: 'Georgia','serif';color: #333333\">\u00a0<\/span><\/b><\/span><a href=\"https:\/\/www.instagram.com\/senoticias\/\" target=\"_blank\" rel=\"noopener\"><b><span style=\"font-size: 10.0pt;font-family: 'Georgia','serif'\">Instagram<\/span><\/b><\/a><strong><span style=\"font-size: 10.0pt;font-family: 'Georgia','serif';color: #333333\">.<\/span><\/strong><\/p>\n<p><a href=\"https:\/\/senoticias.com.br\/se\/wp-content\/uploads\/2018\/04\/Logomarca-fone-SE-4-2-1-1.jpg\"><img loading=\"lazy\" decoding=\"async\" class=\"aligncenter size-full wp-image-112492\" src=\"https:\/\/senoticias.com.br\/se\/wp-content\/uploads\/2018\/04\/Logomarca-fone-SE-4-2-1-1.jpg\" alt=\"\" width=\"599\" height=\"78\" srcset=\"https:\/\/senoticias.com.br\/se\/wp-content\/uploads\/2018\/04\/Logomarca-fone-SE-4-2-1-1.jpg 599w, https:\/\/senoticias.com.br\/se\/wp-content\/uploads\/2018\/04\/Logomarca-fone-SE-4-2-1-1-300x39.jpg 300w\" sizes=\"(max-width: 599px) 100vw, 599px\" \/><\/a><\/p>\n","protected":false},"excerpt":{"rendered":"<p>O sinal anal\u00f3gico de TV vai ser desligado em tr\u00eas capitais do Nordeste e duas da Regi\u00e3o Norte no final de maio. A previs\u00e3o \u00e9 que o desligamento ocorra no dia 30. Ter\u00e3o o sinal desligado no Nordeste Natal (RN), Macei\u00f3 (AL) e Teresina (PI). J\u00e1 no Norte, o desligamento ocorrer\u00e1 em Bel\u00e9m (PA) e [&hellip;]<\/p>\n","protected":false},"author":6554,"featured_media":111383,"comment_status":"closed","ping_status":"closed","sticky":false,"template":"","format":"standard","meta":{"footnotes":""},"categories":[45],"tags":[9622],"class_list":{"0":"post-112616","1":"post","2":"type-post","3":"status-publish","4":"format-standard","5":"has-post-thumbnail","7":"category-tecnologia","8":"tag-sinal-analogico-sera-desligado-em-maio-em-cidades-do-norte-e-nordeste"},"_links":{"self":[{"href":"https:\/\/senoticias.com.br\/se\/wp-json\/wp\/v2\/posts\/112616"}],"collection":[{"href":"https:\/\/senoticias.com.br\/se\/wp-json\/wp\/v2\/posts"}],"about":[{"href":"https:\/\/senoticias.com.br\/se\/wp-json\/wp\/v2\/types\/post"}],"author":[{"embeddable":true,"href":"https:\/\/senoticias.com.br\/se\/wp-json\/wp\/v2\/users\/6554"}],"replies":[{"embeddable":true,"href":"https:\/\/senoticias.com.br\/se\/wp-json\/wp\/v2\/comments?post=112616"}],"version-history":[{"count":0,"href":"https:\/\/senoticias.com.br\/se\/wp-json\/wp\/v2\/posts\/112616\/revisions"}],"wp:featuredmedia":[{"embeddable":true,"href":"https:\/\/senoticias.com.br\/se\/wp-json\/wp\/v2\/media\/111383"}],"wp:attachment":[{"href":"https:\/\/senoticias.com.br\/se\/wp-json\/wp\/v2\/media?parent=112616"}],"wp:term":[{"taxonomy":"category","embeddable":true,"href":"https:\/\/senoticias.com.br\/se\/wp-json\/wp\/v2\/categories?post=112616"},{"taxonomy":"post_tag","embeddable":true,"href":"https:\/\/senoticias.com.br\/se\/wp-json\/wp\/v2\/tags?post=112616"}],"curies":[{"name":"wp","href":"https:\/\/api.w.org\/{rel}","templated":true}]}}