{"id":112614,"date":"2018-04-29T19:59:57","date_gmt":"2018-04-29T22:59:57","guid":{"rendered":"https:\/\/senoticias.com.br\/se\/?p=112614"},"modified":"2018-04-29T19:59:57","modified_gmt":"2018-04-29T22:59:57","slug":"serie-d-itabaiana-vence-vitoria-da-conquista-por-2-a-1","status":"publish","type":"post","link":"https:\/\/senoticias.com.br\/se\/serie-d-itabaiana-vence-vitoria-da-conquista-por-2-a-1\/","title":{"rendered":"S\u00e9rie D: Itabaiana vence Vit\u00f3ria da Conquista por 2 a 1"},"content":{"rendered":"<p style=\"text-align: justify\">Na tarde deste domingo, 29, pela segunda rodada da S\u00e9rie D, o Itabaiana venceu o Vit\u00f3ria da Conquista-BA por 2 a 1 no est\u00e1dio Etelvino Mendon\u00e7a, em Itabaiana. Galo abriu o placar de p\u00eanalti para o Tricolor, Cac\u00e1 empatou para o Vit\u00f3ria e Eduardo, no fim, garantiu a vit\u00f3ria dos donos da casa.<\/p>\n<div id=\"attachment_112615\" style=\"width: 590px\" class=\"wp-caption aligncenter\"><a href=\"https:\/\/senoticias.com.br\/se\/wp-content\/uploads\/2018\/04\/grande-185432-e1525042693601.jpg\"><img loading=\"lazy\" decoding=\"async\" aria-describedby=\"caption-attachment-112615\" class=\"size-full wp-image-112615\" src=\"https:\/\/senoticias.com.br\/se\/wp-content\/uploads\/2018\/04\/grande-185432-e1525042693601.jpg\" alt=\"\" width=\"580\" height=\"385\" \/><\/a><p id=\"caption-attachment-112615\" class=\"wp-caption-text\">(Foto: Wendell Rezende\/ Itabaiana)<\/p><\/div>\n<p style=\"text-align: justify\">Com o resultado, o Itabaiana passa a somar seis pontos na lideran\u00e7a isolada de sua chave. Na pr\u00f3xima rodada, no domingo, 6, o Itabaiana visitar\u00e1 o Treze-PB no est\u00e1dio Amig\u00e3o, em Jo\u00e3o Pessoa-PB.<\/p>\n<p style=\"text-align: justify\"><strong>Itabaiana 2 x 1 Vit\u00f3ria da Conquista<\/strong><br \/>\n<strong>Renda<\/strong>: R$ 36.340<br \/>\n<strong>P\u00fablico pagante:<\/strong>\u00a03553<\/p>\n<p style=\"text-align: justify\"><em>Com informa\u00e7\u00f5es da AM 540<\/em><\/p>\n<p style=\"line-height: 14.25pt\"><strong><span style=\"font-size: 10.0pt;font-family: 'Georgia','serif';color: #333333\">Acompanhe tamb\u00e9m o SE Not\u00edcias no<\/span><\/strong><span class=\"apple-converted-space\"><b><span style=\"font-size: 10.0pt;font-family: 'Georgia','serif';color: #333333\">\u00a0<\/span><\/b><\/span><a href=\"https:\/\/twitter.com\/Senoticias\" target=\"_blank\" rel=\"noopener\"><b><span style=\"font-size: 10.0pt;font-family: 'Georgia','serif'\">Twitter<\/span><\/b><\/a><strong><span style=\"font-size: 10.0pt;font-family: 'Georgia','serif';color: #333333\">,<\/span><\/strong><span class=\"apple-converted-space\"><b><span style=\"font-size: 10.0pt;font-family: 'Georgia','serif';color: #333333\">\u00a0<\/span><\/b><\/span><a href=\"https:\/\/www.facebook.com\/senoticias1\" target=\"_blank\" rel=\"noopener\"><b><span style=\"font-size: 10.0pt;font-family: 'Georgia','serif'\">Facebook<\/span><\/b><span class=\"apple-converted-space\"><b><span style=\"font-size: 10.0pt;font-family: 'Georgia','serif';color: windowtext;text-decoration: none\">\u00a0<\/span><\/b><\/span><\/a><strong><span style=\"font-size: 10.0pt;font-family: 'Georgia','serif';color: #333333\">e no<\/span><\/strong><span class=\"apple-converted-space\"><b><span style=\"font-size: 10.0pt;font-family: 'Georgia','serif';color: #333333\">\u00a0<\/span><\/b><\/span><a href=\"https:\/\/www.instagram.com\/senoticias\/\" target=\"_blank\" rel=\"noopener\"><b><span style=\"font-size: 10.0pt;font-family: 'Georgia','serif'\">Instagram<\/span><\/b><\/a><strong><span style=\"font-size: 10.0pt;font-family: 'Georgia','serif';color: #333333\">.<\/span><\/strong><\/p>\n<p><a href=\"https:\/\/senoticias.com.br\/se\/wp-content\/uploads\/2018\/04\/Logomarca-fone-SE-4-2-1-1.jpg\"><img loading=\"lazy\" decoding=\"async\" class=\"aligncenter size-full wp-image-112492\" src=\"https:\/\/senoticias.com.br\/se\/wp-content\/uploads\/2018\/04\/Logomarca-fone-SE-4-2-1-1.jpg\" alt=\"\" width=\"599\" height=\"78\" srcset=\"https:\/\/senoticias.com.br\/se\/wp-content\/uploads\/2018\/04\/Logomarca-fone-SE-4-2-1-1.jpg 599w, https:\/\/senoticias.com.br\/se\/wp-content\/uploads\/2018\/04\/Logomarca-fone-SE-4-2-1-1-300x39.jpg 300w\" sizes=\"(max-width: 599px) 100vw, 599px\" \/><\/a><\/p>\n","protected":false},"excerpt":{"rendered":"<p>Na tarde deste domingo, 29, pela segunda rodada da S\u00e9rie D, o Itabaiana venceu o Vit\u00f3ria da Conquista-BA por 2 a 1 no est\u00e1dio Etelvino Mendon\u00e7a, em Itabaiana. Galo abriu o placar de p\u00eanalti para o Tricolor, Cac\u00e1 empatou para o Vit\u00f3ria e Eduardo, no fim, garantiu a vit\u00f3ria dos donos da casa. Com o [&hellip;]<\/p>\n","protected":false},"author":6554,"featured_media":112615,"comment_status":"closed","ping_status":"closed","sticky":false,"template":"","format":"standard","meta":{"footnotes":""},"categories":[26],"tags":[9621],"class_list":{"0":"post-112614","1":"post","2":"type-post","3":"status-publish","4":"format-standard","5":"has-post-thumbnail","7":"category-esportes","8":"tag-serie-d-itabaiana-vence-vitoria-da-conquista-por-2-a-1"},"_links":{"self":[{"href":"https:\/\/senoticias.com.br\/se\/wp-json\/wp\/v2\/posts\/112614"}],"collection":[{"href":"https:\/\/senoticias.com.br\/se\/wp-json\/wp\/v2\/posts"}],"about":[{"href":"https:\/\/senoticias.com.br\/se\/wp-json\/wp\/v2\/types\/post"}],"author":[{"embeddable":true,"href":"https:\/\/senoticias.com.br\/se\/wp-json\/wp\/v2\/users\/6554"}],"replies":[{"embeddable":true,"href":"https:\/\/senoticias.com.br\/se\/wp-json\/wp\/v2\/comments?post=112614"}],"version-history":[{"count":0,"href":"https:\/\/senoticias.com.br\/se\/wp-json\/wp\/v2\/posts\/112614\/revisions"}],"wp:featuredmedia":[{"embeddable":true,"href":"https:\/\/senoticias.com.br\/se\/wp-json\/wp\/v2\/media\/112615"}],"wp:attachment":[{"href":"https:\/\/senoticias.com.br\/se\/wp-json\/wp\/v2\/media?parent=112614"}],"wp:term":[{"taxonomy":"category","embeddable":true,"href":"https:\/\/senoticias.com.br\/se\/wp-json\/wp\/v2\/categories?post=112614"},{"taxonomy":"post_tag","embeddable":true,"href":"https:\/\/senoticias.com.br\/se\/wp-json\/wp\/v2\/tags?post=112614"}],"curies":[{"name":"wp","href":"https:\/\/api.w.org\/{rel}","templated":true}]}}