{"id":112610,"date":"2018-04-29T19:35:00","date_gmt":"2018-04-29T22:35:00","guid":{"rendered":"https:\/\/senoticias.com.br\/se\/?p=112610"},"modified":"2018-04-29T19:35:00","modified_gmt":"2018-04-29T22:35:00","slug":"mulher-e-assassinada-pelo-companheiro-no-bairro-inacio-barbosa-em-aracaju","status":"publish","type":"post","link":"https:\/\/senoticias.com.br\/se\/mulher-e-assassinada-pelo-companheiro-no-bairro-inacio-barbosa-em-aracaju\/","title":{"rendered":"Mulher \u00e9 assassinada pelo companheiro no Bairro In\u00e1cio Barbosa em Aracaju"},"content":{"rendered":"<p style=\"text-align: justify\">Uma mulher de 46 foi morta pelo companheiro de 41 na manh\u00e3 deste domingo (29), na resid\u00eancia do casal, no Bairro In\u00e1cio Barbosa, em Aracaju.<\/p>\n<div id=\"attachment_112611\" style=\"width: 590px\" class=\"wp-caption aligncenter\"><a href=\"https:\/\/senoticias.com.br\/se\/wp-content\/uploads\/2018\/04\/arma-e1525041271555.jpg\"><img loading=\"lazy\" decoding=\"async\" aria-describedby=\"caption-attachment-112611\" class=\"size-full wp-image-112611\" src=\"https:\/\/senoticias.com.br\/se\/wp-content\/uploads\/2018\/04\/arma-e1525041271555.jpg\" alt=\"\" width=\"580\" height=\"363\" \/><\/a><p id=\"caption-attachment-112611\" class=\"wp-caption-text\">Arma utilizada no crime foi apreendida (Foto: SSP\/SE)<\/p><\/div>\n<p style=\"text-align: justify\">Segundo a pol\u00edcia, o homem foi preso e contou em depoimento que cometeu o crime por suspeitar de uma trai\u00e7\u00e3o da mulher. A pol\u00edcia informou ainda que as duas filhas no casal estavam em um dos quartos da casa no momento do crime.<\/p>\n<p style=\"text-align: justify\">O caso foi encaminhado \u00e0 Delegacia Plantonista Sul e ap\u00f3s levantamentos foi apurado que o homem j\u00e1 possui outras passagens pela pol\u00edcia e j\u00e1 compriu pena relacionada a homic\u00eddio.<\/p>\n<p style=\"text-align: justify\">O Instituto M\u00e9dico Legal (IML) informou que o corpo da mulher j\u00e1 foi liberado para o sepultamento.<\/p>\n<p>Do G1 SE.<\/p>\n<p style=\"line-height: 14.25pt\"><strong><span style=\"font-size: 10.0pt;font-family: 'Georgia','serif';color: #333333\">Acompanhe tamb\u00e9m o SE Not\u00edcias no<\/span><\/strong><span class=\"apple-converted-space\"><b><span style=\"font-size: 10.0pt;font-family: 'Georgia','serif';color: #333333\">\u00a0<\/span><\/b><\/span><a href=\"https:\/\/twitter.com\/Senoticias\" target=\"_blank\" rel=\"noopener\"><b><span style=\"font-size: 10.0pt;font-family: 'Georgia','serif'\">Twitter<\/span><\/b><\/a><strong><span style=\"font-size: 10.0pt;font-family: 'Georgia','serif';color: #333333\">,<\/span><\/strong><span class=\"apple-converted-space\"><b><span style=\"font-size: 10.0pt;font-family: 'Georgia','serif';color: #333333\">\u00a0<\/span><\/b><\/span><a href=\"https:\/\/www.facebook.com\/senoticias1\" target=\"_blank\" rel=\"noopener\"><b><span style=\"font-size: 10.0pt;font-family: 'Georgia','serif'\">Facebook<\/span><\/b><span class=\"apple-converted-space\"><b><span style=\"font-size: 10.0pt;font-family: 'Georgia','serif';color: windowtext;text-decoration: none\">\u00a0<\/span><\/b><\/span><\/a><strong><span style=\"font-size: 10.0pt;font-family: 'Georgia','serif';color: #333333\">e no<\/span><\/strong><span class=\"apple-converted-space\"><b><span style=\"font-size: 10.0pt;font-family: 'Georgia','serif';color: #333333\">\u00a0<\/span><\/b><\/span><a href=\"https:\/\/www.instagram.com\/senoticias\/\" target=\"_blank\" rel=\"noopener\"><b><span style=\"font-size: 10.0pt;font-family: 'Georgia','serif'\">Instagram<\/span><\/b><\/a><strong><span style=\"font-size: 10.0pt;font-family: 'Georgia','serif';color: #333333\">.<\/span><\/strong><\/p>\n<p><a href=\"https:\/\/senoticias.com.br\/se\/wp-content\/uploads\/2018\/04\/Logomarca-fone-SE-4-2-1-1.jpg\"><img loading=\"lazy\" decoding=\"async\" class=\"aligncenter size-full wp-image-112492\" src=\"https:\/\/senoticias.com.br\/se\/wp-content\/uploads\/2018\/04\/Logomarca-fone-SE-4-2-1-1.jpg\" alt=\"\" width=\"599\" height=\"78\" srcset=\"https:\/\/senoticias.com.br\/se\/wp-content\/uploads\/2018\/04\/Logomarca-fone-SE-4-2-1-1.jpg 599w, https:\/\/senoticias.com.br\/se\/wp-content\/uploads\/2018\/04\/Logomarca-fone-SE-4-2-1-1-300x39.jpg 300w\" sizes=\"(max-width: 599px) 100vw, 599px\" \/><\/a><\/p>\n","protected":false},"excerpt":{"rendered":"<p>Uma mulher de 46 foi morta pelo companheiro de 41 na manh\u00e3 deste domingo (29), na resid\u00eancia do casal, no Bairro In\u00e1cio Barbosa, em Aracaju. Segundo a pol\u00edcia, o homem foi preso e contou em depoimento que cometeu o crime por suspeitar de uma trai\u00e7\u00e3o da mulher. A pol\u00edcia informou ainda que as duas filhas [&hellip;]<\/p>\n","protected":false},"author":6554,"featured_media":112611,"comment_status":"closed","ping_status":"closed","sticky":false,"template":"","format":"standard","meta":{"footnotes":""},"categories":[7],"tags":[9619],"class_list":{"0":"post-112610","1":"post","2":"type-post","3":"status-publish","4":"format-standard","5":"has-post-thumbnail","7":"category-policia","8":"tag-mulher-e-assassinada-pelo-companheiro-no-bairro-inacio-barbosa-em-aracaju"},"_links":{"self":[{"href":"https:\/\/senoticias.com.br\/se\/wp-json\/wp\/v2\/posts\/112610"}],"collection":[{"href":"https:\/\/senoticias.com.br\/se\/wp-json\/wp\/v2\/posts"}],"about":[{"href":"https:\/\/senoticias.com.br\/se\/wp-json\/wp\/v2\/types\/post"}],"author":[{"embeddable":true,"href":"https:\/\/senoticias.com.br\/se\/wp-json\/wp\/v2\/users\/6554"}],"replies":[{"embeddable":true,"href":"https:\/\/senoticias.com.br\/se\/wp-json\/wp\/v2\/comments?post=112610"}],"version-history":[{"count":0,"href":"https:\/\/senoticias.com.br\/se\/wp-json\/wp\/v2\/posts\/112610\/revisions"}],"wp:featuredmedia":[{"embeddable":true,"href":"https:\/\/senoticias.com.br\/se\/wp-json\/wp\/v2\/media\/112611"}],"wp:attachment":[{"href":"https:\/\/senoticias.com.br\/se\/wp-json\/wp\/v2\/media?parent=112610"}],"wp:term":[{"taxonomy":"category","embeddable":true,"href":"https:\/\/senoticias.com.br\/se\/wp-json\/wp\/v2\/categories?post=112610"},{"taxonomy":"post_tag","embeddable":true,"href":"https:\/\/senoticias.com.br\/se\/wp-json\/wp\/v2\/tags?post=112610"}],"curies":[{"name":"wp","href":"https:\/\/api.w.org\/{rel}","templated":true}]}}