{"id":112552,"date":"2018-04-26T15:57:57","date_gmt":"2018-04-26T18:57:57","guid":{"rendered":"https:\/\/senoticias.com.br\/se\/?p=112552"},"modified":"2018-05-01T09:12:02","modified_gmt":"2018-05-01T12:12:02","slug":"continuam-abertas-as-inscricoes-para-concursos-da-policia-militar-bombeiros-guarda-prisional-e-gestor-publico-2","status":"publish","type":"post","link":"https:\/\/senoticias.com.br\/se\/continuam-abertas-as-inscricoes-para-concursos-da-policia-militar-bombeiros-guarda-prisional-e-gestor-publico-2\/","title":{"rendered":"Continuam abertas as inscri\u00e7\u00f5es para concursos da Pol\u00edcia Militar, bombeiros, guarda prisional e gestor p\u00fablico"},"content":{"rendered":"<p style=\"text-align: justify;\">Est\u00e3o em andamento as inscri\u00e7\u00f5es dos concursos para Pol\u00edcia Militar, Corpo de Bombeiro, Guarda Prisional e Gestor P\u00fablico a serem realizados pelo governo do Estado, atrav\u00e9s da Secretaria de Planejamento, Or\u00e7amento e Gest\u00e3o (Seplag). As inscri\u00e7\u00f5es para Guarda Prisional prosseguem at\u00e9 o dia 06 de maio, as demais se encerram no pr\u00f3ximo dia 08.<\/p>\n<div id=\"attachment_112553\" style=\"width: 590px\" class=\"wp-caption aligncenter\"><a href=\"https:\/\/senoticias.com.br\/se\/wp-content\/uploads\/2018\/04\/d3fc0d5bf712660397bfabaeb125c7dc-e1524769035534.jpg\"><img loading=\"lazy\" decoding=\"async\" aria-describedby=\"caption-attachment-112553\" class=\"size-full wp-image-112553\" src=\"https:\/\/senoticias.com.br\/se\/wp-content\/uploads\/2018\/04\/d3fc0d5bf712660397bfabaeb125c7dc-e1524769035534.jpg\" alt=\"\" width=\"580\" height=\"387\" \/><\/a><p id=\"caption-attachment-112553\" class=\"wp-caption-text\">A idade limite para os concursos da Pol\u00edcia Militar e Bombeiros \u00e9 de 35 anos. J\u00e1 para Guarda Prisional e Gestor P\u00fablico n\u00e3o h\u00e1 limite de idade &#8211; Foto: Andr\u00e9 Moreira\/ASN<\/p><\/div>\n<p style=\"text-align: justify;\">As inscri\u00e7\u00f5es para os concursos da Pol\u00edcia Militar, Corpo de Bombeiros e Gestor P\u00fablico est\u00e3o sendo realizadas pelo site www.ibfc.org.br. J\u00e1 para o concurso de Guarda Prisional atrav\u00e9s do site www.ibade.org.br.<\/p>\n<p style=\"text-align: justify;\">De acordo com o edital, est\u00e3o sendo ofertadas 661 vagas, sendo 300 vagas para soldado da Pol\u00edcia Militar e 30 para aspirante; 200 vagas para soldado Bombeiro e 12 para aspirante; 100 vagas para Guarda Prisional; e 19 vagas para Gestor P\u00fablico.<\/p>\n<p style=\"text-align: justify;\">Para o concurso da Pol\u00edcia Militar e Bombeiros haver\u00e1 uma quota de 20% para mulheres. J\u00e1 para guarda prisional 75 vagas ser\u00e3o para homem e 25 para mulher. Em todos os concursos haver\u00e1 quota de 10% para afrodescendentes.<\/p>\n<p style=\"text-align: justify;\">O valor da inscri\u00e7\u00e3o do concurso da PM e Corpo de Bombeiros para soldado e oficiais \u00e9 de R$ 100,00; para gestor p\u00fablico a taxa cobrada \u00e9 de R$ 120,00; e para guarda prisional o valor \u00e9 de R$ 65,00.<\/p>\n<p style=\"text-align: justify;\">Est\u00e3o isentos do pagamento dessas taxas, conforme a lei, doadores de sangue, doadores de medula \u00f3ssea e pessoas inscritas no Cad \u00danico.<\/p>\n<p style=\"text-align: justify;\">Para soldado da PM \u00e9 exigido o n\u00edvel m\u00e9dio e para aspirante ser bacharel em Direito; para bombeiro, a exig\u00eancia \u00e9 de n\u00edvel m\u00e9dio para soldado e de n\u00edvel superior em qualquer \u00e1rea para aspirante. J\u00e1 para guarda prisional, o interessado precisa apenas ter o n\u00edvel m\u00e9dio e para gestor p\u00fablico ter qualquer forma\u00e7\u00e3o superior.<\/p>\n<p style=\"text-align: justify;\">A idade limite para os concursos da Pol\u00edcia Militar e Bombeiros \u00e9 de 35 anos. J\u00e1 para Guarda Prisional e Gestor P\u00fablico n\u00e3o h\u00e1 limite de idade.<\/p>\n<p style=\"text-align: justify;\">O sal\u00e1rio inicial dos aprovados no concurso de soldado da PM e Bombeiros ser\u00e1 de R$ 3.370,00 e o de aspirante ser\u00e1 de R$ 9.236,39; o sal\u00e1rio do agente penitenci\u00e1rio corresponder\u00e1 a R$ 1.500,00; e o de gestor p\u00fablico R$ 7.714,29.<\/p>\n<p style=\"text-align: justify;\">A prova objetiva do concurso do Corpo de Bombeiro para soldado e oficiais ser\u00e1 no dia 03 de junho deste ano, para gestor p\u00fablico no dia 10 de junho, para policial militar dia 01 de julho e para guarda prisional no dia 08 de julho.<\/p>\n<p>&nbsp;<\/p>\n<p>Da ASN.<\/p>\n<p style=\"line-height: 14.25pt;\"><strong><span style=\"font-size: 10.0pt; font-family: 'Georgia','serif'; color: #333333;\">Acompanhe tamb\u00e9m o SE Not\u00edcias no<\/span><\/strong><span class=\"apple-converted-space\"><b><span style=\"font-size: 10.0pt; font-family: 'Georgia','serif'; color: #333333;\">\u00a0<\/span><\/b><\/span><a href=\"https:\/\/twitter.com\/Senoticias\" target=\"_blank\" rel=\"noopener\"><b><span style=\"font-size: 10.0pt; font-family: 'Georgia','serif';\">Twitter<\/span><\/b><\/a><strong><span style=\"font-size: 10.0pt; font-family: 'Georgia','serif'; color: #333333;\">,<\/span><\/strong><span class=\"apple-converted-space\"><b><span style=\"font-size: 10.0pt; font-family: 'Georgia','serif'; color: #333333;\">\u00a0<\/span><\/b><\/span><a href=\"https:\/\/www.facebook.com\/senoticias1\" target=\"_blank\" rel=\"noopener\"><b><span style=\"font-size: 10.0pt; font-family: 'Georgia','serif';\">Facebook<\/span><\/b><span class=\"apple-converted-space\"><b><span style=\"font-size: 10.0pt; font-family: 'Georgia','serif'; color: windowtext; text-decoration: none;\">\u00a0<\/span><\/b><\/span><\/a><strong><span style=\"font-size: 10.0pt; font-family: 'Georgia','serif'; color: #333333;\">e no<\/span><\/strong><span class=\"apple-converted-space\"><b><span style=\"font-size: 10.0pt; font-family: 'Georgia','serif'; color: #333333;\">\u00a0<\/span><\/b><\/span><a href=\"https:\/\/www.instagram.com\/senoticias\/\" target=\"_blank\" rel=\"noopener\"><b><span style=\"font-size: 10.0pt; font-family: 'Georgia','serif';\">Instagram<\/span><\/b><\/a><strong><span style=\"font-size: 10.0pt; font-family: 'Georgia','serif'; color: #333333;\">.<\/span><\/strong><\/p>\n<p><a href=\"https:\/\/senoticias.com.br\/se\/wp-content\/uploads\/2018\/04\/Logomarca-fone-SE-4-2-1-1.jpg\"><img loading=\"lazy\" decoding=\"async\" class=\"aligncenter size-full wp-image-112492\" src=\"https:\/\/senoticias.com.br\/se\/wp-content\/uploads\/2018\/04\/Logomarca-fone-SE-4-2-1-1.jpg\" alt=\"\" width=\"599\" height=\"78\" srcset=\"https:\/\/senoticias.com.br\/se\/wp-content\/uploads\/2018\/04\/Logomarca-fone-SE-4-2-1-1.jpg 599w, https:\/\/senoticias.com.br\/se\/wp-content\/uploads\/2018\/04\/Logomarca-fone-SE-4-2-1-1-300x39.jpg 300w\" sizes=\"(max-width: 599px) 100vw, 599px\" \/><\/a><\/p>\n","protected":false},"excerpt":{"rendered":"<p>Est\u00e3o em andamento as inscri\u00e7\u00f5es dos concursos para Pol\u00edcia Militar, Corpo de Bombeiro, Guarda Prisional e Gestor P\u00fablico a serem realizados pelo governo do Estado, atrav\u00e9s da Secretaria de Planejamento, Or\u00e7amento e Gest\u00e3o (Seplag). As inscri\u00e7\u00f5es para Guarda Prisional prosseguem at\u00e9 o dia 06 de maio, as demais se encerram no pr\u00f3ximo dia 08. As [&hellip;]<\/p>\n","protected":false},"author":6554,"featured_media":112553,"comment_status":"closed","ping_status":"closed","sticky":false,"template":"","format":"standard","meta":{"footnotes":""},"categories":[9,6],"tags":[4128,9590,9591],"class_list":{"0":"post-112552","1":"post","2":"type-post","3":"status-publish","4":"format-standard","5":"has-post-thumbnail","7":"category-concursos","8":"category-politica","9":"tag-bombeiros","10":"tag-continuam-abertas-as-inscricoes-para-concursos-da-policia-militar","11":"tag-guarda-prisional-e-gestor-publico"},"_links":{"self":[{"href":"https:\/\/senoticias.com.br\/se\/wp-json\/wp\/v2\/posts\/112552"}],"collection":[{"href":"https:\/\/senoticias.com.br\/se\/wp-json\/wp\/v2\/posts"}],"about":[{"href":"https:\/\/senoticias.com.br\/se\/wp-json\/wp\/v2\/types\/post"}],"author":[{"embeddable":true,"href":"https:\/\/senoticias.com.br\/se\/wp-json\/wp\/v2\/users\/6554"}],"replies":[{"embeddable":true,"href":"https:\/\/senoticias.com.br\/se\/wp-json\/wp\/v2\/comments?post=112552"}],"version-history":[{"count":0,"href":"https:\/\/senoticias.com.br\/se\/wp-json\/wp\/v2\/posts\/112552\/revisions"}],"wp:featuredmedia":[{"embeddable":true,"href":"https:\/\/senoticias.com.br\/se\/wp-json\/wp\/v2\/media\/112553"}],"wp:attachment":[{"href":"https:\/\/senoticias.com.br\/se\/wp-json\/wp\/v2\/media?parent=112552"}],"wp:term":[{"taxonomy":"category","embeddable":true,"href":"https:\/\/senoticias.com.br\/se\/wp-json\/wp\/v2\/categories?post=112552"},{"taxonomy":"post_tag","embeddable":true,"href":"https:\/\/senoticias.com.br\/se\/wp-json\/wp\/v2\/tags?post=112552"}],"curies":[{"name":"wp","href":"https:\/\/api.w.org\/{rel}","templated":true}]}}