{"id":112545,"date":"2018-04-26T13:31:50","date_gmt":"2018-04-26T16:31:50","guid":{"rendered":"https:\/\/senoticias.com.br\/se\/?p=112545"},"modified":"2018-04-26T13:34:50","modified_gmt":"2018-04-26T16:34:50","slug":"veiculos-com-final-de-placa-3-tem-ate-30-de-abril-para-quitar-o-licenciamento","status":"publish","type":"post","link":"https:\/\/senoticias.com.br\/se\/veiculos-com-final-de-placa-3-tem-ate-30-de-abril-para-quitar-o-licenciamento\/","title":{"rendered":"Ve\u00edculos com final de placa 3 t\u00eam at\u00e9 30 de abril para quitar o licenciamento"},"content":{"rendered":"<p style=\"text-align: justify\"><span style=\"color: #000000\">Propriet\u00e1rios de ve\u00edculos que possuem placa com final 3 devem ficar atentos ao calend\u00e1rio de Licenciamento Anual 2018 do Departamento Estadual de Tr\u00e2nsito (Detran\/SE). O prazo para quitar a taxa sem a incid\u00eancia de juros e multa \u00e9 30 de abril \u2013 em cota \u00fanica ou \u00faltima parcela. <\/span><\/p>\n<p style=\"text-align: justify\"><span style=\"color: #000000\">Para quem tem placas com termina\u00e7\u00e3o 4 ou 5 e optou pelo parcelamento, o dia 30 de abril tamb\u00e9m \u00e9 a data de vencimento das 2\u00aa e 1\u00aa parcelas, respectivamente. O calend\u00e1rio completo com todas as datas do licenciamento 2018 pode ser conferido no<a href=\"https:\/\/seguro.detran.se.gov.br\/portal\/?pg=pag_licenc_boleto_parcel\"> site do Detran\/SE.<\/a><\/span><\/p>\n<div id=\"attachment_104386\" style=\"width: 609px\" class=\"wp-caption aligncenter\"><a href=\"https:\/\/senoticias.com.br\/se\/wp-content\/uploads\/2017\/06\/Licenciamento-SENOTICIAS-e1498607078360.jpg\"><img loading=\"lazy\" decoding=\"async\" aria-describedby=\"caption-attachment-104386\" class=\"wp-image-104386 size-full\" src=\"https:\/\/senoticias.com.br\/se\/wp-content\/uploads\/2017\/06\/Licenciamento-SENOTICIAS-e1498607078360.jpg\" alt=\"\" width=\"599\" height=\"386\" \/><\/a><p id=\"caption-attachment-104386\" class=\"wp-caption-text\">Foto: ASN<\/p><\/div>\n<p style=\"text-align: justify\"><span style=\"color: #000000\">Para gerar os boletos, o cidad\u00e3o pode acessar no <a href=\"https:\/\/seguro.detran.se.gov.br\/portal\/?opcao=btServicosVeiculo\">portal de autoatendimento<\/a>, em \u201cServi\u00e7os de Ve\u00edculos\u201d; no aplicativo \u2018Detran-SE Digital\u2019; nos totens das unidades da autarquia ou nos caixas eletr\u00f4nicos do Banese. O usu\u00e1rio pode optar por pagar por meio de Documento \u00danico de Arrecada\u00e7\u00e3o (DUA) ou por ficha de compensa\u00e7\u00e3o (Banese ou Outros Bancos, respectivamente), determinar o n\u00famero de parcelas (em at\u00e9 tr\u00eas vezes) \u2013 atentando-se \u00e0 data de refer\u00eancia do final de placa \u2013 e a quantidade de c\u00f3pias do documento. <\/span><\/p>\n<p style=\"text-align: justify\"><span style=\"color: #000000\">H\u00e1 ainda como escolher entre receber o Certificado de Registro de Licenciamento Veicular (CRLV) em seu endere\u00e7o (devendo estar atualizado) ou em uma unidade de atendimento.<\/span><\/p>\n<p>&nbsp;<\/p>\n<p><a href=\"https:\/\/senoticias.com.br\/se\/wp-content\/uploads\/2018\/04\/Logomarca-fone-SE-4-2-1-1.jpg\"><img loading=\"lazy\" decoding=\"async\" class=\"aligncenter wp-image-112492 size-full\" src=\"https:\/\/senoticias.com.br\/se\/wp-content\/uploads\/2018\/04\/Logomarca-fone-SE-4-2-1-1.jpg\" alt=\"\" width=\"599\" height=\"78\" srcset=\"https:\/\/senoticias.com.br\/se\/wp-content\/uploads\/2018\/04\/Logomarca-fone-SE-4-2-1-1.jpg 599w, https:\/\/senoticias.com.br\/se\/wp-content\/uploads\/2018\/04\/Logomarca-fone-SE-4-2-1-1-300x39.jpg 300w\" sizes=\"(max-width: 599px) 100vw, 599px\" \/><\/a><\/p>\n<p>Por ASN<\/p>\n","protected":false},"excerpt":{"rendered":"<p>Propriet\u00e1rios de ve\u00edculos que possuem placa com final 3 devem ficar atentos ao calend\u00e1rio de Licenciamento Anual 2018 do Departamento Estadual de Tr\u00e2nsito (Detran\/SE). O prazo para quitar a taxa sem a incid\u00eancia de juros e multa \u00e9 30 de abril \u2013 em cota \u00fanica ou \u00faltima parcela. Para quem tem placas com termina\u00e7\u00e3o 4 [&hellip;]<\/p>\n","protected":false},"author":6553,"featured_media":0,"comment_status":"closed","ping_status":"closed","sticky":false,"template":"","format":"standard","meta":{"footnotes":""},"categories":[15,38],"tags":[339,1828,9587,3731,3729,6152,3396,223,2940],"class_list":{"0":"post-112545","1":"post","2":"type-post","3":"status-publish","4":"format-standard","6":"category-destaques","7":"category-municipios","8":"tag-aracaju","9":"tag-detran","10":"tag-final-3","11":"tag-final-4","12":"tag-licenciamento","13":"tag-placa","14":"tag-prazo","15":"tag-sergipe","16":"tag-veiculos"},"_links":{"self":[{"href":"https:\/\/senoticias.com.br\/se\/wp-json\/wp\/v2\/posts\/112545"}],"collection":[{"href":"https:\/\/senoticias.com.br\/se\/wp-json\/wp\/v2\/posts"}],"about":[{"href":"https:\/\/senoticias.com.br\/se\/wp-json\/wp\/v2\/types\/post"}],"author":[{"embeddable":true,"href":"https:\/\/senoticias.com.br\/se\/wp-json\/wp\/v2\/users\/6553"}],"replies":[{"embeddable":true,"href":"https:\/\/senoticias.com.br\/se\/wp-json\/wp\/v2\/comments?post=112545"}],"version-history":[{"count":0,"href":"https:\/\/senoticias.com.br\/se\/wp-json\/wp\/v2\/posts\/112545\/revisions"}],"wp:attachment":[{"href":"https:\/\/senoticias.com.br\/se\/wp-json\/wp\/v2\/media?parent=112545"}],"wp:term":[{"taxonomy":"category","embeddable":true,"href":"https:\/\/senoticias.com.br\/se\/wp-json\/wp\/v2\/categories?post=112545"},{"taxonomy":"post_tag","embeddable":true,"href":"https:\/\/senoticias.com.br\/se\/wp-json\/wp\/v2\/tags?post=112545"}],"curies":[{"name":"wp","href":"https:\/\/api.w.org\/{rel}","templated":true}]}}