{"id":112527,"date":"2018-04-25T16:33:29","date_gmt":"2018-04-25T19:33:29","guid":{"rendered":"https:\/\/senoticias.com.br\/se\/?p=112527"},"modified":"2018-04-25T16:48:54","modified_gmt":"2018-04-25T19:48:54","slug":"servidores-de-aracaju-podem-obter-comprovante-para-declaracao-de-imposto-de-renda-no-portal-da-pma","status":"publish","type":"post","link":"https:\/\/senoticias.com.br\/se\/servidores-de-aracaju-podem-obter-comprovante-para-declaracao-de-imposto-de-renda-no-portal-da-pma\/","title":{"rendered":"Servidores de Aracaju podem obter comprovante para declara\u00e7\u00e3o de Imposto de Renda no portal da PMA"},"content":{"rendered":"<p style=\"text-align: justify\"><span style=\"color: #000000\">Na pr\u00f3xima segunda-feira, 30, encerra o prazo para que os contribuintes enviem suas respectivas declara\u00e7\u00f5es do Imposto de Renda (IR) \u00e0 Receita Federal. Visando facilitar o acesso \u00e0 declara\u00e7\u00e3o de rendimento retido na fonte, que \u00e9 o documento fundamental para a respectiva declara\u00e7\u00e3o, no caso dos servidores municipais, a Seplog montou uma log\u00edstica espec\u00edfica para atender aos que ainda n\u00e3o realizaram o procedimento: Al\u00e9m de disponibilizar no portal da Prefeitura Municipal de Aracaju (PMA), na internet, ser\u00e1 mantido um atendimento espec\u00edfico na Central de Atendimento (das 7h \u00e0s 17h) no Centro Administrativo Alo\u00edsio Campos.<\/span><\/p>\n<div id=\"attachment_112528\" style=\"width: 609px\" class=\"wp-caption aligncenter\"><a href=\"https:\/\/senoticias.com.br\/se\/wp-content\/uploads\/2018\/04\/19.03_contribuicao_sindical-e1524684741931.jpg\"><img loading=\"lazy\" decoding=\"async\" aria-describedby=\"caption-attachment-112528\" class=\"wp-image-112528 size-full\" src=\"https:\/\/senoticias.com.br\/se\/wp-content\/uploads\/2018\/04\/19.03_contribuicao_sindical-e1524684741931.jpg\" alt=\"\" width=\"599\" height=\"336\" \/><\/a><p id=\"caption-attachment-112528\" class=\"wp-caption-text\">Central de Atendimento estar\u00e1 apta a fornecer o documento necess\u00e1rio para declara\u00e7\u00e3o de IR. Foto:Ascom\/Seplog.<\/p><\/div>\n<p style=\"text-align: justify\"><span style=\"color: #000000\">Para obter a declara\u00e7\u00e3o via internet, basta que o servidor acesse o portal da PMA (www.aracaju.se.gov.br), localize o Servi\u00e7o de Atendimento ao Servidor (SAS), e entre com o n\u00famero de sua matr\u00edcula e a senha previamente cadastrada, em seguida, \u00e9 s\u00f3 imprimir a respectiva declara\u00e7\u00e3o.<\/span><\/p>\n<p><a href=\"https:\/\/senoticias.com.br\/se\/wp-content\/uploads\/2018\/04\/1_sas.jpg\"><img loading=\"lazy\" decoding=\"async\" class=\"aligncenter wp-image-112529 size-full\" src=\"https:\/\/senoticias.com.br\/se\/wp-content\/uploads\/2018\/04\/1_sas-e1524684855636.jpg\" alt=\"\" width=\"580\" height=\"326\" \/><\/a><\/p>\n<p style=\"text-align: justify\"><span style=\"color: #000000\">\u201cPara os servidores que, eventualmente, ainda n\u00e3o tenham efetuado a declara\u00e7\u00e3o e tenham dificuldade de acessar o documento via internet, montamos uma estrutura que disponibilizar\u00e1 imediatamente o documento aqui na Central de Atendimento\u201d, refor\u00e7a a coordenadora Geral de Gest\u00e3o de Pessoal da Seplog, Fernanda Moura.<\/span><\/p>\n<p>&nbsp;<\/p>\n<p><a href=\"https:\/\/senoticias.com.br\/se\/wp-content\/uploads\/2018\/04\/Logomarca-fone-SE-4-2-1-1.jpg\"><img loading=\"lazy\" decoding=\"async\" class=\"aligncenter wp-image-112492 size-full\" src=\"https:\/\/senoticias.com.br\/se\/wp-content\/uploads\/2018\/04\/Logomarca-fone-SE-4-2-1-1.jpg\" alt=\"\" width=\"599\" height=\"78\" srcset=\"https:\/\/senoticias.com.br\/se\/wp-content\/uploads\/2018\/04\/Logomarca-fone-SE-4-2-1-1.jpg 599w, https:\/\/senoticias.com.br\/se\/wp-content\/uploads\/2018\/04\/Logomarca-fone-SE-4-2-1-1-300x39.jpg 300w\" sizes=\"(max-width: 599px) 100vw, 599px\" \/><\/a><\/p>\n<p><strong>Acompanhe tamb\u00e9m o SE Not\u00edcias no<\/strong><span class=\"apple-converted-space\"><b>\u00a0<\/b><\/span><a href=\"https:\/\/twitter.com\/Senoticias\" target=\"_blank\" rel=\"noopener\"><b>Twitter<\/b><\/a><strong>,<\/strong><span class=\"apple-converted-space\"><b>\u00a0<\/b><\/span><a href=\"https:\/\/www.facebook.com\/senoticias1\" target=\"_blank\" rel=\"noopener\"><b>Facebook<\/b><span class=\"apple-converted-space\"><b>\u00a0<\/b><\/span><\/a><strong>e no<\/strong><span class=\"apple-converted-space\"><b>\u00a0<\/b><\/span><a href=\"https:\/\/www.instagram.com\/senoticias\/\" target=\"_blank\" rel=\"noopener\"><b>Instagram<\/b><\/a><strong>.<\/strong><\/p>\n<p>Por Ag\u00eancia Aracaju de Not\u00edcias<\/p>\n","protected":false},"excerpt":{"rendered":"<p>Na pr\u00f3xima segunda-feira, 30, encerra o prazo para que os contribuintes enviem suas respectivas declara\u00e7\u00f5es do Imposto de Renda (IR) \u00e0 Receita Federal. Visando facilitar o acesso \u00e0 declara\u00e7\u00e3o de rendimento retido na fonte, que \u00e9 o documento fundamental para a respectiva declara\u00e7\u00e3o, no caso dos servidores municipais, a Seplog montou uma log\u00edstica espec\u00edfica para [&hellip;]<\/p>\n","protected":false},"author":6553,"featured_media":0,"comment_status":"closed","ping_status":"closed","sticky":false,"template":"","format":"standard","meta":{"footnotes":""},"categories":[15,38],"tags":[339,3922,4191,7061,9583,3586,5882,2936],"class_list":{"0":"post-112527","1":"post","2":"type-post","3":"status-publish","4":"format-standard","6":"category-destaques","7":"category-municipios","8":"tag-aracaju","9":"tag-federal","10":"tag-imposto","11":"tag-pma","12":"tag-portal","13":"tag-receita","14":"tag-renda","15":"tag-servidores"},"_links":{"self":[{"href":"https:\/\/senoticias.com.br\/se\/wp-json\/wp\/v2\/posts\/112527"}],"collection":[{"href":"https:\/\/senoticias.com.br\/se\/wp-json\/wp\/v2\/posts"}],"about":[{"href":"https:\/\/senoticias.com.br\/se\/wp-json\/wp\/v2\/types\/post"}],"author":[{"embeddable":true,"href":"https:\/\/senoticias.com.br\/se\/wp-json\/wp\/v2\/users\/6553"}],"replies":[{"embeddable":true,"href":"https:\/\/senoticias.com.br\/se\/wp-json\/wp\/v2\/comments?post=112527"}],"version-history":[{"count":0,"href":"https:\/\/senoticias.com.br\/se\/wp-json\/wp\/v2\/posts\/112527\/revisions"}],"wp:attachment":[{"href":"https:\/\/senoticias.com.br\/se\/wp-json\/wp\/v2\/media?parent=112527"}],"wp:term":[{"taxonomy":"category","embeddable":true,"href":"https:\/\/senoticias.com.br\/se\/wp-json\/wp\/v2\/categories?post=112527"},{"taxonomy":"post_tag","embeddable":true,"href":"https:\/\/senoticias.com.br\/se\/wp-json\/wp\/v2\/tags?post=112527"}],"curies":[{"name":"wp","href":"https:\/\/api.w.org\/{rel}","templated":true}]}}