{"id":112506,"date":"2018-04-24T15:14:23","date_gmt":"2018-04-24T18:14:23","guid":{"rendered":"https:\/\/senoticias.com.br\/se\/?p=112506"},"modified":"2018-04-24T15:14:23","modified_gmt":"2018-04-24T18:14:23","slug":"ssp-apresenta-equipe-que-vai-realizar-intervencao-no-instituto-de-identificacao-de-sergipe","status":"publish","type":"post","link":"https:\/\/senoticias.com.br\/se\/ssp-apresenta-equipe-que-vai-realizar-intervencao-no-instituto-de-identificacao-de-sergipe\/","title":{"rendered":"SSP apresenta equipe que vai realizar interven\u00e7\u00e3o no Instituto de Identifica\u00e7\u00e3o de Sergipe"},"content":{"rendered":"<p style=\"text-align: justify\">Na manh\u00e3 ter\u00e7a-feira (24), a Secretaria de Seguran\u00e7a P\u00fablica de Sergipe (SSP\/SE) apresentou a equipe que vai participar da interven\u00e7\u00e3o administrativa imediata no Instituto de Identifica\u00e7\u00e3o de Sergipe. A determina\u00e7\u00e3o foi realizada secret\u00e1rio da SSP, Jo\u00e3o Eloy, que destacou a delegada Mayra Evangelista para coordenar os trabalhos.<\/p>\n<div id=\"attachment_112507\" style=\"width: 590px\" class=\"wp-caption aligncenter\"><a href=\"https:\/\/senoticias.com.br\/se\/wp-content\/uploads\/2018\/04\/equipe-ssp-e1524593606582.jpg\"><img loading=\"lazy\" decoding=\"async\" aria-describedby=\"caption-attachment-112507\" class=\"size-full wp-image-112507\" src=\"https:\/\/senoticias.com.br\/se\/wp-content\/uploads\/2018\/04\/equipe-ssp-e1524593606582.jpg\" alt=\"\" width=\"580\" height=\"363\" \/><\/a><p id=\"caption-attachment-112507\" class=\"wp-caption-text\">Equipe da SSP vai trabalhar no Instituto de Identifica\u00e7\u00e3o de Sergipe (Foto: SSP\/SE)<\/p><\/div>\n<p style=\"text-align: justify\">Segundo a SSP, a decis\u00e3o pretende modificar o fluxo de atendimento e crit\u00e9rios de an\u00e1lise para confec\u00e7\u00e3o de carteiras de identidade. E foi tomada ap\u00f3s o resultado da Opera\u00e7\u00e3o F\u00eanix, realizada no \u00faltimo dia 17, em que nove pessoas foram presas por suposto envolvimento em um esquema de venda de identidades falsas. Diante disso, o secret\u00e1rio determinou a elabora\u00e7\u00e3o de uma portaria para definir as normas da interven\u00e7\u00e3o administrativa imediata pelo prazo de 30 dias, com possibilidade de prorroga\u00e7\u00e3o por mais 30 dias.<\/p>\n<p style=\"text-align: justify\">\u201cEm raz\u00e3o dessas investiga\u00e7\u00f5es dentro do Instituto de Identifica\u00e7\u00e3o, se fez necess\u00e1ria uma interven\u00e7\u00e3o l\u00e1 dentro para corrigir alguns procedimentos, sanar todo tipo de irregularidade e colocar tudo nos eixos,\u201d afirmou o secret\u00e1rio da Seguran\u00e7a P\u00fablica, Jo\u00e3o Eloy.<\/p>\n<p style=\"text-align: justify\">Entre os objetivos da comiss\u00e3o interventora est\u00e3o: apurar irregularidades, elenc\u00e1-las, e corrigi-las, nos limites de suas atribui\u00e7\u00f5es; confeccionar e enviar relat\u00f3rios semanais ao secret\u00e1rio da Seguran\u00e7a P\u00fablica e relatar ind\u00edcios de crimes e atos administrativos supostamente infracionais.<\/p>\n<p style=\"text-align: justify\">A delegada Mayra Evangelista, que coordenou as investiga\u00e7\u00f5es da Opera\u00e7\u00e3o F\u00eanix por quase dois anos, ser\u00e1 a interventora. A comiss\u00e3o ainda \u00e9 composta pelo escriv\u00e3o de pol\u00edcia \u00canio Nascimento &#8211; investigador da opera\u00e7\u00e3o F\u00eanix -, o contador e servidor p\u00fablico Jos\u00e9 Roberto Campos e os papiloscopistas Jenilson Gomes, Wendel da Silva Gonzaga, Paula Roberta Gomes Pinho e Leandro Machado Nunes.<\/p>\n<p style=\"text-align: justify\">\u201cA comiss\u00e3o far\u00e1 mudan\u00e7as de curto e m\u00e9dio prazo, mudan\u00e7as simples administrativas que dar\u00e3o uma nova cara ao \u00f3rg\u00e3o. Isso propiciar\u00e1 a\u00e7\u00f5es de seguran\u00e7a com maior credibilidade dos documentos que s\u00e3o expedidos, das fun\u00e7\u00f5es que cabem ao Instituto e consequentemente dar\u00e1 a popula\u00e7\u00e3o a tranquilidade da autenticidade n\u00e3o s\u00f3 dos documentos mas de todo servi\u00e7o prestado pelo Instituto\u201d, explicou a delegada.<\/p>\n<p style=\"text-align: justify\">Segundo a SSSP, ao final do per\u00edodo definido pela interven\u00e7\u00e3o, os interventores v\u00e3o apresentar um relat\u00f3rio com medidas que dever\u00e3o ser tomadas a m\u00e9dio e longo prazo, altera\u00e7\u00f5es legislativas julgadas necess\u00e1rias e um comparativo com as a\u00e7\u00f5es ap\u00f3s a interven\u00e7\u00e3o. A SSP refor\u00e7ou que n\u00e3o haver\u00e1 contrapartida financeira para nenhum membro da comiss\u00e3o.<\/p>\n<p style=\"text-align: justify\">Do G1 SE.<\/p>\n<p style=\"line-height: 14.25pt\"><strong><span style=\"font-size: 10.0pt;font-family: 'Georgia','serif';color: #333333\">Acompanhe tamb\u00e9m o SE Not\u00edcias no<\/span><\/strong><span class=\"apple-converted-space\"><b><span style=\"font-size: 10.0pt;font-family: 'Georgia','serif';color: #333333\">\u00a0<\/span><\/b><\/span><a href=\"https:\/\/twitter.com\/Senoticias\" target=\"_blank\" rel=\"noopener\"><b><span style=\"font-size: 10.0pt;font-family: 'Georgia','serif'\">Twitter<\/span><\/b><\/a><strong><span style=\"font-size: 10.0pt;font-family: 'Georgia','serif';color: #333333\">,<\/span><\/strong><span class=\"apple-converted-space\"><b><span style=\"font-size: 10.0pt;font-family: 'Georgia','serif';color: #333333\">\u00a0<\/span><\/b><\/span><a href=\"https:\/\/www.facebook.com\/senoticias1\" target=\"_blank\" rel=\"noopener\"><b><span style=\"font-size: 10.0pt;font-family: 'Georgia','serif'\">Facebook<\/span><\/b><span class=\"apple-converted-space\"><b><span style=\"font-size: 10.0pt;font-family: 'Georgia','serif';color: windowtext;text-decoration: none\">\u00a0<\/span><\/b><\/span><\/a><strong><span style=\"font-size: 10.0pt;font-family: 'Georgia','serif';color: #333333\">e no<\/span><\/strong><span class=\"apple-converted-space\"><b><span style=\"font-size: 10.0pt;font-family: 'Georgia','serif';color: #333333\">\u00a0<\/span><\/b><\/span><a href=\"https:\/\/www.instagram.com\/senoticias\/\" target=\"_blank\" rel=\"noopener\"><b><span style=\"font-size: 10.0pt;font-family: 'Georgia','serif'\">Instagram<\/span><\/b><\/a><strong><span style=\"font-size: 10.0pt;font-family: 'Georgia','serif';color: #333333\">.<\/span><\/strong><\/p>\n<p><a href=\"https:\/\/senoticias.com.br\/se\/wp-content\/uploads\/2018\/04\/Logomarca-fone-SE-4-2-1-1.jpg\"><img loading=\"lazy\" decoding=\"async\" class=\"aligncenter size-full wp-image-112492\" src=\"https:\/\/senoticias.com.br\/se\/wp-content\/uploads\/2018\/04\/Logomarca-fone-SE-4-2-1-1.jpg\" alt=\"\" width=\"599\" height=\"78\" srcset=\"https:\/\/senoticias.com.br\/se\/wp-content\/uploads\/2018\/04\/Logomarca-fone-SE-4-2-1-1.jpg 599w, https:\/\/senoticias.com.br\/se\/wp-content\/uploads\/2018\/04\/Logomarca-fone-SE-4-2-1-1-300x39.jpg 300w\" sizes=\"(max-width: 599px) 100vw, 599px\" \/><\/a><\/p>\n","protected":false},"excerpt":{"rendered":"<p>Na manh\u00e3 ter\u00e7a-feira (24), a Secretaria de Seguran\u00e7a P\u00fablica de Sergipe (SSP\/SE) apresentou a equipe que vai participar da interven\u00e7\u00e3o administrativa imediata no Instituto de Identifica\u00e7\u00e3o de Sergipe. A determina\u00e7\u00e3o foi realizada secret\u00e1rio da SSP, Jo\u00e3o Eloy, que destacou a delegada Mayra Evangelista para coordenar os trabalhos. Segundo a SSP, a decis\u00e3o pretende modificar o [&hellip;]<\/p>\n","protected":false},"author":6554,"featured_media":112507,"comment_status":"closed","ping_status":"closed","sticky":false,"template":"","format":"standard","meta":{"footnotes":""},"categories":[7],"tags":[9576],"class_list":{"0":"post-112506","1":"post","2":"type-post","3":"status-publish","4":"format-standard","5":"has-post-thumbnail","7":"category-policia","8":"tag-ssp-apresenta-equipe-que-vai-realizar-intervencao-no-instituto-de-identificacao-de-sergipe"},"_links":{"self":[{"href":"https:\/\/senoticias.com.br\/se\/wp-json\/wp\/v2\/posts\/112506"}],"collection":[{"href":"https:\/\/senoticias.com.br\/se\/wp-json\/wp\/v2\/posts"}],"about":[{"href":"https:\/\/senoticias.com.br\/se\/wp-json\/wp\/v2\/types\/post"}],"author":[{"embeddable":true,"href":"https:\/\/senoticias.com.br\/se\/wp-json\/wp\/v2\/users\/6554"}],"replies":[{"embeddable":true,"href":"https:\/\/senoticias.com.br\/se\/wp-json\/wp\/v2\/comments?post=112506"}],"version-history":[{"count":0,"href":"https:\/\/senoticias.com.br\/se\/wp-json\/wp\/v2\/posts\/112506\/revisions"}],"wp:featuredmedia":[{"embeddable":true,"href":"https:\/\/senoticias.com.br\/se\/wp-json\/wp\/v2\/media\/112507"}],"wp:attachment":[{"href":"https:\/\/senoticias.com.br\/se\/wp-json\/wp\/v2\/media?parent=112506"}],"wp:term":[{"taxonomy":"category","embeddable":true,"href":"https:\/\/senoticias.com.br\/se\/wp-json\/wp\/v2\/categories?post=112506"},{"taxonomy":"post_tag","embeddable":true,"href":"https:\/\/senoticias.com.br\/se\/wp-json\/wp\/v2\/tags?post=112506"}],"curies":[{"name":"wp","href":"https:\/\/api.w.org\/{rel}","templated":true}]}}