{"id":112490,"date":"2018-04-24T07:43:22","date_gmt":"2018-04-24T10:43:22","guid":{"rendered":"https:\/\/senoticias.com.br\/se\/?p=112490"},"modified":"2018-04-24T07:46:09","modified_gmt":"2018-04-24T10:46:09","slug":"xande-e-devinho-novaes-atrai-multidao-na-1o-festa-do-vaqueiro-de-laranjeiras","status":"publish","type":"post","link":"https:\/\/senoticias.com.br\/se\/xande-e-devinho-novaes-atrai-multidao-na-1o-festa-do-vaqueiro-de-laranjeiras\/","title":{"rendered":"Festa do Vaqueiro atrai  multid\u00e3o em Laranjeiras"},"content":{"rendered":"<p style=\"text-align: justify;\">Aconteceu neste domingo, 22, um dos eventos mais aguardados do estado de Sergipe, a 1\u00ba Festa do Vaqueiro de Laranjeiras. Com a presen\u00e7a maci\u00e7a de cavaleiros, amazonas e carroceiros, o desfile foi um grande sucesso e bateu recorde de p\u00fablico.<\/p>\n<div id=\"attachment_112491\" style=\"width: 609px\" class=\"wp-caption aligncenter\"><a href=\"https:\/\/senoticias.com.br\/se\/wp-content\/uploads\/2018\/04\/Cavaleiros-e-amazonas-acompanham-a-Festa-e1524566419841.jpg\"><img loading=\"lazy\" decoding=\"async\" aria-describedby=\"caption-attachment-112491\" class=\"size-full wp-image-112491\" src=\"https:\/\/senoticias.com.br\/se\/wp-content\/uploads\/2018\/04\/Cavaleiros-e-amazonas-acompanham-a-Festa-e1524566419841.jpg\" alt=\"\" width=\"599\" height=\"411\" \/><\/a><p id=\"caption-attachment-112491\" class=\"wp-caption-text\">Festa atraiu multid\u00e3o em Laranjeiras (foto: Acr\u00edsio Siqueira\/PML)<\/p><\/div>\n<p style=\"text-align: justify;\">As comitivas e cavaleiros foram conduzidos e embalados pelo cantor sergipano, Devinho Novaes. Desde a concentra\u00e7\u00e3o, no povoado Bom Jesus, j\u00e1 se via a grande quantidade de participantes at\u00e9 a sua finaliza\u00e7\u00e3o no conjunto Manoel do Prado Franco. Foi surpreendente, a participa\u00e7\u00e3o de mulheres e crian\u00e7as montadas em cavalos, p\u00f4neis, carro\u00e7as e charretes e at\u00e9 em um trenzinho puxado por um trator, mostrando o quanto a cultura da cavalgada \u00e9 forte no munic\u00edpio.<\/p>\n<p style=\"text-align: justify;\">Outro ponto forte do evento foi a grande participa\u00e7\u00e3o da popula\u00e7\u00e3o que foi assistir ao desfile nas avenidas da cidade, mostrando o carinho e o respeito por esta cultura que cresce a cada dia. \u201cFizemos hist\u00f3ria, hoje posso afirmar que a festa do vaqueiro de Laranjeiras \u00e9 uma das maiores de Sergipe, e, no pr\u00f3ximo ano iremos aperfei\u00e7oar ainda mais. Confesso que ficamos surpreendido com a quantidade de cavaleiros, amazonas e pessoas que acompanharam a p\u00e9 todo o percurso da cavalgada. Agrade\u00e7o a todos que estiveram presentes, vieram com suas fam\u00edlias e fizeram hist\u00f3ria conosco \u00e9 Laranjeiras resgatando suas tradi\u00e7\u00f5es e encantos\u201d, comentou o prefeito do munic\u00edpio, Paulo Hagenbeck.<\/p>\n<p style=\"text-align: justify;\">O evento movimentou o comercio no munic\u00edpio, \u201cdesde o pequeno ambulante comercializando suas bebidas e comidas, at\u00e9 os comerciantes que abriram seus bares, mercearias e supermercados durante o dia inteiro para vender seus produtos. Este evento \u00e9 uma das formas da administra\u00e7\u00e3o fortalecer o turismo da cidade\u201d, diz entusiasmado o secret\u00e1rio do turismo do munic\u00edpio, Jorge Barros. A festa foi finalizada na Pra\u00e7a de Eventos do munic\u00edpio, ap\u00f3s os shows dos cantores: Tayrone, Xande e Mano Walter.<\/p>\n<p>&nbsp;<\/p>\n<p><a href=\"https:\/\/senoticias.com.br\/se\/wp-content\/uploads\/2018\/04\/Logomarca-fone-SE-4-2-1-1.jpg\"><img loading=\"lazy\" decoding=\"async\" class=\"aligncenter size-full wp-image-112492\" src=\"https:\/\/senoticias.com.br\/se\/wp-content\/uploads\/2018\/04\/Logomarca-fone-SE-4-2-1-1.jpg\" alt=\"\" width=\"599\" height=\"78\" srcset=\"https:\/\/senoticias.com.br\/se\/wp-content\/uploads\/2018\/04\/Logomarca-fone-SE-4-2-1-1.jpg 599w, https:\/\/senoticias.com.br\/se\/wp-content\/uploads\/2018\/04\/Logomarca-fone-SE-4-2-1-1-300x39.jpg 300w\" sizes=\"(max-width: 599px) 100vw, 599px\" \/><\/a><\/p>\n<p>&nbsp;<\/p>\n<p><em><strong>Acompanhe tamb\u00e9m o SE Not\u00edcias no<\/strong><span class=\"apple-converted-space\"><b>\u00a0<\/b><\/span><a href=\"https:\/\/twitter.com\/Senoticias\" target=\"_blank\" rel=\"noopener\"><b>Twitter<\/b><\/a><strong>,<\/strong><span class=\"apple-converted-space\"><b>\u00a0<\/b><\/span><a href=\"https:\/\/www.facebook.com\/senoticias1\" target=\"_blank\" rel=\"noopener\"><b>Facebook<\/b><span class=\"apple-converted-space\"><b>\u00a0<\/b><\/span><\/a><strong>e no<\/strong><span class=\"apple-converted-space\"><b>\u00a0<\/b><\/span><a href=\"https:\/\/www.instagram.com\/senoticias\/\" target=\"_blank\" rel=\"noopener\"><b>Instagram<\/b><\/a><\/em><\/p>\n<p><em>Texto: Casandra Teodoro<\/em><\/p>\n","protected":false},"excerpt":{"rendered":"<p>Aconteceu neste domingo, 22, um dos eventos mais aguardados do estado de Sergipe, a 1\u00ba Festa do Vaqueiro de Laranjeiras. Com a presen\u00e7a maci\u00e7a de cavaleiros, amazonas e carroceiros, o desfile foi um grande sucesso e bateu recorde de p\u00fablico. As comitivas e cavaleiros foram conduzidos e embalados pelo cantor sergipano, Devinho Novaes. Desde a [&hellip;]<\/p>\n","protected":false},"author":6552,"featured_media":112491,"comment_status":"closed","ping_status":"closed","sticky":false,"template":"","format":"standard","meta":{"footnotes":""},"categories":[15],"tags":[9570,3329],"class_list":{"0":"post-112490","1":"post","2":"type-post","3":"status-publish","4":"format-standard","5":"has-post-thumbnail","7":"category-destaques","8":"tag-1o-festa-do-vaqueiro-de-laranjeiras","9":"tag-paulo-hagenbeck"},"_links":{"self":[{"href":"https:\/\/senoticias.com.br\/se\/wp-json\/wp\/v2\/posts\/112490"}],"collection":[{"href":"https:\/\/senoticias.com.br\/se\/wp-json\/wp\/v2\/posts"}],"about":[{"href":"https:\/\/senoticias.com.br\/se\/wp-json\/wp\/v2\/types\/post"}],"author":[{"embeddable":true,"href":"https:\/\/senoticias.com.br\/se\/wp-json\/wp\/v2\/users\/6552"}],"replies":[{"embeddable":true,"href":"https:\/\/senoticias.com.br\/se\/wp-json\/wp\/v2\/comments?post=112490"}],"version-history":[{"count":0,"href":"https:\/\/senoticias.com.br\/se\/wp-json\/wp\/v2\/posts\/112490\/revisions"}],"wp:featuredmedia":[{"embeddable":true,"href":"https:\/\/senoticias.com.br\/se\/wp-json\/wp\/v2\/media\/112491"}],"wp:attachment":[{"href":"https:\/\/senoticias.com.br\/se\/wp-json\/wp\/v2\/media?parent=112490"}],"wp:term":[{"taxonomy":"category","embeddable":true,"href":"https:\/\/senoticias.com.br\/se\/wp-json\/wp\/v2\/categories?post=112490"},{"taxonomy":"post_tag","embeddable":true,"href":"https:\/\/senoticias.com.br\/se\/wp-json\/wp\/v2\/tags?post=112490"}],"curies":[{"name":"wp","href":"https:\/\/api.w.org\/{rel}","templated":true}]}}