{"id":112466,"date":"2018-04-23T12:29:02","date_gmt":"2018-04-23T15:29:02","guid":{"rendered":"https:\/\/senoticias.com.br\/se\/?p=112466"},"modified":"2018-04-23T12:29:48","modified_gmt":"2018-04-23T15:29:48","slug":"deputado-se-diz-arrependido-e-pede-desculpas-por-ter-votado-no-ex-governador-jackson-barreto","status":"publish","type":"post","link":"https:\/\/senoticias.com.br\/se\/deputado-se-diz-arrependido-e-pede-desculpas-por-ter-votado-no-ex-governador-jackson-barreto\/","title":{"rendered":"Deputado se diz arrependido e pede desculpas por ter votado no ex-governador Jackson Barreto"},"content":{"rendered":"<p>&nbsp;<\/p>\n<p style=\"text-align: justify;\">Na manh\u00e3 do \u00faltimo s\u00e1bado, 21 de abril, o deputado Luciano Pimentel (PSB)concedeu uma entrevista \u00e0 r\u00e1dio Caueira FM, da cidade de Itaporanga D\u2019Ajuda, onde fez declara\u00e7\u00f5es pol\u00eamicas sobre o ex-governador Jackson Barreto (MDB). As declara\u00e7\u00f5es foram feitas no programa <strong>Espa\u00e7o Aberto<\/strong>, comandado por ele mesmo e S\u00e9rgio Sobral, das 7h \u00e1s 10h.<\/p>\n<div id=\"attachment_101541\" style=\"width: 590px\" class=\"wp-caption aligncenter\"><a href=\"https:\/\/senoticias.com.br\/se\/wp-content\/uploads\/2017\/03\/Luciano-Pimentel-1-e1489532327385.jpg\"><img loading=\"lazy\" decoding=\"async\" aria-describedby=\"caption-attachment-101541\" class=\"size-full wp-image-101541\" src=\"https:\/\/senoticias.com.br\/se\/wp-content\/uploads\/2017\/03\/Luciano-Pimentel-1-e1489532327385.jpg\" alt=\"\" width=\"580\" height=\"385\" \/><\/a><p id=\"caption-attachment-101541\" class=\"wp-caption-text\">Deputado Luciano Pimentel se diz arrependido e pede desculpas por ter votado no ex-governador Jackson Barreto (foto: Jad\u00edlson Sim\u00f5es)<\/p><\/div>\n<p style=\"text-align: justify;\">Apesar de ter participado da bancada de Jackson Barreto nas elei\u00e7\u00f5es de 2014 e de ter dito publicamente que votou no ex-governador, Luciano Pimentel pediu desculpas \u00e0 sociedade. \u201cEu pe\u00e7o desculpas \u00e0 sociedade hoje por ter votado em Jackson Barreto. Votei e pe\u00e7o desculpas por ter votado. Foi um governo do atraso, um governo que n\u00e3o realizou absolutamente nada para o Estado de Sergipe e hoje n\u00f3s encontramos o estado no caos que est\u00e1. N\u00e3o tem um projeto novo, n\u00e3o tem nada de investimento que venha a curto, m\u00e9dio e at\u00e9 a longo prazo vislumbrar uma melhoria\u201d, disse.<\/p>\n<p style=\"text-align: justify;\">Luciano Pimentel disse ainda que Jackson \u00e9 um excelente pol\u00edtico mas um p\u00e9ssimo gestor. \u201cFaltou planejamento, mas para ter um planejamento \u00e9 preciso ter um conhecimento e ele n\u00e3o tem conhecimento. Ele \u00e9 um excelente pol\u00edtico, mas um p\u00e9ssimo gestor. Mas \u00e0s vezes, o que n\u00f3s fazemos? \u00c0s vezes n\u00f3s escolhemos um bom pol\u00edtico pra ser gestor. A\u00ed ele \u00e9 um bom pol\u00edtico, ele agrada todo mundo, d\u00e1 tapinha nas costas de todo mundo, faz aquele trabalhosinho social, visita aqui, n\u00e3o perde um vel\u00f3rio, batizado de boneca. T\u00e1 ali. Ent\u00e3o agrega as pessoas e quando chega numa elei\u00e7\u00e3o pra governador, pra prefeito, uma pessoa dessa se elege. Mas chega no executivo e n\u00e3o sabe fazer nada. Nunca dirigiu nada, n\u00e3o tem nenhum curso de gest\u00e3o. A\u00ed o que acontece? N\u00e3o contribui, o munic\u00edpio n\u00e3o cresce, n\u00e3o se desenvolve, reduz o n\u00famero de empregos\u201d, conclui.<\/p>\n<p>&nbsp;<\/p>\n<p><a href=\"https:\/\/senoticias.com.br\/se\/wp-content\/uploads\/2018\/04\/Logomarca-fone-SE-4-2-1.jpg\"><img loading=\"lazy\" decoding=\"async\" class=\"aligncenter size-full wp-image-112080\" src=\"https:\/\/senoticias.com.br\/se\/wp-content\/uploads\/2018\/04\/Logomarca-fone-SE-4-2-1.jpg\" alt=\"\" width=\"599\" height=\"78\" srcset=\"https:\/\/senoticias.com.br\/se\/wp-content\/uploads\/2018\/04\/Logomarca-fone-SE-4-2-1.jpg 599w, https:\/\/senoticias.com.br\/se\/wp-content\/uploads\/2018\/04\/Logomarca-fone-SE-4-2-1-300x39.jpg 300w\" sizes=\"(max-width: 599px) 100vw, 599px\" \/><\/a><\/p>\n<p>&nbsp;<\/p>\n<p><em><strong>Acompanhe tamb\u00e9m o SE Not\u00edcias no<\/strong><span class=\"apple-converted-space\"><b>\u00a0<\/b><\/span><a href=\"https:\/\/twitter.com\/Senoticias\" target=\"_blank\" rel=\"noopener\"><b>Twitter<\/b><\/a><strong>,<\/strong><span class=\"apple-converted-space\"><b>\u00a0<\/b><\/span><a href=\"https:\/\/www.facebook.com\/senoticias1\" target=\"_blank\" rel=\"noopener\"><b>Facebook<\/b><span class=\"apple-converted-space\"><b>\u00a0<\/b><\/span><\/a><strong>e no<\/strong><span class=\"apple-converted-space\"><b>\u00a0<\/b><\/span><a href=\"https:\/\/www.instagram.com\/senoticias\/\" target=\"_blank\" rel=\"noopener\"><b>Instagram<\/b><\/a><\/em><\/p>\n<p><em>Reda\u00e7\u00e3o SE Not\u00edcias<\/em><\/p>\n","protected":false},"excerpt":{"rendered":"<p>&nbsp; Na manh\u00e3 do \u00faltimo s\u00e1bado, 21 de abril, o deputado Luciano Pimentel (PSB)concedeu uma entrevista \u00e0 r\u00e1dio Caueira FM, da cidade de Itaporanga D\u2019Ajuda, onde fez declara\u00e7\u00f5es pol\u00eamicas sobre o ex-governador Jackson Barreto (MDB). As declara\u00e7\u00f5es foram feitas no programa Espa\u00e7o Aberto, comandado por ele mesmo e S\u00e9rgio Sobral, das 7h \u00e1s 10h. Apesar [&hellip;]<\/p>\n","protected":false},"author":6552,"featured_media":101541,"comment_status":"closed","ping_status":"closed","sticky":false,"template":"","format":"standard","meta":{"footnotes":""},"categories":[6],"tags":[9556,9297,9296],"class_list":{"0":"post-112466","1":"post","2":"type-post","3":"status-publish","4":"format-standard","5":"has-post-thumbnail","7":"category-politica","8":"tag-caueira-fm","9":"tag-deputado-luciano-pimentel","10":"tag-luciano-pimentel"},"_links":{"self":[{"href":"https:\/\/senoticias.com.br\/se\/wp-json\/wp\/v2\/posts\/112466"}],"collection":[{"href":"https:\/\/senoticias.com.br\/se\/wp-json\/wp\/v2\/posts"}],"about":[{"href":"https:\/\/senoticias.com.br\/se\/wp-json\/wp\/v2\/types\/post"}],"author":[{"embeddable":true,"href":"https:\/\/senoticias.com.br\/se\/wp-json\/wp\/v2\/users\/6552"}],"replies":[{"embeddable":true,"href":"https:\/\/senoticias.com.br\/se\/wp-json\/wp\/v2\/comments?post=112466"}],"version-history":[{"count":0,"href":"https:\/\/senoticias.com.br\/se\/wp-json\/wp\/v2\/posts\/112466\/revisions"}],"wp:featuredmedia":[{"embeddable":true,"href":"https:\/\/senoticias.com.br\/se\/wp-json\/wp\/v2\/media\/101541"}],"wp:attachment":[{"href":"https:\/\/senoticias.com.br\/se\/wp-json\/wp\/v2\/media?parent=112466"}],"wp:term":[{"taxonomy":"category","embeddable":true,"href":"https:\/\/senoticias.com.br\/se\/wp-json\/wp\/v2\/categories?post=112466"},{"taxonomy":"post_tag","embeddable":true,"href":"https:\/\/senoticias.com.br\/se\/wp-json\/wp\/v2\/tags?post=112466"}],"curies":[{"name":"wp","href":"https:\/\/api.w.org\/{rel}","templated":true}]}}