{"id":112450,"date":"2018-04-22T16:00:32","date_gmt":"2018-04-22T19:00:32","guid":{"rendered":"https:\/\/senoticias.com.br\/se\/?p=112450"},"modified":"2018-04-22T16:03:41","modified_gmt":"2018-04-22T19:03:41","slug":"sem-consenso-camara-discute-reforma-do-codigo-de-processo-penal","status":"publish","type":"post","link":"https:\/\/senoticias.com.br\/se\/sem-consenso-camara-discute-reforma-do-codigo-de-processo-penal\/","title":{"rendered":"Sem consenso, C\u00e2mara discute reforma do C\u00f3digo de Processo Penal"},"content":{"rendered":"<p style=\"text-align: justify;\">Aprovada no Senado em 2010, a reforma do\u00a0<strong>C\u00f3digo de Processo Penal<\/strong>\u00a0voltou \u00e0 discuss\u00e3o na\u00a0<a href=\"https:\/\/veja.abril.com.br\/noticias-sobre\/camara-dos-deputados\/\"><strong>C\u00e2mara dos Deputados<\/strong><\/a>\u00a0e pode ser votada na comiss\u00e3o especial ainda este semestre. Nesta semana, o relator-geral do texto,\u00a0<strong>deputado Jo\u00e3o Campos<\/strong>\u00a0(PRB-GO), apresentou o que considera ser a primeira vers\u00e3o do seu relat\u00f3rio para balizar o debate. Pela proposta, o tempo m\u00e1ximo de pris\u00e3o preventiva passar\u00e1 para tr\u00eas anos e meio, atualmente \u00e9 indeterminado. Tamb\u00e9m estabelece prazo para a realiza\u00e7\u00e3o de intercepta\u00e7\u00f5es telef\u00f4nicas \u2013 de 60 dias prorrog\u00e1veis para at\u00e9 360. Outra mudan\u00e7a estabelece que os embargos de declara\u00e7\u00e3o, recurso que pede esclarecimentos sobre uma decis\u00e3o judicial, poder\u00e3o ser apresentados apenas uma vez.<\/p>\n<div id=\"attachment_112451\" style=\"width: 609px\" class=\"wp-caption aligncenter\"><a href=\"https:\/\/senoticias.com.br\/se\/wp-content\/uploads\/2018\/04\/joao-campos-original3-e1524423289549.jpeg\"><img loading=\"lazy\" decoding=\"async\" aria-describedby=\"caption-attachment-112451\" class=\"size-full wp-image-112451\" src=\"https:\/\/senoticias.com.br\/se\/wp-content\/uploads\/2018\/04\/joao-campos-original3-e1524423289549.jpeg\" alt=\"\" width=\"599\" height=\"399\" \/><\/a><p id=\"caption-attachment-112451\" class=\"wp-caption-text\">Deputado Jo\u00e3o Campos PRB-GO (foto: Lula Lopes\/Ag\u00eancia C\u00e2mara)<\/p><\/div>\n<p style=\"text-align: justify;\">Jo\u00e3o Campos prop\u00f5e tamb\u00e9m que a execu\u00e7\u00e3o da pena s\u00f3 poder\u00e1 come\u00e7ar ap\u00f3s decis\u00f5es colegiadas de tribunais de Justi\u00e7a, deixando claro que n\u00e3o seria necess\u00e1rio esperar at\u00e9 o \u00faltimo recurso em tribunais superiores. Este trecho \u00e9 interpretado, por seus defensores, como um refor\u00e7o ao entendimento do\u00a0<a href=\"https:\/\/veja.abril.com.br\/noticias-sobre\/supremo-tribunal-federal\/\"><strong>Supremo Tribunal Federal (STF)<\/strong><\/a>\u00a0para a pris\u00e3o ap\u00f3s condena\u00e7\u00e3o em segunda inst\u00e2ncia.<\/p>\n<p style=\"text-align: justify;\">A pr\u00f3xima reuni\u00e3o da comiss\u00e3o especial est\u00e1 prevista para ter\u00e7a-feira, dia 24. O relator deve ler o texto definitivo para que o parecer seja divulgado no fim deste m\u00eas. Em seguida, ser\u00e1 colocado em discuss\u00e3o e vota\u00e7\u00e3o. No entanto, a vota\u00e7\u00e3o em plen\u00e1rio s\u00f3 deve ocorrer no segundo semestre.<\/p>\n<p>&nbsp;<\/p>\n<p><a href=\"https:\/\/senoticias.com.br\/se\/wp-content\/uploads\/2018\/04\/Logomarca-fone-SE-4-2-1.jpg\"><img loading=\"lazy\" decoding=\"async\" class=\"aligncenter size-full wp-image-112080\" src=\"https:\/\/senoticias.com.br\/se\/wp-content\/uploads\/2018\/04\/Logomarca-fone-SE-4-2-1.jpg\" alt=\"\" width=\"599\" height=\"78\" srcset=\"https:\/\/senoticias.com.br\/se\/wp-content\/uploads\/2018\/04\/Logomarca-fone-SE-4-2-1.jpg 599w, https:\/\/senoticias.com.br\/se\/wp-content\/uploads\/2018\/04\/Logomarca-fone-SE-4-2-1-300x39.jpg 300w\" sizes=\"(max-width: 599px) 100vw, 599px\" \/><\/a><\/p>\n<p>&nbsp;<\/p>\n<p><em><strong>Acompanhe tamb\u00e9m o SE Not\u00edcias no<\/strong><strong>\u00a0<\/strong><a href=\"https:\/\/twitter.com\/Senoticias\"><strong>Twitter<\/strong><\/a><strong>,<\/strong><strong>\u00a0<\/strong><a href=\"https:\/\/www.facebook.com\/senoticias1\"><strong>Facebook<\/strong><strong>\u00a0<\/strong><\/a><strong>e no<\/strong><strong>\u00a0<\/strong><a href=\"https:\/\/www.instagram.com\/senoticias\/\"><strong>Instagram<\/strong><\/a><\/em><\/p>\n<p>&nbsp;<\/p>\n<p><em>Por Ag\u00eancia Brasil<\/em><\/p>\n<p>&nbsp;<\/p>\n","protected":false},"excerpt":{"rendered":"<p>Aprovada no Senado em 2010, a reforma do\u00a0C\u00f3digo de Processo Penal\u00a0voltou \u00e0 discuss\u00e3o na\u00a0C\u00e2mara dos Deputados\u00a0e pode ser votada na comiss\u00e3o especial ainda este semestre. Nesta semana, o relator-geral do texto,\u00a0deputado Jo\u00e3o Campos\u00a0(PRB-GO), apresentou o que considera ser a primeira vers\u00e3o do seu relat\u00f3rio para balizar o debate. Pela proposta, o tempo m\u00e1ximo de pris\u00e3o [&hellip;]<\/p>\n","protected":false},"author":6552,"featured_media":112451,"comment_status":"closed","ping_status":"closed","sticky":false,"template":"","format":"standard","meta":{"footnotes":""},"categories":[15,2961],"tags":[9542,9540,9541,9543],"class_list":{"0":"post-112450","1":"post","2":"type-post","3":"status-publish","4":"format-standard","5":"has-post-thumbnail","7":"category-destaques","8":"category-nacional","9":"tag-agencia-camara","10":"tag-codigo-de-processo-penal","11":"tag-deputado-joao-campos","12":"tag-relator-geral"},"_links":{"self":[{"href":"https:\/\/senoticias.com.br\/se\/wp-json\/wp\/v2\/posts\/112450"}],"collection":[{"href":"https:\/\/senoticias.com.br\/se\/wp-json\/wp\/v2\/posts"}],"about":[{"href":"https:\/\/senoticias.com.br\/se\/wp-json\/wp\/v2\/types\/post"}],"author":[{"embeddable":true,"href":"https:\/\/senoticias.com.br\/se\/wp-json\/wp\/v2\/users\/6552"}],"replies":[{"embeddable":true,"href":"https:\/\/senoticias.com.br\/se\/wp-json\/wp\/v2\/comments?post=112450"}],"version-history":[{"count":0,"href":"https:\/\/senoticias.com.br\/se\/wp-json\/wp\/v2\/posts\/112450\/revisions"}],"wp:featuredmedia":[{"embeddable":true,"href":"https:\/\/senoticias.com.br\/se\/wp-json\/wp\/v2\/media\/112451"}],"wp:attachment":[{"href":"https:\/\/senoticias.com.br\/se\/wp-json\/wp\/v2\/media?parent=112450"}],"wp:term":[{"taxonomy":"category","embeddable":true,"href":"https:\/\/senoticias.com.br\/se\/wp-json\/wp\/v2\/categories?post=112450"},{"taxonomy":"post_tag","embeddable":true,"href":"https:\/\/senoticias.com.br\/se\/wp-json\/wp\/v2\/tags?post=112450"}],"curies":[{"name":"wp","href":"https:\/\/api.w.org\/{rel}","templated":true}]}}