{"id":112446,"date":"2018-04-22T15:12:55","date_gmt":"2018-04-22T18:12:55","guid":{"rendered":"https:\/\/senoticias.com.br\/se\/?p=112446"},"modified":"2018-04-22T15:53:00","modified_gmt":"2018-04-22T18:53:00","slug":"gleici-volta-a-bairro-onde-morava-na-periferia-e-e-recebida-com-festa-em-rio-branco","status":"publish","type":"post","link":"https:\/\/senoticias.com.br\/se\/gleici-volta-a-bairro-onde-morava-na-periferia-e-e-recebida-com-festa-em-rio-branco\/","title":{"rendered":"Gleici volta a bairro onde morava na periferia e \u00e9 recebida com festa em Rio Branco"},"content":{"rendered":"<p style=\"text-align: justify;\">Debaixo de um sol forte, a campe\u00e3 do Big Brother Brasil 18, Gleici Damasceno, voltou ao bairro onde morava na periferia de Rio Branco e foi recebida por uma multid\u00e3o, neste domingo (22).<\/p>\n<p style=\"text-align: justify;\">Antes de seguir para a festa montada na pra\u00e7a Pl\u00e1cido de Castro, ela foi at\u00e9 a casa em que vivia com a fam\u00edlia.<\/p>\n<p style=\"text-align: justify;\">Emocionada, ela disse que respeita muito o carinho do p\u00fablico. \u201cEstamos lidando com sentimentos e as pessoas est\u00e3o gritando que me amam. Isso \u00e9 muito gratificante, tenho que ter muito cuidado com o sentimento e carinho das pessoas\u201d, disse.<\/p>\n<div id=\"attachment_112447\" style=\"width: 609px\" class=\"wp-caption aligncenter\"><a href=\"https:\/\/senoticias.com.br\/se\/wp-content\/uploads\/2018\/04\/Gleici-BBB-SENOTICIAS-e1524420608103.jpg\"><img loading=\"lazy\" decoding=\"async\" aria-describedby=\"caption-attachment-112447\" class=\"size-full wp-image-112447\" src=\"https:\/\/senoticias.com.br\/se\/wp-content\/uploads\/2018\/04\/Gleici-BBB-SENOTICIAS-e1524420608103.jpg\" alt=\"\" width=\"599\" height=\"449\" \/><\/a><p id=\"caption-attachment-112447\" class=\"wp-caption-text\">Gleici foi recebida por uma multid\u00e3o no bairro que morava com a fam\u00edlia (foto: Aline Nascimento\/G1)<\/p><\/div>\n<p style=\"text-align: justify;\">Ap\u00f3s quase 90 dias confinada, Gleici venceu o reality com 57,28% dos votos. Ela chegou ao Acre na noite deste s\u00e1bado (21) com o namorado Wagner Santiago, com quem iniciou o relacionamento dentro da casa do BBB.<\/p>\n<p style=\"text-align: justify;\">A acreana disputava o pr\u00eamio com o s\u00edrio Kaysar e a fam\u00edlia Lima (Ana Clara e Ayrton). Por causa do fuso hor\u00e1rio (atrasado em duas horas em rela\u00e7\u00e3o a Bras\u00edlia), a programa\u00e7\u00e3o da emissora chegou a ser alterada, para que o programa fosse exibido ao vivo no estado.<\/p>\n<div id=\"attachment_112448\" style=\"width: 609px\" class=\"wp-caption aligncenter\"><a href=\"https:\/\/senoticias.com.br\/se\/wp-content\/uploads\/2018\/04\/gleici-e1524420873559.jpeg\"><img loading=\"lazy\" decoding=\"async\" aria-describedby=\"caption-attachment-112448\" class=\"size-full wp-image-112448\" src=\"https:\/\/senoticias.com.br\/se\/wp-content\/uploads\/2018\/04\/gleici-e1524420873559.jpeg\" alt=\"\" width=\"599\" height=\"798\" \/><\/a><p id=\"caption-attachment-112448\" class=\"wp-caption-text\">Gleici \u00e9 campe\u00e3 do &#8220;BBB18&#8221; (foto: Reprodu\u00e7\u00e3o\/Twitter)<\/p><\/div>\n<p style=\"text-align: justify;\">Gleici vem de uma fam\u00edlia humilde que vive na periferia da capital. Ela tem dois irm\u00e3os, 15 tias e 50 primos, e \u00e9 a \u00fanica deles a ter conclu\u00eddo o ensino m\u00e9dio e a fazer curso superior. Ela tamb\u00e9m \u00e9 militante dos direitos humanos e da juventude negra.<\/p>\n<p style=\"text-align: justify;\">A costureira Miriam Miranda, de 41 anos, \u00e9 vizinha da Gleici e estava ansiosa para v\u00ea-la. Ela conta que costumava a consertar roupas da sister.<\/p>\n<p style=\"text-align: justify;\">A acreana disputava o pr\u00eamio com o s\u00edrio Kaysar e a fam\u00edlia Lima (Ana Clara e Ayrton). Por causa do fuso hor\u00e1rio (atrasado em duas horas em rela\u00e7\u00e3o a Bras\u00edlia), a programa\u00e7\u00e3o da emissora chegou a ser alterada, para que o programa fosse exibido ao vivo no estado.<\/p>\n<p style=\"text-align: justify;\">Gleici vem de uma fam\u00edlia humilde que vive na periferia da capital. Ela tem dois irm\u00e3os, 15 tias e 50 primos, e \u00e9 a \u00fanica deles a ter conclu\u00eddo o ensino m\u00e9dio e a fazer curso superior. Ela tamb\u00e9m \u00e9 militante dos direitos humanos e da juventude negra.<\/p>\n<p style=\"text-align: justify;\">A costureira Miriam Miranda, de 41 anos, \u00e9 vizinha da Gleici e estava ansiosa para v\u00ea-la. Ela conta que costumava a consertar roupas da sister.<\/p>\n<p><a href=\"https:\/\/senoticias.com.br\/se\/wp-content\/uploads\/2018\/04\/Logomarca-fone-SE-4-2-1.jpg\"><img loading=\"lazy\" decoding=\"async\" class=\"aligncenter size-full wp-image-112080\" src=\"https:\/\/senoticias.com.br\/se\/wp-content\/uploads\/2018\/04\/Logomarca-fone-SE-4-2-1.jpg\" alt=\"\" width=\"599\" height=\"78\" srcset=\"https:\/\/senoticias.com.br\/se\/wp-content\/uploads\/2018\/04\/Logomarca-fone-SE-4-2-1.jpg 599w, https:\/\/senoticias.com.br\/se\/wp-content\/uploads\/2018\/04\/Logomarca-fone-SE-4-2-1-300x39.jpg 300w\" sizes=\"(max-width: 599px) 100vw, 599px\" \/><\/a><\/p>\n<p>&nbsp;<\/p>\n<p><em><strong>Acompanhe tamb\u00e9m o SE Not\u00edcias no<\/strong><span class=\"apple-converted-space\"><b>\u00a0<\/b><\/span><a href=\"https:\/\/twitter.com\/Senoticias\" target=\"_blank\" rel=\"noopener\"><b>Twitter<\/b><\/a><strong>,<\/strong><span class=\"apple-converted-space\"><b>\u00a0<\/b><\/span><a href=\"https:\/\/www.facebook.com\/senoticias1\" target=\"_blank\" rel=\"noopener\"><b>Facebook<\/b><span class=\"apple-converted-space\"><b>\u00a0<\/b><\/span><\/a><strong>e no<\/strong><span class=\"apple-converted-space\"><b>\u00a0<\/b><\/span><a href=\"https:\/\/www.instagram.com\/senoticias\/\" target=\"_blank\" rel=\"noopener\"><b>Instagram<\/b><\/a><\/em><\/p>\n<p>&nbsp;<\/p>\n<p><em>Por Aline Nascimento, <a href=\"https:\/\/g1.globo.com\/ac\/acre\/noticia\/gleici-volta-a-bairro-onde-morava-na-periferia-e-e-recebida-com-festa-em-rio-branco.ghtml\"><strong>G1 AC<\/strong><\/a>, Rio Branco<\/em><\/p>\n<p>&nbsp;<\/p>\n","protected":false},"excerpt":{"rendered":"<p>Debaixo de um sol forte, a campe\u00e3 do Big Brother Brasil 18, Gleici Damasceno, voltou ao bairro onde morava na periferia de Rio Branco e foi recebida por uma multid\u00e3o, neste domingo (22). Antes de seguir para a festa montada na pra\u00e7a Pl\u00e1cido de Castro, ela foi at\u00e9 a casa em que vivia com a [&hellip;]<\/p>\n","protected":false},"author":6552,"featured_media":112448,"comment_status":"closed","ping_status":"closed","sticky":false,"template":"","format":"standard","meta":{"footnotes":""},"categories":[15,2961],"tags":[9107,9108,9537,9538,425,9539],"class_list":{"0":"post-112446","1":"post","2":"type-post","3":"status-publish","4":"format-standard","5":"has-post-thumbnail","7":"category-destaques","8":"category-nacional","9":"tag-bbb18","10":"tag-big-brother-brasil","11":"tag-gleici","12":"tag-gleici-damasceno","13":"tag-reality","14":"tag-rio-branco"},"_links":{"self":[{"href":"https:\/\/senoticias.com.br\/se\/wp-json\/wp\/v2\/posts\/112446"}],"collection":[{"href":"https:\/\/senoticias.com.br\/se\/wp-json\/wp\/v2\/posts"}],"about":[{"href":"https:\/\/senoticias.com.br\/se\/wp-json\/wp\/v2\/types\/post"}],"author":[{"embeddable":true,"href":"https:\/\/senoticias.com.br\/se\/wp-json\/wp\/v2\/users\/6552"}],"replies":[{"embeddable":true,"href":"https:\/\/senoticias.com.br\/se\/wp-json\/wp\/v2\/comments?post=112446"}],"version-history":[{"count":0,"href":"https:\/\/senoticias.com.br\/se\/wp-json\/wp\/v2\/posts\/112446\/revisions"}],"wp:featuredmedia":[{"embeddable":true,"href":"https:\/\/senoticias.com.br\/se\/wp-json\/wp\/v2\/media\/112448"}],"wp:attachment":[{"href":"https:\/\/senoticias.com.br\/se\/wp-json\/wp\/v2\/media?parent=112446"}],"wp:term":[{"taxonomy":"category","embeddable":true,"href":"https:\/\/senoticias.com.br\/se\/wp-json\/wp\/v2\/categories?post=112446"},{"taxonomy":"post_tag","embeddable":true,"href":"https:\/\/senoticias.com.br\/se\/wp-json\/wp\/v2\/tags?post=112446"}],"curies":[{"name":"wp","href":"https:\/\/api.w.org\/{rel}","templated":true}]}}