{"id":112416,"date":"2018-04-20T16:29:33","date_gmt":"2018-04-20T19:29:33","guid":{"rendered":"https:\/\/senoticias.com.br\/se\/?p=112416"},"modified":"2018-04-20T16:29:33","modified_gmt":"2018-04-20T19:29:33","slug":"homem-suspeito-de-clonar-veiculo-e-preso-pela-policia-civil-em-aracaju","status":"publish","type":"post","link":"https:\/\/senoticias.com.br\/se\/homem-suspeito-de-clonar-veiculo-e-preso-pela-policia-civil-em-aracaju\/","title":{"rendered":"Homem suspeito de clonar ve\u00edculo \u00e9 preso pela Pol\u00edcia Civil em Aracaju"},"content":{"rendered":"<p style=\"text-align: justify\"><span style=\"color: #000000\">Uma a\u00e7\u00e3o conjunta realizada nessa quinta-feira, 19, pelos investigadores do Departamento de Narc\u00f3ticos (Denarc) e da Divis\u00e3o de Combate a Roubos e Furtos de Ve\u00edculos (DRFV) resultou na pris\u00e3o do homem identificado como Michel Bier da Silva, 30 anos, pelo envolvimento no roubo do ve\u00edculo modelo Chevrolet Onix com placa clonada encontrado nas imedia\u00e7\u00f5es do terminal rodovi\u00e1rio Jos\u00e9 Rollemberg Leite (Rodovi\u00e1ria Nova). A pris\u00e3o do suspeito ocorreu no bairro Am\u00e9rica, zona Norte de Aracaju.<\/span><\/p>\n<div id=\"attachment_112344\" style=\"width: 609px\" class=\"wp-caption aligncenter\"><a href=\"https:\/\/senoticias.com.br\/se\/wp-content\/uploads\/2018\/04\/clone-SENOTICIAS-e1524076792892.jpg\"><img loading=\"lazy\" decoding=\"async\" aria-describedby=\"caption-attachment-112344\" class=\"wp-image-112344 size-full\" src=\"https:\/\/senoticias.com.br\/se\/wp-content\/uploads\/2018\/04\/clone-SENOTICIAS-e1524076792892.jpg\" alt=\"\" width=\"599\" height=\"375\" \/><\/a><p id=\"caption-attachment-112344\" class=\"wp-caption-text\">Imagem dos carros aparentemente iguais flagrado pelo propriet\u00e1rio de um deles. Foto: VC na TV Sergipe.<\/p><\/div>\n<p style=\"text-align: justify\"><span style=\"color: #000000\">Inicialmente os investigadores do Denarc receberam informa\u00e7\u00f5es de que o Michel e um outro comparsa estariam praticando fraudes no Estado de Alagoas, locando ve\u00edculos com documentos falsos e trazendo para Sergipe, onde venderiam por valores irris\u00f3rios, na modalidade conhecida popularmente como &#8220;pokemon&#8221;. Os agentes de seguran\u00e7a que j\u00e1 haviam certificado que Michel seria um dos envolvidos no roubo do ve\u00edculo receberam diversas den\u00fancias referente ao paradeiro do suspeito e passaram a monitorar Michel bem como o seu comparsa.<\/span><\/p>\n<p><a href=\"https:\/\/senoticias.com.br\/se\/veja-como-identificar-um-carro-clonado\/\"><strong><span style=\"color: #000000\">Leia mais: Saiba como identificar um carro clonado\u00a0<\/span><\/strong><\/a><\/p>\n<p style=\"text-align: justify\"><span style=\"color: #000000\">Por volta da tarde de ontem, as equipes confirmaram a localiza\u00e7\u00e3o dos suspeitos e durante a abordagem encontraram em poder de Michel um ve\u00edculo model Hyndai HB20 oriundo do Estado de Alagoas, ocasi\u00e3o em que durante a revista encontraram uma chave de ve\u00edculo Chevrolet. Desta forma, Michel foi conduzido ao DRFV onde foi confirmado que a chave encontrada pertencia de fato ao ve\u00edculo roubado no in\u00edcio do m\u00eas no Bairro Farol\u00e2ndia e que foi apreendido nessa ter\u00e7a-feira, 17.<\/span><\/p>\n<p style=\"text-align: justify\"><span style=\"color: #000000\">Foi realizado tamb\u00e9m reconhecimento pessoal, tendo a v\u00edtima reconhecido Michel como um dos autores do roubo, especificamente o que portava a arma de fogo no momento do assalto. De imediato foi requerida a pris\u00e3o preventiva ao Ju\u00edzo Plantonista, sendo a medida deferida regularmente.<\/span><\/p>\n<div id=\"attachment_112417\" style=\"width: 609px\" class=\"wp-caption aligncenter\"><a href=\"https:\/\/senoticias.com.br\/se\/wp-content\/uploads\/2018\/04\/suspeito-SENOTICIAS-e1524252519692.png\"><img loading=\"lazy\" decoding=\"async\" aria-describedby=\"caption-attachment-112417\" class=\"wp-image-112417 size-full\" src=\"https:\/\/senoticias.com.br\/se\/wp-content\/uploads\/2018\/04\/suspeito-SENOTICIAS-e1524252519692.png\" alt=\"\" width=\"599\" height=\"340\" \/><\/a><p id=\"caption-attachment-112417\" class=\"wp-caption-text\">Foto divulgada pela SSP<\/p><\/div>\n<p style=\"text-align: justify\"><span style=\"color: #000000\">O delegado Ildomar Rios, da Delegacia de Roubos e Furtos de Ve\u00edculos, relatou que as investiga\u00e7\u00f5es continuam, \u201c O inqu\u00e9rito policial ser\u00e1 conclu\u00eddo no tempo legal. Agora, com o indiciado preso, s\u00e3o dez dias contados a partir da pris\u00e3o. Ele ser\u00e1 indiciado pela pr\u00e1tica de roubo e de adultera\u00e7\u00e3o de sinal identificador de ve\u00edculo. Estamos tentando localizar o comparsa dele que est\u00e1 foragido, e esperamos prend\u00ea-lo nos pr\u00f3ximos dias, concluir o inqu\u00e9rito e remeter pra justi\u00e7a,\u201d concluiu.<\/span><\/p>\n<p style=\"text-align: justify\"><span style=\"color: #000000\">Michel est\u00e1 preso em uma das unidades da Pol\u00edcia Civil e a DRFV trabalha para localizar o outro autor, que est\u00e1 foragido onde verificou-se que este j\u00e1 havia sido preso algumas vezes por envolvimento com a a pr\u00e1tica de furto\/recepta\u00e7\u00e3o\/adultera\u00e7\u00e3o de ve\u00edculos. Qualquer informa\u00e7\u00e3o poder\u00e1 ser passada pelo aplicativo do Disque-Den\u00fancia ou por meio do 181.<\/span><\/p>\n<p>&nbsp;<\/p>\n<p><a href=\"https:\/\/senoticias.com.br\/se\/wp-content\/uploads\/2018\/04\/Logomarca-fone-SE-4-2-1.jpg\"><img loading=\"lazy\" decoding=\"async\" class=\"aligncenter wp-image-112080 size-full\" src=\"https:\/\/senoticias.com.br\/se\/wp-content\/uploads\/2018\/04\/Logomarca-fone-SE-4-2-1.jpg\" alt=\"\" width=\"599\" height=\"78\" srcset=\"https:\/\/senoticias.com.br\/se\/wp-content\/uploads\/2018\/04\/Logomarca-fone-SE-4-2-1.jpg 599w, https:\/\/senoticias.com.br\/se\/wp-content\/uploads\/2018\/04\/Logomarca-fone-SE-4-2-1-300x39.jpg 300w\" sizes=\"(max-width: 599px) 100vw, 599px\" \/><\/a><\/p>\n<p>Por SSP\/SE<\/p>\n","protected":false},"excerpt":{"rendered":"<p>Uma a\u00e7\u00e3o conjunta realizada nessa quinta-feira, 19, pelos investigadores do Departamento de Narc\u00f3ticos (Denarc) e da Divis\u00e3o de Combate a Roubos e Furtos de Ve\u00edculos (DRFV) resultou na pris\u00e3o do homem identificado como Michel Bier da Silva, 30 anos, pelo envolvimento no roubo do ve\u00edculo modelo Chevrolet Onix com placa clonada encontrado nas imedia\u00e7\u00f5es do [&hellip;]<\/p>\n","protected":false},"author":6553,"featured_media":0,"comment_status":"closed","ping_status":"closed","sticky":false,"template":"","format":"standard","meta":{"footnotes":""},"categories":[15,7],"tags":[339,2777,5450,9486,1303,223],"class_list":{"0":"post-112416","1":"post","2":"type-post","3":"status-publish","4":"format-standard","6":"category-destaques","7":"category-policia","8":"tag-aracaju","9":"tag-carro","10":"tag-civil","11":"tag-clone","12":"tag-policia","13":"tag-sergipe"},"_links":{"self":[{"href":"https:\/\/senoticias.com.br\/se\/wp-json\/wp\/v2\/posts\/112416"}],"collection":[{"href":"https:\/\/senoticias.com.br\/se\/wp-json\/wp\/v2\/posts"}],"about":[{"href":"https:\/\/senoticias.com.br\/se\/wp-json\/wp\/v2\/types\/post"}],"author":[{"embeddable":true,"href":"https:\/\/senoticias.com.br\/se\/wp-json\/wp\/v2\/users\/6553"}],"replies":[{"embeddable":true,"href":"https:\/\/senoticias.com.br\/se\/wp-json\/wp\/v2\/comments?post=112416"}],"version-history":[{"count":0,"href":"https:\/\/senoticias.com.br\/se\/wp-json\/wp\/v2\/posts\/112416\/revisions"}],"wp:attachment":[{"href":"https:\/\/senoticias.com.br\/se\/wp-json\/wp\/v2\/media?parent=112416"}],"wp:term":[{"taxonomy":"category","embeddable":true,"href":"https:\/\/senoticias.com.br\/se\/wp-json\/wp\/v2\/categories?post=112416"},{"taxonomy":"post_tag","embeddable":true,"href":"https:\/\/senoticias.com.br\/se\/wp-json\/wp\/v2\/tags?post=112416"}],"curies":[{"name":"wp","href":"https:\/\/api.w.org\/{rel}","templated":true}]}}