{"id":112405,"date":"2018-04-20T14:47:39","date_gmt":"2018-04-20T17:47:39","guid":{"rendered":"https:\/\/senoticias.com.br\/se\/?p=112405"},"modified":"2018-04-20T14:55:40","modified_gmt":"2018-04-20T17:55:40","slug":"suspeito-de-furtar-imoveis-de-luxo-na-capital-sergipana-e-preso-pela-policia-civil","status":"publish","type":"post","link":"https:\/\/senoticias.com.br\/se\/suspeito-de-furtar-imoveis-de-luxo-na-capital-sergipana-e-preso-pela-policia-civil\/","title":{"rendered":"Suspeito de furtar im\u00f3veis de luxo na capital sergipana \u00e9 preso pela Pol\u00edcia Civil"},"content":{"rendered":"<p style=\"font-weight: 400; text-align: justify;\">Equipes do Departamento de Crimes contra o Patrim\u00f4nio (Depatri) efetuaram na tarde dessa quinta-feira, 19, a pris\u00e3o de Mois\u00e9s Carneiro Sacramento, mais conhecido como \u201cJoalheiro\u201d, 42 anos, em cumprimento a mandado de pris\u00e3o preventiva. Ele \u00e9 acusado de praticar diversos furtos em im\u00f3veis de luxo, subtraindo objetos de alto valor, como j\u00f3ias e dinheiro. O criminoso foi preso na cidade de Milagres, na Bahia.<\/p>\n<div id=\"attachment_112408\" style=\"width: 609px\" class=\"wp-caption aligncenter\"><a href=\"https:\/\/senoticias.com.br\/se\/wp-content\/uploads\/2018\/04\/Joalheiro-senoticias.png\"><img loading=\"lazy\" decoding=\"async\" aria-describedby=\"caption-attachment-112408\" class=\"size-full wp-image-112408\" src=\"https:\/\/senoticias.com.br\/se\/wp-content\/uploads\/2018\/04\/Joalheiro-senoticias-e1524246256941.png\" alt=\"\" width=\"599\" height=\"708\" \/><\/a><p id=\"caption-attachment-112408\" class=\"wp-caption-text\">Mois\u00e9s Carneiro, mais conhecido como Joalheiro, foi preso pelas equipes do Depatri na cidade de Milagres\/BA (foto: SSP\/SE)<\/p><\/div>\n<p style=\"text-align: justify;\">Segundo o diretor do Depatri, delegado Thiago Leandro, o criminoso, natural da cidade de Feira de Santana\/BA, vinha a Aracaju j\u00e1 h\u00e1 quatro anos, para praticar furtos de alto valor. \u201cO Joalheiro, como foi apelidado, realizou dezenas de invas\u00f5es praticamente sem deixar rastros. Muito organizado, ele mantinha o local em ordem e sa\u00eda cruzando as cercas el\u00e9tricas sem chamar aten\u00e7\u00e3o, subtraindo apenas j\u00f3ias e dinheiro de casas de condom\u00ednios de alto padr\u00e3o na zona de expans\u00e3o de Aracaju\u201d, disse.<\/p>\n<p style=\"text-align: justify;\">De acordo com Thiago Leandro, Mois\u00e9s j\u00e1 vinha sendo investigado por outras unidades da Pol\u00edcia Civil pelos crimes praticados, mas sua contante mudan\u00e7a de endere\u00e7o dificultava a sua localiza\u00e7\u00e3o. \u201cEquipes do Cope, da Divis\u00e3o de Intelig\u00eancia, da 4\u00aa Delegacia Metropolitana e da Detur j\u00e1 haviam investigado o mesmo por tais crimes, mas sua mudan\u00e7a frequente e aus\u00eancia de endere\u00e7o impediam sua localiza\u00e7\u00e3o\u201d, salientou o diretor do Depatri.<\/p>\n<p style=\"font-weight: 400; text-align: justify;\">O delegado explicou ainda como foi poss\u00edvel confirmar a identidade do criminoso e sua localiza\u00e7\u00e3o: \u201cao iniciar as investiga\u00e7\u00f5es, desde 2017, as equipes do Depatri receberam alguns casos, e atrav\u00e9s de uma imagem parcial captada do autor numa das invas\u00f5es, foi poss\u00edvel concluir que de fato se tratava do Mois\u00e9s Sacramento, j\u00e1 preso anos atr\u00e1s na Bahia por fato semelhante. De posse de um \u00faltimo endere\u00e7o onde Mois\u00e9s passou uma temporada recente de furtos em Aracaju, nossas equipes perceberam que ele saiu \u00e0s pressas ap\u00f3s a divulga\u00e7\u00e3o de sua imagem na televis\u00e3o local. A vigil\u00e2ncia foi mantida no local desde ent\u00e3o, quando na madrugada de hoje ele enviou um ve\u00edculo para buscar os pertences que abandonou. Nossos policiais seguiram o ve\u00edculo at\u00e9 seu destino, localizando ent\u00e3o a casa onde Mois\u00e9s estava morando, em Milagres\/BA, a 435 quil\u00f4metros de Aracaju, efetuando a sua pris\u00e3o\u201d.<\/p>\n<p>Em depoimento j\u00e1 na sede do Depatri, Mois\u00e9s confessou os crimes, alegando que revendia as pe\u00e7as imediatamente para compradores de cidades diversas.<\/p>\n<p>&nbsp;<\/p>\n<p><a href=\"https:\/\/senoticias.com.br\/se\/wp-content\/uploads\/2018\/04\/Logomarca-fone-SE-4-2-1.jpg\"><img loading=\"lazy\" decoding=\"async\" class=\"aligncenter size-full wp-image-112080\" src=\"https:\/\/senoticias.com.br\/se\/wp-content\/uploads\/2018\/04\/Logomarca-fone-SE-4-2-1.jpg\" alt=\"\" width=\"599\" height=\"78\" srcset=\"https:\/\/senoticias.com.br\/se\/wp-content\/uploads\/2018\/04\/Logomarca-fone-SE-4-2-1.jpg 599w, https:\/\/senoticias.com.br\/se\/wp-content\/uploads\/2018\/04\/Logomarca-fone-SE-4-2-1-300x39.jpg 300w\" sizes=\"(max-width: 599px) 100vw, 599px\" \/><\/a><\/p>\n<p>&nbsp;<\/p>\n<p><em><strong>Acompanhe tamb\u00e9m o SE Not\u00edcias no<\/strong><span class=\"apple-converted-space\"><b>\u00a0<\/b><\/span><a href=\"https:\/\/twitter.com\/Senoticias\" target=\"_blank\" rel=\"noopener\"><b>Twitter<\/b><\/a><strong>,<\/strong><span class=\"apple-converted-space\"><b>\u00a0<\/b><\/span><a href=\"https:\/\/www.facebook.com\/senoticias1\" target=\"_blank\" rel=\"noopener\"><b>Facebook<\/b><span class=\"apple-converted-space\"><b>\u00a0<\/b><\/span><\/a><strong>e no<\/strong><span class=\"apple-converted-space\"><b>\u00a0<\/b><\/span><a href=\"https:\/\/www.instagram.com\/senoticias\/\" target=\"_blank\" rel=\"noopener\"><b>Instagram<\/b><\/a><\/em><\/p>\n<p>&nbsp;<\/p>\n<p><em>Informa\u00e7\u00f5es da SSP\/SE<\/em><\/p>\n","protected":false},"excerpt":{"rendered":"<p>Equipes do Departamento de Crimes contra o Patrim\u00f4nio (Depatri) efetuaram na tarde dessa quinta-feira, 19, a pris\u00e3o de Mois\u00e9s Carneiro Sacramento, mais conhecido como \u201cJoalheiro\u201d, 42 anos, em cumprimento a mandado de pris\u00e3o preventiva. Ele \u00e9 acusado de praticar diversos furtos em im\u00f3veis de luxo, subtraindo objetos de alto valor, como j\u00f3ias e dinheiro. O [&hellip;]<\/p>\n","protected":false},"author":6552,"featured_media":112408,"comment_status":"closed","ping_status":"closed","sticky":false,"template":"","format":"standard","meta":{"footnotes":""},"categories":[15,7],"tags":[9081,9518,9517,78,9516],"class_list":{"0":"post-112405","1":"post","2":"type-post","3":"status-publish","4":"format-standard","5":"has-post-thumbnail","7":"category-destaques","8":"category-policia","9":"tag-depatri","10":"tag-joalheiro","11":"tag-milagres-ba","12":"tag-policia-civil","13":"tag-thiago-leandro"},"_links":{"self":[{"href":"https:\/\/senoticias.com.br\/se\/wp-json\/wp\/v2\/posts\/112405"}],"collection":[{"href":"https:\/\/senoticias.com.br\/se\/wp-json\/wp\/v2\/posts"}],"about":[{"href":"https:\/\/senoticias.com.br\/se\/wp-json\/wp\/v2\/types\/post"}],"author":[{"embeddable":true,"href":"https:\/\/senoticias.com.br\/se\/wp-json\/wp\/v2\/users\/6552"}],"replies":[{"embeddable":true,"href":"https:\/\/senoticias.com.br\/se\/wp-json\/wp\/v2\/comments?post=112405"}],"version-history":[{"count":0,"href":"https:\/\/senoticias.com.br\/se\/wp-json\/wp\/v2\/posts\/112405\/revisions"}],"wp:featuredmedia":[{"embeddable":true,"href":"https:\/\/senoticias.com.br\/se\/wp-json\/wp\/v2\/media\/112408"}],"wp:attachment":[{"href":"https:\/\/senoticias.com.br\/se\/wp-json\/wp\/v2\/media?parent=112405"}],"wp:term":[{"taxonomy":"category","embeddable":true,"href":"https:\/\/senoticias.com.br\/se\/wp-json\/wp\/v2\/categories?post=112405"},{"taxonomy":"post_tag","embeddable":true,"href":"https:\/\/senoticias.com.br\/se\/wp-json\/wp\/v2\/tags?post=112405"}],"curies":[{"name":"wp","href":"https:\/\/api.w.org\/{rel}","templated":true}]}}