{"id":112367,"date":"2018-04-19T13:00:59","date_gmt":"2018-04-19T16:00:59","guid":{"rendered":"https:\/\/senoticias.com.br\/se\/?p=112367"},"modified":"2018-04-19T13:04:38","modified_gmt":"2018-04-19T16:04:38","slug":"justica-afasta-presidente-e-servidores-da-camara-de-vereadores","status":"publish","type":"post","link":"https:\/\/senoticias.com.br\/se\/justica-afasta-presidente-e-servidores-da-camara-de-vereadores\/","title":{"rendered":"Justi\u00e7a afasta presidente e servidores da C\u00e2mara de Vereadores"},"content":{"rendered":"<p style=\"text-align: justify;\">Atendendo aos pedidos constantes da A\u00e7\u00e3o Penal P\u00fablica ajuizada pelo Minist\u00e9rio P\u00fablico de Sergipe, por interm\u00e9dio do promotor de Justi\u00e7a Waltenberg Lima de S\u00e1, o Poder Judici\u00e1rio Sergipano aplicou medida cautelar de suspens\u00e3o de fun\u00e7\u00f5es p\u00fablicas, inclusive das respectivas remunera\u00e7\u00f5es, do presidente da C\u00e2mara Municipal de Malhada dos Bois, Jair da Silva e dos servidores da Casa, Thaionara Gomes Bezerra, Elton Gomes Bezerra, C\u00edcera de Jesus e Eliana Silva Andrade.<\/p>\n<div id=\"attachment_90194\" style=\"width: 608px\" class=\"wp-caption aligncenter\"><a href=\"https:\/\/senoticias.com.br\/se\/wp-content\/uploads\/2016\/03\/SENOTICIAS-MPESE.jpg\"><img loading=\"lazy\" decoding=\"async\" aria-describedby=\"caption-attachment-90194\" class=\"size-full wp-image-90194\" src=\"https:\/\/senoticias.com.br\/se\/wp-content\/uploads\/2016\/03\/SENOTICIAS-MPESE.jpg\" alt=\"\" width=\"598\" height=\"524\" srcset=\"https:\/\/senoticias.com.br\/se\/wp-content\/uploads\/2016\/03\/SENOTICIAS-MPESE.jpg 598w, https:\/\/senoticias.com.br\/se\/wp-content\/uploads\/2016\/03\/SENOTICIAS-MPESE-300x262.jpg 300w, https:\/\/senoticias.com.br\/se\/wp-content\/uploads\/2016\/03\/SENOTICIAS-MPESE-342x299.jpg 342w\" sizes=\"(max-width: 598px) 100vw, 598px\" \/><\/a><p id=\"caption-attachment-90194\" class=\"wp-caption-text\">A pedido do MP, Justi\u00e7a afasta presidente e servidores da C\u00e2mara de Vereadores (foto: arquivo\/SENot\u00edcias)<\/p><\/div>\n<p style=\"text-align: justify;\">De acordo com a Den\u00fancia, o presidente da C\u00e2mara, descumpriu uma Recomenda\u00e7\u00e3o Ministerial que alertava acerca do cumprimento da S\u00famula Vinculante n\u00ba13 do STF &#8211; \u201cA nomea\u00e7\u00e3o de c\u00f4njuge, companheiro ou parente em linha reta, colateral ou por afinidade, at\u00e9 o terceiro grau, inclusive, da autoridade nomeante ou de servidor da mesma pessoa jur\u00eddica investido em cargo de dire\u00e7\u00e3o, chefia ou assessoramento, para o exerc\u00edcio de cargo em comiss\u00e3o ou de confian\u00e7a ou, ainda, de fun\u00e7\u00e3o gratificada na administra\u00e7\u00e3o p\u00fablica direta e indireta em qualquer dos poderes da Uni\u00e3o, dos Estados, do Distrito Federal e dos Munic\u00edpios, compreendido o ajuste mediante designa\u00e7\u00f5es rec\u00edprocas, viola a Constitui\u00e7\u00e3o Federal\u201d.<\/p>\n<p style=\"text-align: justify;\">Em resposta \u00e0 Recomenda\u00e7\u00e3o do MP, Jair da Silva prestou informa\u00e7\u00f5es inver\u00eddicas, de acordo com o vereador malhadense, Thiago Aguiar Moura, afirmando que no Poder Legislativo Municipal n\u00e3o havia servidor ou contratado nas condi\u00e7\u00f5es apontadas pela referida Recomenda\u00e7\u00e3o. O vereador Thiago informou que o \u00d3rg\u00e3o teria em seus quadros 07 (sete) servidores, sendo 01 (um) efetivo e 06 (seis) comissionados, dentre os quais os denunciados Elton Gomes e Thaionara Gomes Bezerra, cunhado e companheira do presidente da C\u00e2mara, respectivamente.<\/p>\n<p style=\"text-align: justify;\">Al\u00e9m disso, dentre os denunciados, quatro seriam \u201cfuncion\u00e1rios fantasmas\u201d que, apesar de n\u00e3o comparecerem ao local de trabalho, de acordo com o Portal de Transpar\u00eancia da referida C\u00e2mara, teriam seus nomes constantes na rela\u00e7\u00e3o de di\u00e1rias pagas, sem a devida comprova\u00e7\u00e3o das viagens.<\/p>\n<p style=\"text-align: justify;\">O juiz de Direito Raphael Silva Reis entendeu que o presidente da C\u00e2mara uunicipal de Malhada dos Bois tentou ludibriar o MP com informa\u00e7\u00f5es inver\u00eddicas e optou pelo cumprimento da medida cautelar postulada, ante a possibilidade de continuidade da pr\u00e1tica dos atos delitivos e lesivos ao patrim\u00f4nio P\u00fablico.<\/p>\n<p style=\"text-align: justify;\">O magistrado determinou, ainda, que a vice-presidente da C\u00e2mara assuma a presid\u00eancia daquela Casa, at\u00e9 ulterior delibera\u00e7\u00e3o.<\/p>\n<p>&nbsp;<\/p>\n<p><a href=\"https:\/\/senoticias.com.br\/se\/wp-content\/uploads\/2018\/04\/Logomarca-fone-SE-4-2-1.jpg\"><img loading=\"lazy\" decoding=\"async\" class=\"aligncenter size-full wp-image-112080\" src=\"https:\/\/senoticias.com.br\/se\/wp-content\/uploads\/2018\/04\/Logomarca-fone-SE-4-2-1.jpg\" alt=\"\" width=\"599\" height=\"78\" srcset=\"https:\/\/senoticias.com.br\/se\/wp-content\/uploads\/2018\/04\/Logomarca-fone-SE-4-2-1.jpg 599w, https:\/\/senoticias.com.br\/se\/wp-content\/uploads\/2018\/04\/Logomarca-fone-SE-4-2-1-300x39.jpg 300w\" sizes=\"(max-width: 599px) 100vw, 599px\" \/><\/a><\/p>\n<p><em>Coordenadoria de Comunica\u00e7\u00e3o<\/em><br \/>\n<em> Minist\u00e9rio P\u00fablico de Sergipe<\/em><\/p>\n","protected":false},"excerpt":{"rendered":"<p>Atendendo aos pedidos constantes da A\u00e7\u00e3o Penal P\u00fablica ajuizada pelo Minist\u00e9rio P\u00fablico de Sergipe, por interm\u00e9dio do promotor de Justi\u00e7a Waltenberg Lima de S\u00e1, o Poder Judici\u00e1rio Sergipano aplicou medida cautelar de suspens\u00e3o de fun\u00e7\u00f5es p\u00fablicas, inclusive das respectivas remunera\u00e7\u00f5es, do presidente da C\u00e2mara Municipal de Malhada dos Bois, Jair da Silva e dos servidores [&hellip;]<\/p>\n","protected":false},"author":6552,"featured_media":90194,"comment_status":"closed","ping_status":"closed","sticky":false,"template":"","format":"standard","meta":{"footnotes":""},"categories":[15],"tags":[3648,9495,6321],"class_list":{"0":"post-112367","1":"post","2":"type-post","3":"status-publish","4":"format-standard","5":"has-post-thumbnail","7":"category-destaques","8":"tag-camara-de-vereadores","9":"tag-justica-afasta","10":"tag-presidente-da-camara"},"_links":{"self":[{"href":"https:\/\/senoticias.com.br\/se\/wp-json\/wp\/v2\/posts\/112367"}],"collection":[{"href":"https:\/\/senoticias.com.br\/se\/wp-json\/wp\/v2\/posts"}],"about":[{"href":"https:\/\/senoticias.com.br\/se\/wp-json\/wp\/v2\/types\/post"}],"author":[{"embeddable":true,"href":"https:\/\/senoticias.com.br\/se\/wp-json\/wp\/v2\/users\/6552"}],"replies":[{"embeddable":true,"href":"https:\/\/senoticias.com.br\/se\/wp-json\/wp\/v2\/comments?post=112367"}],"version-history":[{"count":0,"href":"https:\/\/senoticias.com.br\/se\/wp-json\/wp\/v2\/posts\/112367\/revisions"}],"wp:featuredmedia":[{"embeddable":true,"href":"https:\/\/senoticias.com.br\/se\/wp-json\/wp\/v2\/media\/90194"}],"wp:attachment":[{"href":"https:\/\/senoticias.com.br\/se\/wp-json\/wp\/v2\/media?parent=112367"}],"wp:term":[{"taxonomy":"category","embeddable":true,"href":"https:\/\/senoticias.com.br\/se\/wp-json\/wp\/v2\/categories?post=112367"},{"taxonomy":"post_tag","embeddable":true,"href":"https:\/\/senoticias.com.br\/se\/wp-json\/wp\/v2\/tags?post=112367"}],"curies":[{"name":"wp","href":"https:\/\/api.w.org\/{rel}","templated":true}]}}