{"id":112364,"date":"2018-04-18T21:02:02","date_gmt":"2018-04-19T00:02:02","guid":{"rendered":"https:\/\/senoticias.com.br\/se\/?p=112364"},"modified":"2018-04-18T21:02:02","modified_gmt":"2018-04-19T00:02:02","slug":"prefeito-de-aracaju-recebe-visita-do-ex-governador-jackson-barreto","status":"publish","type":"post","link":"https:\/\/senoticias.com.br\/se\/prefeito-de-aracaju-recebe-visita-do-ex-governador-jackson-barreto\/","title":{"rendered":"Prefeito de Aracaju recebe visita do ex-governador Jackson Barreto"},"content":{"rendered":"<p style=\"text-align: justify;\">O prefeito Edvaldo Nogueira recebeu, em seu gabinete, na tarde desta quarta-feira, 18, o ex-governador Jackson Barreto. Durante o encontro, o prefeito convidou o ex-governador para acompanh\u00e1-lo a uma s\u00e9rie de visitas a obras que a gest\u00e3o municipal realiza em Aracaju.<\/p>\n<div id=\"attachment_112365\" style=\"width: 609px\" class=\"wp-caption aligncenter\"><a href=\"https:\/\/senoticias.com.br\/se\/wp-content\/uploads\/2018\/04\/dsc_6568.jpg\"><img loading=\"lazy\" decoding=\"async\" aria-describedby=\"caption-attachment-112365\" class=\"size-full wp-image-112365\" src=\"https:\/\/senoticias.com.br\/se\/wp-content\/uploads\/2018\/04\/dsc_6568-e1524095973550.jpg\" alt=\"\" width=\"599\" height=\"400\" \/><\/a><p id=\"caption-attachment-112365\" class=\"wp-caption-text\">Edvaldo recebe visita do ex-governador Jackson Barreto (foto: Marco Vieira\/AAN)<\/p><\/div>\n<p style=\"text-align: justify;\">\u201cFoi uma visita do amigo e aliado Jackson Barreto. Conversamos sobre a cidade, expus os projetos que temos desenvolvido e aproveitei a oportunidade para convid\u00e1-lo a visitar obras que estamos realizando em Aracaju. Ele aceitou e nos pr\u00f3ximos dias iremos inspecionar o andamento das a\u00e7\u00f5es de infraestrutura e urbaniza\u00e7\u00e3o que temos desenvolvido na cidade\u201d, afirmou o prefeito.<\/p>\n<p style=\"text-align: justify;\">O ex-governador aceitou o convite e se disse muito satisfeito com a gest\u00e3o de Edvaldo Nogueira. \u201cAs obras que Edvaldo tem realizado em Aracaju me encantam, pois demonstram o compromisso social dele, sobretudo com a periferia. Estarei, ao lado do prefeito, visitando cada uma dessas a\u00e7\u00f5es, que atestam o sucesso da gest\u00e3o\u201d, destacou Jackson.<\/p>\n<p>&nbsp;<\/p>\n<p><a href=\"https:\/\/senoticias.com.br\/se\/wp-content\/uploads\/2018\/04\/Logomarca-fone-SE-4-2-1.jpg\"><img loading=\"lazy\" decoding=\"async\" class=\"aligncenter size-full wp-image-112080\" src=\"https:\/\/senoticias.com.br\/se\/wp-content\/uploads\/2018\/04\/Logomarca-fone-SE-4-2-1.jpg\" alt=\"\" width=\"599\" height=\"78\" srcset=\"https:\/\/senoticias.com.br\/se\/wp-content\/uploads\/2018\/04\/Logomarca-fone-SE-4-2-1.jpg 599w, https:\/\/senoticias.com.br\/se\/wp-content\/uploads\/2018\/04\/Logomarca-fone-SE-4-2-1-300x39.jpg 300w\" sizes=\"(max-width: 599px) 100vw, 599px\" \/><\/a><\/p>\n<p>&nbsp;<\/p>\n<p><em><strong>Acompanhe tamb\u00e9m o SE Not\u00edcias no<\/strong><span class=\"apple-converted-space\"><b>\u00a0<\/b><\/span><a href=\"https:\/\/twitter.com\/Senoticias\" target=\"_blank\" rel=\"noopener\"><b>Twitter<\/b><\/a><strong>,<\/strong><span class=\"apple-converted-space\"><b>\u00a0<\/b><\/span><a href=\"https:\/\/www.facebook.com\/senoticias1\" target=\"_blank\" rel=\"noopener\"><b>Facebook<\/b><span class=\"apple-converted-space\"><b>\u00a0<\/b><\/span><\/a><strong>e no<\/strong><span class=\"apple-converted-space\"><b>\u00a0<\/b><\/span><a href=\"https:\/\/www.instagram.com\/senoticias\/\" target=\"_blank\" rel=\"noopener\"><b>Instagram<\/b><\/a><\/em><\/p>\n<p>&nbsp;<\/p>\n<p><em>Por Ag\u00eancia Aracaju de Not\u00edcias<\/em><\/p>\n","protected":false},"excerpt":{"rendered":"<p>O prefeito Edvaldo Nogueira recebeu, em seu gabinete, na tarde desta quarta-feira, 18, o ex-governador Jackson Barreto. Durante o encontro, o prefeito convidou o ex-governador para acompanh\u00e1-lo a uma s\u00e9rie de visitas a obras que a gest\u00e3o municipal realiza em Aracaju. \u201cFoi uma visita do amigo e aliado Jackson Barreto. Conversamos sobre a cidade, expus [&hellip;]<\/p>\n","protected":false},"author":6552,"featured_media":112365,"comment_status":"closed","ping_status":"closed","sticky":false,"template":"","format":"standard","meta":{"footnotes":""},"categories":[6],"tags":[698,114,1565],"class_list":{"0":"post-112364","1":"post","2":"type-post","3":"status-publish","4":"format-standard","5":"has-post-thumbnail","7":"category-politica","8":"tag-edvaldo-nogueira","9":"tag-jackson-barreto","10":"tag-prefeito-de-aracaju"},"_links":{"self":[{"href":"https:\/\/senoticias.com.br\/se\/wp-json\/wp\/v2\/posts\/112364"}],"collection":[{"href":"https:\/\/senoticias.com.br\/se\/wp-json\/wp\/v2\/posts"}],"about":[{"href":"https:\/\/senoticias.com.br\/se\/wp-json\/wp\/v2\/types\/post"}],"author":[{"embeddable":true,"href":"https:\/\/senoticias.com.br\/se\/wp-json\/wp\/v2\/users\/6552"}],"replies":[{"embeddable":true,"href":"https:\/\/senoticias.com.br\/se\/wp-json\/wp\/v2\/comments?post=112364"}],"version-history":[{"count":0,"href":"https:\/\/senoticias.com.br\/se\/wp-json\/wp\/v2\/posts\/112364\/revisions"}],"wp:featuredmedia":[{"embeddable":true,"href":"https:\/\/senoticias.com.br\/se\/wp-json\/wp\/v2\/media\/112365"}],"wp:attachment":[{"href":"https:\/\/senoticias.com.br\/se\/wp-json\/wp\/v2\/media?parent=112364"}],"wp:term":[{"taxonomy":"category","embeddable":true,"href":"https:\/\/senoticias.com.br\/se\/wp-json\/wp\/v2\/categories?post=112364"},{"taxonomy":"post_tag","embeddable":true,"href":"https:\/\/senoticias.com.br\/se\/wp-json\/wp\/v2\/tags?post=112364"}],"curies":[{"name":"wp","href":"https:\/\/api.w.org\/{rel}","templated":true}]}}