{"id":112359,"date":"2018-04-18T19:26:06","date_gmt":"2018-04-18T22:26:06","guid":{"rendered":"https:\/\/senoticias.com.br\/se\/?p=112359"},"modified":"2018-04-18T19:26:06","modified_gmt":"2018-04-18T22:26:06","slug":"washington-coracao-valente-e-o-novo-tecnico-do-itabaiana","status":"publish","type":"post","link":"https:\/\/senoticias.com.br\/se\/washington-coracao-valente-e-o-novo-tecnico-do-itabaiana\/","title":{"rendered":"Washington &#8216;Cora\u00e7\u00e3o Valente&#8217; \u00e9 o novo t\u00e9cnico do Itabaiana"},"content":{"rendered":"<p style=\"text-align: justify\">No in\u00edcio da noite desta ter\u00e7a-feira (17), a Diretoria do Itabaiana anunciou a chegada do ex-jogador Washington, conhecido como \u201cCora\u00e7\u00e3o Valente\u201d ap\u00f3s ter feito uma cirurgia no cora\u00e7\u00e3o e voltado aos campos ainda quando era artilheiro do Fluminense do Rio de Janeiro.<\/p>\n<div id=\"attachment_112360\" style=\"width: 590px\" class=\"wp-caption aligncenter\"><a href=\"https:\/\/senoticias.com.br\/se\/wp-content\/uploads\/2018\/04\/1997620688-novo-tecnico-do-itabaiana-e1524090322866.jpeg\"><img loading=\"lazy\" decoding=\"async\" aria-describedby=\"caption-attachment-112360\" class=\"size-full wp-image-112360\" src=\"https:\/\/senoticias.com.br\/se\/wp-content\/uploads\/2018\/04\/1997620688-novo-tecnico-do-itabaiana-e1524090322866.jpeg\" alt=\"\" width=\"580\" height=\"652\" \/><\/a><p id=\"caption-attachment-112360\" class=\"wp-caption-text\">Foto: Arquivo pessoal de F\u00e1bio Teles<\/p><\/div>\n<p style=\"text-align: justify\">Ap\u00f3s a sa\u00edda de Leandro Campos na \u00faltima segunda-feira (16), Washington foi apresentado oficialmente na tarde desta ter\u00e7a, no est\u00e1dio Etelvino Mendon\u00e7a em Itabaiana. O treinador tem 43 anos e veio morar em Aracaju no ano passado, estreou na carreira como treinador no Vit\u00f3ria da Conquista-BA e agora assume o tricolor da serra. A estreia acontecer\u00e1 no domingo (22( \u00e0s 16 h na cidade de Boca da Mata-AL contra o Santa Rita pela primeira rodada da s\u00e9rie &#8220;D&#8221; do campeonato brasileiro.<\/p>\n<p style=\"text-align: justify\">Do A8 SE.<\/p>\n<p><strong>Acompanhe tamb\u00e9m o SE Not\u00edcias no<\/strong><strong>\u00a0<\/strong><a href=\"https:\/\/twitter.com\/Senoticias\"><strong>Twitter<\/strong><\/a><strong>,<\/strong><strong>\u00a0<\/strong><a href=\"https:\/\/www.facebook.com\/senoticias1\"><strong>Facebook<\/strong><strong>\u00a0<\/strong><\/a><strong>e no<\/strong><strong>\u00a0<\/strong><a href=\"https:\/\/www.instagram.com\/senoticias\/\"><strong>Instagram<\/strong><\/a><strong>.<\/strong><\/p>\n<p><a href=\"https:\/\/senoticias.com.br\/se\/wp-content\/uploads\/2018\/04\/Logomarca-fone-SE-4-2-1.jpg\"><img loading=\"lazy\" decoding=\"async\" class=\"aligncenter size-full wp-image-112080\" src=\"https:\/\/senoticias.com.br\/se\/wp-content\/uploads\/2018\/04\/Logomarca-fone-SE-4-2-1.jpg\" alt=\"\" width=\"599\" height=\"78\" srcset=\"https:\/\/senoticias.com.br\/se\/wp-content\/uploads\/2018\/04\/Logomarca-fone-SE-4-2-1.jpg 599w, https:\/\/senoticias.com.br\/se\/wp-content\/uploads\/2018\/04\/Logomarca-fone-SE-4-2-1-300x39.jpg 300w\" sizes=\"(max-width: 599px) 100vw, 599px\" \/><\/a><\/p>\n","protected":false},"excerpt":{"rendered":"<p>No in\u00edcio da noite desta ter\u00e7a-feira (17), a Diretoria do Itabaiana anunciou a chegada do ex-jogador Washington, conhecido como \u201cCora\u00e7\u00e3o Valente\u201d ap\u00f3s ter feito uma cirurgia no cora\u00e7\u00e3o e voltado aos campos ainda quando era artilheiro do Fluminense do Rio de Janeiro. Ap\u00f3s a sa\u00edda de Leandro Campos na \u00faltima segunda-feira (16), Washington foi apresentado [&hellip;]<\/p>\n","protected":false},"author":6554,"featured_media":112360,"comment_status":"closed","ping_status":"closed","sticky":false,"template":"","format":"standard","meta":{"footnotes":""},"categories":[26],"tags":[],"class_list":{"0":"post-112359","1":"post","2":"type-post","3":"status-publish","4":"format-standard","5":"has-post-thumbnail","7":"category-esportes"},"_links":{"self":[{"href":"https:\/\/senoticias.com.br\/se\/wp-json\/wp\/v2\/posts\/112359"}],"collection":[{"href":"https:\/\/senoticias.com.br\/se\/wp-json\/wp\/v2\/posts"}],"about":[{"href":"https:\/\/senoticias.com.br\/se\/wp-json\/wp\/v2\/types\/post"}],"author":[{"embeddable":true,"href":"https:\/\/senoticias.com.br\/se\/wp-json\/wp\/v2\/users\/6554"}],"replies":[{"embeddable":true,"href":"https:\/\/senoticias.com.br\/se\/wp-json\/wp\/v2\/comments?post=112359"}],"version-history":[{"count":0,"href":"https:\/\/senoticias.com.br\/se\/wp-json\/wp\/v2\/posts\/112359\/revisions"}],"wp:featuredmedia":[{"embeddable":true,"href":"https:\/\/senoticias.com.br\/se\/wp-json\/wp\/v2\/media\/112360"}],"wp:attachment":[{"href":"https:\/\/senoticias.com.br\/se\/wp-json\/wp\/v2\/media?parent=112359"}],"wp:term":[{"taxonomy":"category","embeddable":true,"href":"https:\/\/senoticias.com.br\/se\/wp-json\/wp\/v2\/categories?post=112359"},{"taxonomy":"post_tag","embeddable":true,"href":"https:\/\/senoticias.com.br\/se\/wp-json\/wp\/v2\/tags?post=112359"}],"curies":[{"name":"wp","href":"https:\/\/api.w.org\/{rel}","templated":true}]}}