{"id":112357,"date":"2018-04-18T19:17:14","date_gmt":"2018-04-18T22:17:14","guid":{"rendered":"https:\/\/senoticias.com.br\/se\/?p=112357"},"modified":"2018-04-18T19:17:14","modified_gmt":"2018-04-18T22:17:14","slug":"cinco-homens-sao-presos-suspeitos-de-envolvimento-em-varios-crimes-em-sergipe","status":"publish","type":"post","link":"https:\/\/senoticias.com.br\/se\/cinco-homens-sao-presos-suspeitos-de-envolvimento-em-varios-crimes-em-sergipe\/","title":{"rendered":"Cinco homens s\u00e3o presos suspeitos de envolvimento em v\u00e1rios crimes em Sergipe"},"content":{"rendered":"<p style=\"text-align: justify\">No in\u00edcio da tarde desta quarta-feira (18), cinco homens foram presos em um galp\u00e3o no Conjunto Jardim, em Nossa Senhora do Socorro (SE).<\/p>\n<div id=\"attachment_112358\" style=\"width: 590px\" class=\"wp-caption aligncenter\"><a href=\"https:\/\/senoticias.com.br\/se\/wp-content\/uploads\/2018\/04\/material-apreendido-com-suspeitos-em-nossa-senhora-do-socorro-se-1-e1524089731120.jpg\"><img loading=\"lazy\" decoding=\"async\" aria-describedby=\"caption-attachment-112358\" class=\"size-full wp-image-112358\" src=\"https:\/\/senoticias.com.br\/se\/wp-content\/uploads\/2018\/04\/material-apreendido-com-suspeitos-em-nossa-senhora-do-socorro-se-1-e1524089731120.jpg\" alt=\"\" width=\"580\" height=\"363\" \/><\/a><p id=\"caption-attachment-112358\" class=\"wp-caption-text\">Material apreendido com suspeitos em Nossa Senhora do Socorro (SE) (Foto: Pol\u00edcia Civil)<\/p><\/div>\n<p style=\"text-align: justify\">Segundo a pol\u00edcia, eles s\u00e3o suspeitos de envolvimento em v\u00e1rios crimes em Sergipe. Com o grupo foi apreendido dinheiro, drogas, muni\u00e7\u00f5es e armas de diversos calibres.<\/p>\n<p style=\"text-align: justify\">Ainda de acordo com a pol\u00edcia, eles teriam a participa\u00e7\u00e3o na morte de um serralheiro, no dia 16 de fevreiro deste ano, em Aracaju, e de um cliente de um sal\u00e3o de beleza em Nossa Senhora do Socorro, no \u00faltimo dia 07. Um jovem que trabalhava no sal\u00e3o tamb\u00e9m foi atingido pelos disparos e acabou morrendo, nesta ter\u00e7a-feira (17), no Hospital de Urg\u00eancia de Sergipe (Huse), em Aracaju.<\/p>\n<p style=\"text-align: justify\">A Secretaria de Seguran\u00e7a P\u00fablica de Sergipe (SSP\/SE) informou que coletiva ser\u00e1 realizada nesta quinta-feira (19) para detalhar a pris\u00e3o e os crimes relacionados ao grupo.<\/p>\n<p style=\"text-align: justify\">\nDo G1 SE.<\/p>\n<p><strong>Acompanhe tamb\u00e9m o SE Not\u00edcias no<\/strong><strong>\u00a0<\/strong><a href=\"https:\/\/twitter.com\/Senoticias\"><strong>Twitter<\/strong><\/a><strong>,<\/strong><strong>\u00a0<\/strong><a href=\"https:\/\/www.facebook.com\/senoticias1\"><strong>Facebook<\/strong><strong>\u00a0<\/strong><\/a><strong>e no<\/strong><strong>\u00a0<\/strong><a href=\"https:\/\/www.instagram.com\/senoticias\/\"><strong>Instagram<\/strong><\/a><strong>.<\/strong><\/p>\n<p><a href=\"https:\/\/senoticias.com.br\/se\/wp-content\/uploads\/2018\/04\/Logomarca-fone-SE-4-2-1.jpg\"><img loading=\"lazy\" decoding=\"async\" class=\"aligncenter size-full wp-image-112080\" src=\"https:\/\/senoticias.com.br\/se\/wp-content\/uploads\/2018\/04\/Logomarca-fone-SE-4-2-1.jpg\" alt=\"\" width=\"599\" height=\"78\" srcset=\"https:\/\/senoticias.com.br\/se\/wp-content\/uploads\/2018\/04\/Logomarca-fone-SE-4-2-1.jpg 599w, https:\/\/senoticias.com.br\/se\/wp-content\/uploads\/2018\/04\/Logomarca-fone-SE-4-2-1-300x39.jpg 300w\" sizes=\"(max-width: 599px) 100vw, 599px\" \/><\/a><\/p>\n","protected":false},"excerpt":{"rendered":"<p>No in\u00edcio da tarde desta quarta-feira (18), cinco homens foram presos em um galp\u00e3o no Conjunto Jardim, em Nossa Senhora do Socorro (SE). Segundo a pol\u00edcia, eles s\u00e3o suspeitos de envolvimento em v\u00e1rios crimes em Sergipe. Com o grupo foi apreendido dinheiro, drogas, muni\u00e7\u00f5es e armas de diversos calibres. Ainda de acordo com a pol\u00edcia, [&hellip;]<\/p>\n","protected":false},"author":6554,"featured_media":112358,"comment_status":"closed","ping_status":"closed","sticky":false,"template":"","format":"standard","meta":{"footnotes":""},"categories":[7],"tags":[9493],"class_list":{"0":"post-112357","1":"post","2":"type-post","3":"status-publish","4":"format-standard","5":"has-post-thumbnail","7":"category-policia","8":"tag-cinco-homens-sao-presos-suspeitos-de-envolvimento-em-varios-crimes-em-sergipe"},"_links":{"self":[{"href":"https:\/\/senoticias.com.br\/se\/wp-json\/wp\/v2\/posts\/112357"}],"collection":[{"href":"https:\/\/senoticias.com.br\/se\/wp-json\/wp\/v2\/posts"}],"about":[{"href":"https:\/\/senoticias.com.br\/se\/wp-json\/wp\/v2\/types\/post"}],"author":[{"embeddable":true,"href":"https:\/\/senoticias.com.br\/se\/wp-json\/wp\/v2\/users\/6554"}],"replies":[{"embeddable":true,"href":"https:\/\/senoticias.com.br\/se\/wp-json\/wp\/v2\/comments?post=112357"}],"version-history":[{"count":0,"href":"https:\/\/senoticias.com.br\/se\/wp-json\/wp\/v2\/posts\/112357\/revisions"}],"wp:featuredmedia":[{"embeddable":true,"href":"https:\/\/senoticias.com.br\/se\/wp-json\/wp\/v2\/media\/112358"}],"wp:attachment":[{"href":"https:\/\/senoticias.com.br\/se\/wp-json\/wp\/v2\/media?parent=112357"}],"wp:term":[{"taxonomy":"category","embeddable":true,"href":"https:\/\/senoticias.com.br\/se\/wp-json\/wp\/v2\/categories?post=112357"},{"taxonomy":"post_tag","embeddable":true,"href":"https:\/\/senoticias.com.br\/se\/wp-json\/wp\/v2\/tags?post=112357"}],"curies":[{"name":"wp","href":"https:\/\/api.w.org\/{rel}","templated":true}]}}