{"id":112355,"date":"2018-04-18T19:08:08","date_gmt":"2018-04-18T22:08:08","guid":{"rendered":"https:\/\/senoticias.com.br\/se\/?p=112355"},"modified":"2018-04-18T19:08:08","modified_gmt":"2018-04-18T22:08:08","slug":"policia-divulga-fotos-do-veiculo-usado-na-morte-do-capitao-oliveira","status":"publish","type":"post","link":"https:\/\/senoticias.com.br\/se\/policia-divulga-fotos-do-veiculo-usado-na-morte-do-capitao-oliveira\/","title":{"rendered":"Pol\u00edcia divulga fotos do ve\u00edculo usado na morte do capit\u00e3o Oliveira"},"content":{"rendered":"<p style=\"text-align: justify\">Nesta quarta-feira (18), a Pol\u00edcia Civil de Sergipe divulgou fotos de um dos carros utilizados na morte do capital Manoel Oliveira, executado no dia 4 de abril dentro de em uma estrada do munic\u00edpio de Porto da Folha (SE), Alto Sert\u00e3o do Estado.<\/p>\n<div id=\"attachment_112356\" style=\"width: 590px\" class=\"wp-caption aligncenter\"><a href=\"https:\/\/senoticias.com.br\/se\/wp-content\/uploads\/2018\/04\/carro-usado-no-crime-do-capitao-oliveira-e1524089241326.jpg\"><img loading=\"lazy\" decoding=\"async\" aria-describedby=\"caption-attachment-112356\" class=\"size-full wp-image-112356\" src=\"https:\/\/senoticias.com.br\/se\/wp-content\/uploads\/2018\/04\/carro-usado-no-crime-do-capitao-oliveira-e1524089241326.jpg\" alt=\"\" width=\"580\" height=\"363\" \/><\/a><p id=\"caption-attachment-112356\" class=\"wp-caption-text\">carro usado no crime do capit\u00e3o Oliveira (Foto: SSP\/SE)<\/p><\/div>\n<p style=\"text-align: justify\">De acordo com a Secretaria de Seguran\u00e7a P\u00fablica, o ve\u00edculo prata foi roubado no m\u00eas de novembro na cidade de Carira (SE) e na \u00e9poca estava com uma ruptura no paralama dianteiro.<\/p>\n<p style=\"text-align: justify\">Os investigadores do Complexo de Opera\u00e7\u00f5es Policiais Especiais (Cope) n\u00e3o t\u00eam d\u00favida que este foi o ve\u00edculo queimado momentos depois do assassinato. Ainda segundo a pol\u00edcia, os criminosos fugiram em outro ve\u00edculo Corolla.<\/p>\n<p style=\"text-align: justify\">Quem tiver alguma informa\u00e7\u00e3o sobre o caso pode ligar para o n\u00famero 181. A identidade vai ser mantida em sigilo.<\/p>\n<p style=\"text-align: justify\">Do G1 SE.<\/p>\n<p><strong>Acompanhe tamb\u00e9m o SE Not\u00edcias no<\/strong><strong>\u00a0<\/strong><a href=\"https:\/\/twitter.com\/Senoticias\"><strong>Twitter<\/strong><\/a><strong>,<\/strong><strong>\u00a0<\/strong><a href=\"https:\/\/www.facebook.com\/senoticias1\"><strong>Facebook<\/strong><strong>\u00a0<\/strong><\/a><strong>e no<\/strong><strong>\u00a0<\/strong><a href=\"https:\/\/www.instagram.com\/senoticias\/\"><strong>Instagram<\/strong><\/a><strong>.<\/strong><\/p>\n<p><a href=\"https:\/\/senoticias.com.br\/se\/wp-content\/uploads\/2018\/04\/Logomarca-fone-SE-4-2-1.jpg\"><img loading=\"lazy\" decoding=\"async\" class=\"aligncenter size-full wp-image-112080\" src=\"https:\/\/senoticias.com.br\/se\/wp-content\/uploads\/2018\/04\/Logomarca-fone-SE-4-2-1.jpg\" alt=\"\" width=\"599\" height=\"78\" srcset=\"https:\/\/senoticias.com.br\/se\/wp-content\/uploads\/2018\/04\/Logomarca-fone-SE-4-2-1.jpg 599w, https:\/\/senoticias.com.br\/se\/wp-content\/uploads\/2018\/04\/Logomarca-fone-SE-4-2-1-300x39.jpg 300w\" sizes=\"(max-width: 599px) 100vw, 599px\" \/><\/a><\/p>\n","protected":false},"excerpt":{"rendered":"<p>Nesta quarta-feira (18), a Pol\u00edcia Civil de Sergipe divulgou fotos de um dos carros utilizados na morte do capital Manoel Oliveira, executado no dia 4 de abril dentro de em uma estrada do munic\u00edpio de Porto da Folha (SE), Alto Sert\u00e3o do Estado. De acordo com a Secretaria de Seguran\u00e7a P\u00fablica, o ve\u00edculo prata foi [&hellip;]<\/p>\n","protected":false},"author":6554,"featured_media":112356,"comment_status":"closed","ping_status":"closed","sticky":false,"template":"","format":"standard","meta":{"footnotes":""},"categories":[7],"tags":[9492],"class_list":{"0":"post-112355","1":"post","2":"type-post","3":"status-publish","4":"format-standard","5":"has-post-thumbnail","7":"category-policia","8":"tag-policia-divulga-fotos-do-veiculo-usado-na-morte-do-capitao-oliveira"},"_links":{"self":[{"href":"https:\/\/senoticias.com.br\/se\/wp-json\/wp\/v2\/posts\/112355"}],"collection":[{"href":"https:\/\/senoticias.com.br\/se\/wp-json\/wp\/v2\/posts"}],"about":[{"href":"https:\/\/senoticias.com.br\/se\/wp-json\/wp\/v2\/types\/post"}],"author":[{"embeddable":true,"href":"https:\/\/senoticias.com.br\/se\/wp-json\/wp\/v2\/users\/6554"}],"replies":[{"embeddable":true,"href":"https:\/\/senoticias.com.br\/se\/wp-json\/wp\/v2\/comments?post=112355"}],"version-history":[{"count":0,"href":"https:\/\/senoticias.com.br\/se\/wp-json\/wp\/v2\/posts\/112355\/revisions"}],"wp:featuredmedia":[{"embeddable":true,"href":"https:\/\/senoticias.com.br\/se\/wp-json\/wp\/v2\/media\/112356"}],"wp:attachment":[{"href":"https:\/\/senoticias.com.br\/se\/wp-json\/wp\/v2\/media?parent=112355"}],"wp:term":[{"taxonomy":"category","embeddable":true,"href":"https:\/\/senoticias.com.br\/se\/wp-json\/wp\/v2\/categories?post=112355"},{"taxonomy":"post_tag","embeddable":true,"href":"https:\/\/senoticias.com.br\/se\/wp-json\/wp\/v2\/tags?post=112355"}],"curies":[{"name":"wp","href":"https:\/\/api.w.org\/{rel}","templated":true}]}}